{"id":22919,"date":"2020-01-12T12:30:27","date_gmt":"2020-01-12T15:30:27","guid":{"rendered":"http:\/\/blogdomarcellopatriota.com.br\/blog\/?p=22919"},"modified":"2020-01-11T12:31:09","modified_gmt":"2020-01-11T15:31:09","slug":"psb-e-a-noiva-mais-desejada-da-politica-de-tabira","status":"publish","type":"post","link":"https:\/\/blogdomarcellopatriota.com.br\/blog\/psb-e-a-noiva-mais-desejada-da-politica-de-tabira\/","title":{"rendered":"PSB \u00e9 a noiva mais desejada da pol\u00edtica de Tabira"},"content":{"rendered":"<p><em><a href=\"https:\/\/i0.wp.com\/nilljunior.com.br\/wp-content\/uploads\/2020\/01\/Politicos-tabira.jpg\"><img fetchpriority=\"high\" decoding=\"async\" class=\"alignleft wp-image-166531\" src=\"https:\/\/i0.wp.com\/nilljunior.com.br\/wp-content\/uploads\/2020\/01\/Politicos-tabira.jpg?resize=400%2C262\" sizes=\"(max-width: 400px) 100vw, 400px\" srcset=\"https:\/\/i0.wp.com\/nilljunior.com.br\/wp-content\/uploads\/2020\/01\/Politicos-tabira.jpg?resize=600%2C393 600w, https:\/\/i0.wp.com\/nilljunior.com.br\/wp-content\/uploads\/2020\/01\/Politicos-tabira.jpg?resize=300%2C197 300w, https:\/\/i0.wp.com\/nilljunior.com.br\/wp-content\/uploads\/2020\/01\/Politicos-tabira.jpg?resize=768%2C503 768w, https:\/\/i0.wp.com\/nilljunior.com.br\/wp-content\/uploads\/2020\/01\/Politicos-tabira.jpg?w=992 992w\" alt=\"\" width=\"400\" height=\"262\" data-attachment-id=\"166531\" data-permalink=\"http:\/\/nilljunior.com.br\/psb-e-a-noiva-mais-desejada-da-politica-de-tabira\/politicos-tabira\/\" data-orig-file=\"https:\/\/i0.wp.com\/nilljunior.com.br\/wp-content\/uploads\/2020\/01\/Politicos-tabira.jpg?fit=992%2C650\" data-orig-size=\"992,650\" data-comments-opened=\"1\" data-image-meta=\"{&quot;aperture&quot;:&quot;0&quot;,&quot;credit&quot;:&quot;&quot;,&quot;camera&quot;:&quot;&quot;,&quot;caption&quot;:&quot;&quot;,&quot;created_timestamp&quot;:&quot;0&quot;,&quot;copyright&quot;:&quot;&quot;,&quot;focal_length&quot;:&quot;0&quot;,&quot;iso&quot;:&quot;0&quot;,&quot;shutter_speed&quot;:&quot;0&quot;,&quot;title&quot;:&quot;&quot;,&quot;orientation&quot;:&quot;0&quot;}\" data-image-title=\"Politicos-tabira\" data-image-description=\"\" data-medium-file=\"https:\/\/i0.wp.com\/nilljunior.com.br\/wp-content\/uploads\/2020\/01\/Politicos-tabira.jpg?fit=300%2C197\" data-large-file=\"https:\/\/i0.wp.com\/nilljunior.com.br\/wp-content\/uploads\/2020\/01\/Politicos-tabira.jpg?fit=600%2C393\" \/><\/a><strong>Por Anchieta Santos<\/strong><\/em><\/p>\n<p>Enquanto a campanha eleitoral n\u00e3o chega para alterar o panorama pol\u00edtico, o PSB \u2013 Partido Socialista Brasileiro, \u00e9 no momento a noiva mais desejada da pol\u00edtica tabirense. O mais interessante \u00e9 que lideran\u00e7as de perfis diferentes est\u00e3o trabalhando para ingressar no partido do Governador Paulo C\u00e2mara.<\/p>\n<p>Se na elei\u00e7\u00e3o passada o PSB disputou a prefeitura em faixa pr\u00f3pria com Z\u00e9 de Bira enfrentando o Prefeito Sebasti\u00e3o Dias (PTB) e Nicinha de Dinca (MDB), no pleito de 2020 os advers\u00e1rios daquele momento querem ser os protagonistas.<\/p>\n<p>Por ser aliado do Governador, o ex-prefeito Dinca Brandino (MDB) se acha no direito de ter a legenda e j\u00e1 revelou em entrevista \u00e0 R\u00e1dio Cidade FM ter recebido a promessa do pr\u00f3prio chefe do governo. Entre as lideran\u00e7as do PSB na regi\u00e3o ningu\u00e9m acredita que Dinca obtenha sucesso.<\/p>\n<p>Nos \u00faltimos dias O vice-prefeito Jos\u00e9 Amaral, a ex-vice-prefeita Genedy Brito e a atual Presidente da C\u00e2mara Nely Sampaio, mantiveram contatos com o PSB com objetivo de assumir o comando da legenda na Cidade das Tradi\u00e7\u00f5es.<\/p>\n<p>O deputado petista Carlos Veras tem interesse de escalar algu\u00e9m ligado a ele no comando do partido e por \u00faltimo, em not\u00edcia publicada pelo R\u00e1dio Vivo o Prefeito Sebasti\u00e3o Dias \u00e9 o novo interessado na noiva t\u00e3o almejada.<\/p>\n<p>O Presidente do PSB de Tabira Pipi da Verdura tenta administrar os interesses sem desligar da vontade da dire\u00e7\u00e3o estadual que dar\u00e1 a palavra final. Hoje o PSB de Tabira tem os vereadores Marcos Crente e Claudic\u00e9ia Rocha.<\/p>\n","protected":false},"excerpt":{"rendered":"<p>Por Anchieta Santos Enquanto a campanha eleitoral n&atilde;o chega para alterar o panorama pol&iacute;tico, o PSB &ndash; Partido Socialista Brasileiro, &eacute; no momento a noiva mais desejada da pol&iacute;tica tabirense. O mais interessante &eacute; que lideran&ccedil;as de perfis diferentes est&atilde;o trabalhando para ingressar no partido do Governador Paulo C&acirc;mara. Se na elei&ccedil;&atilde;o passada o PSB &#8230; <a title=\"PSB \u00e9 a noiva mais desejada da pol\u00edtica de Tabira\" class=\"read-more\" href=\"https:\/\/blogdomarcellopatriota.com.br\/blog\/psb-e-a-noiva-mais-desejada-da-politica-de-tabira\/\" aria-label=\"Read more about PSB \u00e9 a noiva mais desejada da pol\u00edtica de Tabira\">Ler mais<\/a><\/p>\n","protected":false},"author":2,"featured_media":0,"comment_status":"open","ping_status":"open","sticky":false,"template":"","format":"standard","meta":{"footnotes":""},"categories":[1],"tags":[],"class_list":["post-22919","post","type-post","status-publish","format-standard","hentry","category-sem-categoria"],"_links":{"self":[{"href":"https:\/\/blogdomarcellopatriota.com.br\/blog\/wp-json\/wp\/v2\/posts\/22919","targetHints":{"allow":["GET"]}}],"collection":[{"href":"https:\/\/blogdomarcellopatriota.com.br\/blog\/wp-json\/wp\/v2\/posts"}],"about":[{"href":"https:\/\/blogdomarcellopatriota.com.br\/blog\/wp-json\/wp\/v2\/types\/post"}],"author":[{"embeddable":true,"href":"https:\/\/blogdomarcellopatriota.com.br\/blog\/wp-json\/wp\/v2\/users\/2"}],"replies":[{"embeddable":true,"href":"https:\/\/blogdomarcellopatriota.com.br\/blog\/wp-json\/wp\/v2\/comments?post=22919"}],"version-history":[{"count":1,"href":"https:\/\/blogdomarcellopatriota.com.br\/blog\/wp-json\/wp\/v2\/posts\/22919\/revisions"}],"predecessor-version":[{"id":22920,"href":"https:\/\/blogdomarcellopatriota.com.br\/blog\/wp-json\/wp\/v2\/posts\/22919\/revisions\/22920"}],"wp:attachment":[{"href":"https:\/\/blogdomarcellopatriota.com.br\/blog\/wp-json\/wp\/v2\/media?parent=22919"}],"wp:term":[{"taxonomy":"category","embeddable":true,"href":"https:\/\/blogdomarcellopatriota.com.br\/blog\/wp-json\/wp\/v2\/categories?post=22919"},{"taxonomy":"post_tag","embeddable":true,"href":"https:\/\/blogdomarcellopatriota.com.br\/blog\/wp-json\/wp\/v2\/tags?post=22919"}],"curies":[{"name":"wp","href":"https:\/\/api.w.org\/{rel}","templated":true}]}}