{"id":22934,"date":"2020-01-13T06:27:25","date_gmt":"2020-01-13T09:27:25","guid":{"rendered":"http:\/\/blogdomarcellopatriota.com.br\/blog\/?p=22934"},"modified":"2020-01-14T07:49:34","modified_gmt":"2020-01-14T10:49:34","slug":"sjegito-padre-adenildo-e-recebido-pela-paroquia-sao-jose","status":"publish","type":"post","link":"https:\/\/blogdomarcellopatriota.com.br\/blog\/sjegito-padre-adenildo-e-recebido-pela-paroquia-sao-jose\/","title":{"rendered":"SJEGITO \\ Padre Adenildo  recebeu a Ordena\u00e7\u00e3o Presbiteral na Par\u00f3quia S\u00e3o Jos\u00e9"},"content":{"rendered":"<figure style=\"width: 649px\" class=\"wp-caption aligncenter\"><img fetchpriority=\"high\" decoding=\"async\" src=\"https:\/\/scontent.ffor9-1.fna.fbcdn.net\/v\/t1.0-9\/s960x960\/82689545_4046544242038017_1271650738723880960_o.jpg?_nc_cat=106&amp;_nc_oc=AQl_ZnUtJUnCpXA-hVc_S-obSHHelTMGSi-u5F1U5KjREWLmX7OUKoHp9YZB5QPScpU&amp;_nc_pt=1&amp;_nc_ht=scontent.ffor9-1.fna&amp;_nc_tp=1&amp;oh=edb5fdf6d8647a864e9de874b1cb8ad3&amp;oe=5ED7021B\" alt=\"A imagem pode conter: 2 pessoas, pessoas em p\u00e9 e \u00e1rea interna\" width=\"659\" height=\"439\" \/><figcaption class=\"wp-caption-text\">(Dom Egidio Bisol estava comemorando 10 anos de Ordena\u00e7\u00e3o Episcopal)<\/figcaption><\/figure>\n<p><img decoding=\"async\" class=\"alignleft\" src=\"https:\/\/scontent.ffor9-1.fna.fbcdn.net\/v\/t1.0-9\/s960x960\/82979021_4046544222038019_2682876846437040128_o.jpg?_nc_cat=110&amp;_nc_oc=AQlMrnGlPNCinIxC1jua4XWcw5FutHSY14cnN5E2rozXhHBLq-sIRPQ7wy1fSM_Xlhs&amp;_nc_pt=1&amp;_nc_ht=scontent.ffor9-1.fna&amp;_nc_tp=1&amp;oh=5389e79066d026ed0276445472307cad&amp;oe=5E9600C8\" alt=\"A imagem pode conter: 4 pessoas, pessoas sorrindo, pessoas sentadas, pessoas em p\u00e9, sapatos, casamento e \u00e1rea interna\" width=\"341\" height=\"226\" \/>O\u00a0 Padre\u00a0 Adenildo da Silva Santos, em celebra\u00e7\u00e3o solene presidida pelo Bispo Diocesano Dom Eg\u00eddio Bisol, na ultima quinta-feira (9)\u00a0 na Igreja Matriz S\u00e3o Jos\u00e9, primeira par\u00f3quia de SJEgito.\u00a0O Padre foi recebido pelos paroquianos .O Padre Adenildo tem 29 anos e estudou na\u00a0Universidade Cat\u00f3lica de Pernambuco , ele \u00e9 filho do casal\u00a0Valdemir Pedro dos Santos e Maria Eunice da Silva Santos.\u00a0Al\u00e9m de Dom Eg\u00eddio e de todo clero da diocese de Afogados da Ingazeira, padres de outras dioceses e o arcebispo em\u00e9rito de Vitoria da Conquista e antecessor de Dom Eg\u00eddio,\u00a0 Dom Pepeu tamb\u00e9m estava presente a celebra\u00e7\u00e3o.<\/p>\n<p>Padres da Diocese de Afogados da Ingazeira, da Diocese de Garanhuns, Diocese de Bom Jesus da Lapa &#8211; BA e da Diocese de Roraima prestigiaram o evento.<\/p>\n<p><img decoding=\"async\" class=\"alignleft\" src=\"https:\/\/scontent.ffor9-1.fna.fbcdn.net\/v\/t1.0-9\/s960x960\/83223046_4046544228704685_3886090158927249408_o.jpg?_nc_cat=109&amp;_nc_oc=AQkue0iN1kFH4iW0VsILU_vsMBxxxlb1njpxqlWfeIcf5nca6Ayxy3Ccw4aTLKNeV1Y&amp;_nc_pt=1&amp;_nc_ht=scontent.ffor9-1.fna&amp;_nc_tp=1&amp;oh=a698e340d08544f91465c70f840b2ca6&amp;oe=5E9EDD3A\" alt=\"A imagem pode conter: 19 pessoas, pessoas sorrindo, pessoas em p\u00e9 e \u00e1rea interna\" width=\"323\" height=\"214\" \/><img loading=\"lazy\" decoding=\"async\" class=\"\" src=\"http:\/\/blogdoerbi.com.br\/wp-content\/uploads\/2020\/01\/82163126_594183541367659_2351839390239555584_n.jpg\" alt=\"Noite hist\u00f3rica para igreja cat\u00f3lica no Paje\u00fa, com ordena\u00e7\u00e3o de padre e presen\u00e7a de dois bispos\" width=\"327\" height=\"218\" \/><\/p>\n<p>Pe. Adenildo celebrou sua 1\u00aa missa na Par\u00f3quia S\u00e3o Jos\u00e9 nesse domingo dia 12 de Janeiro para uma multid\u00e3o de cat\u00f3licos. \u201cSer padre \u00e9 bom demais.\u201d Disse Pe. Adenildo ao terminar a sua primeira celebra\u00e7\u00e3o com sacerdote.<\/p>\n<p>A data tamb\u00e9m foi marcada pela passagem de 10 anos do bispado de Dom Eg\u00eddio a frente da igreja de Deus no Paje\u00fa e lembrou os 5 anos de ordena\u00e7\u00e3o de Padre Clodoaldo Fernando, atual administrador paroquial da par\u00f3quia de S\u00e3o judas Tadeu tamb\u00e9m em SJEgito. Padre Adenildo seguir\u00e1 com Pe. Elton(Par\u00f3quia de St\u00aa Terezinha) para miss\u00e3o na regi\u00e3o Norte do pa\u00eds, precisamente em Roraima, onde devem passar 3 anos.<\/p>\n","protected":false},"excerpt":{"rendered":"<p>O&nbsp; Padre&nbsp; Adenildo da Silva Santos, em celebra&ccedil;&atilde;o solene presidida pelo Bispo Diocesano Dom Eg&iacute;dio Bisol, na ultima quinta-feira (9)&nbsp; na Igreja Matriz S&atilde;o Jos&eacute;, primeira par&oacute;quia de SJEgito.&nbsp;O Padre foi recebido pelos paroquianos .O Padre Adenildo tem 29 anos e estudou na&nbsp;Universidade Cat&oacute;lica de Pernambuco , ele &eacute; filho do casal&nbsp;Valdemir Pedro dos Santos &#8230; <a title=\"SJEGITO \\ Padre Adenildo  recebeu a Ordena\u00e7\u00e3o Presbiteral na Par\u00f3quia S\u00e3o Jos\u00e9\" class=\"read-more\" href=\"https:\/\/blogdomarcellopatriota.com.br\/blog\/sjegito-padre-adenildo-e-recebido-pela-paroquia-sao-jose\/\" aria-label=\"Read more about SJEGITO \\ Padre Adenildo  recebeu a Ordena\u00e7\u00e3o Presbiteral na Par\u00f3quia S\u00e3o Jos\u00e9\">Ler mais<\/a><\/p>\n","protected":false},"author":2,"featured_media":0,"comment_status":"open","ping_status":"open","sticky":false,"template":"","format":"standard","meta":{"footnotes":""},"categories":[1],"tags":[],"class_list":["post-22934","post","type-post","status-publish","format-standard","hentry","category-sem-categoria"],"_links":{"self":[{"href":"https:\/\/blogdomarcellopatriota.com.br\/blog\/wp-json\/wp\/v2\/posts\/22934","targetHints":{"allow":["GET"]}}],"collection":[{"href":"https:\/\/blogdomarcellopatriota.com.br\/blog\/wp-json\/wp\/v2\/posts"}],"about":[{"href":"https:\/\/blogdomarcellopatriota.com.br\/blog\/wp-json\/wp\/v2\/types\/post"}],"author":[{"embeddable":true,"href":"https:\/\/blogdomarcellopatriota.com.br\/blog\/wp-json\/wp\/v2\/users\/2"}],"replies":[{"embeddable":true,"href":"https:\/\/blogdomarcellopatriota.com.br\/blog\/wp-json\/wp\/v2\/comments?post=22934"}],"version-history":[{"count":10,"href":"https:\/\/blogdomarcellopatriota.com.br\/blog\/wp-json\/wp\/v2\/posts\/22934\/revisions"}],"predecessor-version":[{"id":22983,"href":"https:\/\/blogdomarcellopatriota.com.br\/blog\/wp-json\/wp\/v2\/posts\/22934\/revisions\/22983"}],"wp:attachment":[{"href":"https:\/\/blogdomarcellopatriota.com.br\/blog\/wp-json\/wp\/v2\/media?parent=22934"}],"wp:term":[{"taxonomy":"category","embeddable":true,"href":"https:\/\/blogdomarcellopatriota.com.br\/blog\/wp-json\/wp\/v2\/categories?post=22934"},{"taxonomy":"post_tag","embeddable":true,"href":"https:\/\/blogdomarcellopatriota.com.br\/blog\/wp-json\/wp\/v2\/tags?post=22934"}],"curies":[{"name":"wp","href":"https:\/\/api.w.org\/{rel}","templated":true}]}}