{"id":22946,"date":"2020-01-13T11:08:41","date_gmt":"2020-01-13T14:08:41","guid":{"rendered":"http:\/\/blogdomarcellopatriota.com.br\/blog\/?p=22946"},"modified":"2020-01-14T07:57:46","modified_gmt":"2020-01-14T10:57:46","slug":"educacao-sintesje-inicia-2020-com-nova-diretoria-empossada-e-entrega-da-nova-sede","status":"publish","type":"post","link":"https:\/\/blogdomarcellopatriota.com.br\/blog\/educacao-sintesje-inicia-2020-com-nova-diretoria-empossada-e-entrega-da-nova-sede\/","title":{"rendered":"EDUCA\u00c7\u00c3O | Sintesje inicia 2020 com nova diretoria empossada e entrega da nova sede"},"content":{"rendered":"<p><img fetchpriority=\"high\" decoding=\"async\" class=\"alignleft\" src=\"https:\/\/1.bp.blogspot.com\/-SpEqzFLpd_Y\/XhiKQcCv_LI\/AAAAAAAA538\/0v6KwYrC92wtlUv76lY1LiFQ6ou4I4c3ACLcBGAsYHQ\/s640\/WhatsApp%2BImage%2B2019-12-30%2Bat%2B23.20.40.jpeg\" width=\"417\" height=\"237\" \/><strong>Blog Tarcio Oliveira<\/strong><\/p>\n<p>Em 2019 o SINTESJE &#8211;\u00a0 Sindicato dos Trabalhadores em Educa\u00e7\u00e3o do Munic\u00edpio de S\u00e3o Jos\u00e9 do Egito\u2013PE realizou grandes eventos, entre eles a elei\u00e7\u00e3o para nova diretoria no m\u00eas de novembro, e em dezembro a posse da diretoria eleita para o quadri\u00eanio 2020\/2023 e a inaugura\u00e7\u00e3o da sua sede.\u00a0\u00a0<b><u>A posse da nova diretoria<\/u><\/b>\u00a0foi realizada no Audit\u00f3rio do Centro de Inclus\u00e3o Digital\/Polo da Universidade Aberta do Brasil, com a presen\u00e7a de trabalhadores (as) ativos (as) e aposentados (as) da Educa\u00e7\u00e3o do Munic\u00edpio de SJEgito-PE , da Diretoria Executiva e do Conselho Fiscal, bem como seus suplentes eleitos em 07 de novembro de 2019; Tamb\u00e9m se fizeram presentes os professores Heleno Ara\u00fajo Presidente da CNTE \u2013 Confedera\u00e7\u00e3o Nacional dos Trabalhadores em Educa\u00e7\u00e3o, Paulo Rocha \u2013 Presidente da Central \u00danica dos Trabalhadores \u2013 CUT do Estado de Pernambuco, o Sr. Paulo Ubiratan Diretor do SINTEPE- Sindicato dos Trabalhadores em Educa\u00e7\u00e3o do Estado de Pernambuco, os representantes dos sindicatos rurais de SJEgito e de Tuparetama &#8211; \u00c9lcio e Josivan -, os presidentes das C\u00e2maras de Vereadores de SJEgito Sr. Rogaciano Jorge e de Tuparetama Sr. Danilo Augusto, o Vereador Pl\u00e9cio Galv\u00e3o de Tuparetama, o advogado da categoria que acompanha o processo dos Precat\u00f3rios do FUNDEF Dr. Tiago Salviano Cruz, o Vice-Presidente do PT de Tuparetama, Sr. Jonas de Melo e a Professora Luiza Bonfim, Coordenadora do Polo UAB de S\u00e3o Jos\u00e9 do Egito e a Professora Lucivanda Patr\u00edcia, Presidente do SINTET- Sindicato dos Trabalhadores em Educa\u00e7\u00e3o de Tuparetama e a presidente do SINTESJE, Professora L\u00facia Maria Sousa Santos (Quadri\u00eanio 2016\/2019).\u00a0 A Presidente eleita para o Quadri\u00eanio 2020\/2023 \u00e9 a professora Ros\u00e2ngela Cleide de Oliveira Silva .<\/p>\n<div class=\"separator\"><\/div>\n","protected":false},"excerpt":{"rendered":"<p>Blog Tarcio Oliveira Em 2019 o SINTESJE &ndash;&nbsp; Sindicato dos Trabalhadores em Educa&ccedil;&atilde;o do Munic&iacute;pio de S&atilde;o Jos&eacute; do Egito&ndash;PE realizou grandes eventos, entre eles a elei&ccedil;&atilde;o para nova diretoria no m&ecirc;s de novembro, e em dezembro a posse da diretoria eleita para o quadri&ecirc;nio 2020\/2023 e a inaugura&ccedil;&atilde;o da sua sede.&nbsp;&nbsp;A posse da nova &#8230; <a title=\"EDUCA\u00c7\u00c3O | Sintesje inicia 2020 com nova diretoria empossada e entrega da nova sede\" class=\"read-more\" href=\"https:\/\/blogdomarcellopatriota.com.br\/blog\/educacao-sintesje-inicia-2020-com-nova-diretoria-empossada-e-entrega-da-nova-sede\/\" aria-label=\"Read more about EDUCA\u00c7\u00c3O | Sintesje inicia 2020 com nova diretoria empossada e entrega da nova sede\">Ler mais<\/a><\/p>\n","protected":false},"author":2,"featured_media":0,"comment_status":"open","ping_status":"open","sticky":false,"template":"","format":"standard","meta":{"footnotes":""},"categories":[1],"tags":[],"class_list":["post-22946","post","type-post","status-publish","format-standard","hentry","category-sem-categoria"],"_links":{"self":[{"href":"https:\/\/blogdomarcellopatriota.com.br\/blog\/wp-json\/wp\/v2\/posts\/22946","targetHints":{"allow":["GET"]}}],"collection":[{"href":"https:\/\/blogdomarcellopatriota.com.br\/blog\/wp-json\/wp\/v2\/posts"}],"about":[{"href":"https:\/\/blogdomarcellopatriota.com.br\/blog\/wp-json\/wp\/v2\/types\/post"}],"author":[{"embeddable":true,"href":"https:\/\/blogdomarcellopatriota.com.br\/blog\/wp-json\/wp\/v2\/users\/2"}],"replies":[{"embeddable":true,"href":"https:\/\/blogdomarcellopatriota.com.br\/blog\/wp-json\/wp\/v2\/comments?post=22946"}],"version-history":[{"count":2,"href":"https:\/\/blogdomarcellopatriota.com.br\/blog\/wp-json\/wp\/v2\/posts\/22946\/revisions"}],"predecessor-version":[{"id":22986,"href":"https:\/\/blogdomarcellopatriota.com.br\/blog\/wp-json\/wp\/v2\/posts\/22946\/revisions\/22986"}],"wp:attachment":[{"href":"https:\/\/blogdomarcellopatriota.com.br\/blog\/wp-json\/wp\/v2\/media?parent=22946"}],"wp:term":[{"taxonomy":"category","embeddable":true,"href":"https:\/\/blogdomarcellopatriota.com.br\/blog\/wp-json\/wp\/v2\/categories?post=22946"},{"taxonomy":"post_tag","embeddable":true,"href":"https:\/\/blogdomarcellopatriota.com.br\/blog\/wp-json\/wp\/v2\/tags?post=22946"}],"curies":[{"name":"wp","href":"https:\/\/api.w.org\/{rel}","templated":true}]}}