{"id":22956,"date":"2020-01-13T14:12:20","date_gmt":"2020-01-13T17:12:20","guid":{"rendered":"http:\/\/blogdomarcellopatriota.com.br\/blog\/?p=22956"},"modified":"2020-01-13T14:19:26","modified_gmt":"2020-01-13T17:19:26","slug":"sjegito-centenario-de-edson-siqueira-simoes","status":"publish","type":"post","link":"https:\/\/blogdomarcellopatriota.com.br\/blog\/sjegito-centenario-de-edson-siqueira-simoes\/","title":{"rendered":"SJEGITO  | CENTEN\u00c1RIO DE EDSON SIQUEIRA SIM\u00d5ES"},"content":{"rendered":"<p><img fetchpriority=\"high\" decoding=\"async\" class=\"aligncenter\" src=\"https:\/\/scontent.fcpv6-1.fna.fbcdn.net\/v\/t1.0-9\/s960x960\/81711010_2550161925106921_4047103595181506560_o.jpg?_nc_cat=111&amp;_nc_eui2=AeFU3lw3fpWIVxxgCxWfAiQyePaA3dtl7kh_jswPWrfk-nYNyoe8khuuqTWFezHQ6ZlE4QnB7VmAHrWD-_X9DfxJinxWJPi1fj_Ev6At9gh1WA&amp;_nc_oc=AQl2L2xgbWHwrfppntSLJZkTLMh463I3ot0ButEv7r8h--whdVN_1hXC8GPKOeiicI8&amp;_nc_pt=1&amp;_nc_ht=scontent.fcpv6-1.fna&amp;_nc_tp=1&amp;oh=7d20f1d967177c387378e404b3922463&amp;oe=5E9F6DCE\" alt=\"A imagem pode conter: 1 pessoa\" width=\"683\" height=\"453\" \/><img decoding=\"async\" class=\"alignleft\" src=\"https:\/\/scontent.fcpv6-1.fna.fbcdn.net\/v\/t1.0-9\/s960x960\/82224035_2550164191773361_9101869001188835328_o.jpg?_nc_cat=103&amp;_nc_eui2=AeG_O-u7sm9vCfiuxklJ9NR_jf1jICRmujBd5Z4jkc5YknBdqvD5KP1jmcg4MMA_D4O5v35Qwl0lhKTwEiSff3emQycTDr7TRlSt2xEB-LeCXw&amp;_nc_oc=AQlU6z5uI0MsoXB9H67xtoWS_A9tn-0WmFDmWxedv85S4Xz_l1EPzi-iQ3rSuTzbQHM&amp;_nc_pt=1&amp;_nc_ht=scontent.fcpv6-1.fna&amp;_nc_tp=1&amp;oh=34436c5db302abbcfbce6901fcc3d7d6&amp;oe=5EDB2BA8\" alt=\"A imagem pode conter: 8 pessoas, incluindo Gilberto Lopes e Edvaldo Campos, pessoas sorrindo, pessoas em p\u00e9\" width=\"358\" height=\"237\" \/>Centen\u00e1rio do Professor Edson Sim\u00f5es aconteceu nesse s\u00e1bado dia 11 de janeiro de 2020, exatamente 100 anos ap\u00f3s seu nascimento. A Cerim\u00f4nia\u00a0<span class=\"text_exposed_show\">foi na Quadra do Erem Edson Sim\u00f5es, o col\u00e9gio surgiu em 1 de abril de 1957, quando o professor \u00c9dson Siqueira Sim\u00f5es, inaugurou a Funda\u00e7\u00e3o \u00c9dson Sim\u00f5es, na verdade uma escola de Primeiro Grau que funcionou, inicialmente, num espa\u00e7o cedido pelo Clube Egipciense. Em seguida, a Escola passou a ocupar o pr\u00e9dio do Grupo Escolar Oliveira Lima que estava ocioso no turno da noite, sendo denominado Escola Comercial Esperidi\u00e3o Vilela de Ara\u00fajo. Depois, o idealizador da escola conseguiu recursos federais e iniciou a constru\u00e7\u00e3o do pr\u00e9dio onde hoje funciona o col\u00e9gio.<br \/>\nAntes mesmo de que o pr\u00e9dio ficasse totalmente pronto mas com o col\u00e9gio j\u00e1 funcionando ali, o professor \u00c9dson Sim\u00f5es caiu de uma escada ao trocar uma l\u00e2mpada, no dia 07 de agosto 1965, n\u00e3o resistiu e morreu no hospital da cidade.<br \/>\nEm 1968, por interven\u00e7\u00e3o do ent\u00e3o deputado estadual Walfredo Siqueira, o Col\u00e9gio se tornou Estadual e ganhou o nome do fundador se tornando Col\u00e9gio Estadual \u00c9dson Sim\u00f5es, na d\u00e9cada de 90 se tornou Escola \u00c9dson Sim\u00f5es, em 2014 passou a chamar Escola de Refer\u00eancia do Ensino M\u00e9dio \u00c9dson Sim\u00f5es. Refer\u00eancias: S\u00e3o Jos\u00e9 do Egito um s\u00e9culo de hist\u00f3ria: 1909\/2009 . A fam\u00edlia do Professor Edson Sim\u00f5es filhos: Edson, Heloiza, Vera, Luciano, Marcos Edson(IN), Salvio, Fl\u00e1vio, e Geraldo Edson Magalh\u00e3es Sim\u00f5es e netos.\u00a0Logo de inicio houve a Missa presidida pelo Padre Luizinho Marques e o\u00a0Padre\u00a0 Adenildo da Silva Santos. <\/span><\/p>\n<p><span class=\"text_exposed_show\"><img decoding=\"async\" class=\"alignleft\" src=\"https:\/\/scontent.fcpv6-1.fna.fbcdn.net\/v\/t1.0-9\/s960x960\/82097412_2550165981773182_2076699975621804032_o.jpg?_nc_cat=110&amp;_nc_eui2=AeHtpDHYy7sF2q01-R2SECUFcCZUDeVFrtUJ1RqA6b2mea5CGFEBbJzOaRb8OnjfXVBmMJpIS3jb-tWsbGLVu1KSMIfzn04VIS2k-UaxroGDbg&amp;_nc_oc=AQnt5hZzc2t_M2z_MgWdPBswnh95rLgE-DvXFy7tmB_S96dJ8nTc8Ptsm3XsDxLOt5E&amp;_nc_pt=1&amp;_nc_ht=scontent.fcpv6-1.fna&amp;_nc_tp=1&amp;oh=066ea980f968951b2fcd8d1549cc47a3&amp;oe=5E90500A\" alt=\"A imagem pode conter: 13 pessoas, incluindo Itapetim Bernardo Ferreira, pessoas sorrindo, pessoas em p\u00e9, terno e \u00e1rea interna\" width=\"309\" height=\"205\" \/><img loading=\"lazy\" decoding=\"async\" class=\"\" src=\"https:\/\/scontent.fcpv6-1.fna.fbcdn.net\/v\/t1.0-9\/s960x960\/82977454_2550126288443818_7313734099930185728_o.jpg?_nc_cat=104&amp;_nc_eui2=AeFRbAPzKgdO17zbVqooNXJ-c1P45MH5mCy6KLt1PCNz5CfCQrpjU7SwjysI_1JSL_AaF_9R38Yh8HRj8-Uo_iRjDbNtSDehtjf59lCP1V9Y6w&amp;_nc_oc=AQkCr2hYOS6MxfVmNantgluIJkyU4YPT6jKZUvhG1s3PtsloAF2feMQwNoOsMpBtBqI&amp;_nc_pt=1&amp;_nc_ht=scontent.fcpv6-1.fna&amp;_nc_tp=1&amp;oh=c7602ae8d83dc34c9c6b4a49f83de06a&amp;oe=5E931FC7\" alt=\"Nenhuma descri\u00e7\u00e3o de foto dispon\u00edvel.\" width=\"327\" height=\"217\" \/><\/span><\/p>\n<p><span class=\"text_exposed_show\">A Diretora do EREM Edson Sim\u00f5es Ynara Dantas e a Professora Lucinha Gomes, homenagearam o ilustre centen\u00e1rio. Estiveram v\u00e1rias autoridades, dentre elas o Ex. prefeito Rom\u00e9rio Guimar\u00e3es, o Vereador Alb\u00e9rico Thiago fez um discurso exaltando o legado do Fundador da Escola, representando a C\u00e2mara de Vereadores , o vereador Claudevam Filho tamb\u00e9m marcou presen\u00e7a. O Poeta Antonio Marinho em verso exaltou o hist\u00f3ria de Edson Sim\u00f5es.\u00a0O Professor Egito Siqueira entregou uma lembran\u00e7a aos familiares de Edson sim\u00f5es e logo em seguida foi ofertado um Jantar e o o Baile ao Som da Orquestra Anos Dourados abrilhantou a noite aos convidados.<\/span><\/p>\n<p><img loading=\"lazy\" decoding=\"async\" class=\"\" src=\"https:\/\/scontent.fcpv6-1.fna.fbcdn.net\/v\/t1.0-9\/s960x960\/82178652_2550186748437772_6795471846704676864_o.jpg?_nc_cat=105&amp;_nc_eui2=AeGmNaU85KT-JYqjLDhzfYrIaPYCgmpyzp-3DgGiddycQ8MxtL-_0IuGmWzn6B4Kj8yUiwvWyBWHySdh8tu8VdiD_xApax10GgYafcn1IUz-7Q&amp;_nc_oc=AQmJJsDKzDOXgKolhfEQ3-KOUw9FWn6f04a8bKZqPDFtANy5ejWyBh3G97xLrgJmtd0&amp;_nc_pt=1&amp;_nc_ht=scontent.fcpv6-1.fna&amp;_nc_tp=1&amp;oh=5423e351cc270a93ecbb190be5150d71&amp;oe=5E948891\" alt=\"A imagem pode conter: 5 pessoas, pessoas em p\u00e9\" width=\"312\" height=\"207\" \/><img loading=\"lazy\" decoding=\"async\" class=\"\" src=\"https:\/\/scontent.fcpv6-1.fna.fbcdn.net\/v\/t1.0-9\/s960x960\/82496498_2550176835105430_9093393231122530304_o.jpg?_nc_cat=104&amp;_nc_eui2=AeHaNoDmIrrZCjduMEyWz50vl_9d1gVU8rhjBSyUlQr_F02ZOmKiIm1UWHgMBRAdjTjbq9lICbk6-SGZNO4Jki3SXEPCiKyh1PXJ_z_D5_7c0w&amp;_nc_oc=AQnZMKAuEhMMQMh_fG88cTyCLS773_5aeOkGqXdCNqOYG850O6AtWRoPmFmIkzhaCyQ&amp;_nc_pt=1&amp;_nc_ht=scontent.fcpv6-1.fna&amp;_nc_tp=1&amp;oh=a638903ad61f420928b7a122e52bd683&amp;oe=5E8F114E\" alt=\"A imagem pode conter: 2 pessoas, pessoas sorrindo, pessoas em p\u00e9 e terno\" width=\"327\" height=\"217\" \/><\/p>\n<p><img loading=\"lazy\" decoding=\"async\" class=\"aligncenter\" src=\"https:\/\/scontent.fcpv6-1.fna.fbcdn.net\/v\/t1.0-9\/s960x960\/81958623_2550177275105386_4972786381681065984_o.jpg?_nc_cat=102&amp;_nc_eui2=AeFNJtMmkGLPa1G2sIBRCWR5bWQGKgWWHTgAPSD4bG3NIo8jFdvFxWZIuWvr8rQM3tIE-QFN2RRwRY78dMcGS81O2cm7GoPzIlo1c4d2Ky7t4Q&amp;_nc_oc=AQnvgeLXu-83iJkLdjCC5a8SF-CsrcwTjVa0IAHUGhnKUqQ6zXICet4hx3m-nQ6QQbY&amp;_nc_pt=1&amp;_nc_ht=scontent.fcpv6-1.fna&amp;_nc_tp=1&amp;oh=54049b25b0a0e1ca82ffd76f146c7596&amp;oe=5E9BF5BC\" alt=\"A imagem pode conter: 17 pessoas, incluindo Ynnara Dantas, pessoas sorrindo, pessoas em p\u00e9 e casamento\" width=\"658\" height=\"436\" \/><\/p>\n","protected":false},"excerpt":{"rendered":"<p>Centen&aacute;rio do Professor Edson Sim&otilde;es aconteceu nesse s&aacute;bado dia 11 de janeiro de 2020, exatamente 100 anos ap&oacute;s seu nascimento. A Cerim&ocirc;nia&nbsp;foi na Quadra do Erem Edson Sim&otilde;es, o col&eacute;gio surgiu em 1 de abril de 1957, quando o professor &Eacute;dson Siqueira Sim&otilde;es, inaugurou a Funda&ccedil;&atilde;o &Eacute;dson Sim&otilde;es, na verdade uma escola de Primeiro Grau &#8230; <a title=\"SJEGITO  | CENTEN\u00c1RIO DE EDSON SIQUEIRA SIM\u00d5ES\" class=\"read-more\" href=\"https:\/\/blogdomarcellopatriota.com.br\/blog\/sjegito-centenario-de-edson-siqueira-simoes\/\" aria-label=\"Read more about SJEGITO  | CENTEN\u00c1RIO DE EDSON SIQUEIRA SIM\u00d5ES\">Ler mais<\/a><\/p>\n","protected":false},"author":2,"featured_media":0,"comment_status":"open","ping_status":"open","sticky":false,"template":"","format":"standard","meta":{"footnotes":""},"categories":[1],"tags":[],"class_list":["post-22956","post","type-post","status-publish","format-standard","hentry","category-sem-categoria"],"_links":{"self":[{"href":"https:\/\/blogdomarcellopatriota.com.br\/blog\/wp-json\/wp\/v2\/posts\/22956","targetHints":{"allow":["GET"]}}],"collection":[{"href":"https:\/\/blogdomarcellopatriota.com.br\/blog\/wp-json\/wp\/v2\/posts"}],"about":[{"href":"https:\/\/blogdomarcellopatriota.com.br\/blog\/wp-json\/wp\/v2\/types\/post"}],"author":[{"embeddable":true,"href":"https:\/\/blogdomarcellopatriota.com.br\/blog\/wp-json\/wp\/v2\/users\/2"}],"replies":[{"embeddable":true,"href":"https:\/\/blogdomarcellopatriota.com.br\/blog\/wp-json\/wp\/v2\/comments?post=22956"}],"version-history":[{"count":5,"href":"https:\/\/blogdomarcellopatriota.com.br\/blog\/wp-json\/wp\/v2\/posts\/22956\/revisions"}],"predecessor-version":[{"id":22961,"href":"https:\/\/blogdomarcellopatriota.com.br\/blog\/wp-json\/wp\/v2\/posts\/22956\/revisions\/22961"}],"wp:attachment":[{"href":"https:\/\/blogdomarcellopatriota.com.br\/blog\/wp-json\/wp\/v2\/media?parent=22956"}],"wp:term":[{"taxonomy":"category","embeddable":true,"href":"https:\/\/blogdomarcellopatriota.com.br\/blog\/wp-json\/wp\/v2\/categories?post=22956"},{"taxonomy":"post_tag","embeddable":true,"href":"https:\/\/blogdomarcellopatriota.com.br\/blog\/wp-json\/wp\/v2\/tags?post=22956"}],"curies":[{"name":"wp","href":"https:\/\/api.w.org\/{rel}","templated":true}]}}