{"id":22993,"date":"2020-01-14T14:55:09","date_gmt":"2020-01-14T17:55:09","guid":{"rendered":"http:\/\/blogdomarcellopatriota.com.br\/blog\/?p=22993"},"modified":"2020-01-14T14:57:38","modified_gmt":"2020-01-14T17:57:38","slug":"paulo-camara-retorna-ao-pajeu-itapetim-tabira-e-ingazeira-para-entregar-obras","status":"publish","type":"post","link":"https:\/\/blogdomarcellopatriota.com.br\/blog\/paulo-camara-retorna-ao-pajeu-itapetim-tabira-e-ingazeira-para-entregar-obras\/","title":{"rendered":"PAULO C\u00c2MARA NO PAJE\u00da | Itapetim, Tabira e Ingazeira: Entrega de  obras."},"content":{"rendered":"<div class=\"wp-block-image\">\n<figure class=\"alignleft is-resized\"><img fetchpriority=\"high\" decoding=\"async\" class=\"wp-image-4222\" src=\"https:\/\/i0.wp.com\/blogdoeuflavionunes.com\/wp-content\/uploads\/2020\/01\/Sert%C3%A3o-do-Paje%C3%BA-18.08-2-1100x490.jpg?resize=350%2C225\" sizes=\"(max-width: 350px) 100vw, 350px\" srcset=\"https:\/\/i0.wp.com\/blogdoeuflavionunes.com\/wp-content\/uploads\/2020\/01\/Sert\u00e3o-do-Paje\u00fa-18.08-2-1100x490.jpg?w=700 700w, https:\/\/i0.wp.com\/blogdoeuflavionunes.com\/wp-content\/uploads\/2020\/01\/Sert\u00e3o-do-Paje\u00fa-18.08-2-1100x490.jpg?resize=300%2C193 300w\" alt=\"\" width=\"350\" height=\"225\" \/><\/figure>\n<\/div>\n<p>O governador Paulo C\u00e2mara retornar\u00e1 a Itapetim na pr\u00f3xima quinta (16)\u00a0 para entregar obras.<\/p>\n<p>A agenda do chefe do Executivo pernambucano n\u00e3o foi confirmada pelo Pal\u00e1cio do Campo das Princesas, no entanto a visita ter\u00e1 como objetivo principal a inaugura\u00e7\u00e3o da primeira etapa do Sistema de Esgotamento Sanit\u00e1rio. A obra teve in\u00edcio em julho de 2017 e contou com investimento de R$ 12 milh\u00f5es provenientes de empr\u00e9stimo do Governo do Estado junto a Caixa. Ao todo, o Sistema de Esgotamento Sanit\u00e1rio beneficiar\u00e1 10 mil moradores dos bairros S\u00e3o Jos\u00e9, Santo Ant\u00f4nio e Centro, o que corresponde a 60% da popula\u00e7\u00e3o. Ainda existe a possibilidade de inaugura\u00e7\u00e3o da cobertura da Quadra Poliesportiva da Escola de Refer\u00eancia em Ensino M\u00e9dio Teresa Torres (EREMTT) e do trecho do Sistema Adutor do Paje\u00fa que atender\u00e1 a cidade. <span style=\"font-size: 14pt;\"><strong>Veja a Agenda no Paje\u00fa e Moxot\u00f3<\/strong>\u00a0<\/span>\u2013 O governador Paulo C\u00e2mara, estar\u00e1 na pr\u00f3xima quinta-feira (16), inaugurando abastecimento de \u00e1gua, \u00e0s<strong>\u00a008:30 horas<\/strong>, na cidade de Itapetim,\u00a0<strong>09;30 horas<\/strong>, em Tabira,\u00a0<strong>12:30 horas<\/strong>\u00a0na Ingazeira, e \u00e0s\u00a0<strong>15 horas<\/strong>\u00a0na cidade de Cust\u00f3dia.<\/p>\n","protected":false},"excerpt":{"rendered":"<p>O governador Paulo C&acirc;mara retornar&aacute; a Itapetim na pr&oacute;xima quinta (16)&nbsp; para entregar obras. A agenda do chefe do Executivo pernambucano n&atilde;o foi confirmada pelo Pal&aacute;cio do Campo das Princesas, no entanto a visita ter&aacute; como objetivo principal a inaugura&ccedil;&atilde;o da primeira etapa do Sistema de Esgotamento Sanit&aacute;rio. A obra teve in&iacute;cio em julho de &#8230; <a title=\"PAULO C\u00c2MARA NO PAJE\u00da | Itapetim, Tabira e Ingazeira: Entrega de  obras.\" class=\"read-more\" href=\"https:\/\/blogdomarcellopatriota.com.br\/blog\/paulo-camara-retorna-ao-pajeu-itapetim-tabira-e-ingazeira-para-entregar-obras\/\" aria-label=\"Read more about PAULO C\u00c2MARA NO PAJE\u00da | Itapetim, Tabira e Ingazeira: Entrega de  obras.\">Ler mais<\/a><\/p>\n","protected":false},"author":2,"featured_media":0,"comment_status":"open","ping_status":"open","sticky":false,"template":"","format":"standard","meta":{"footnotes":""},"categories":[1],"tags":[],"class_list":["post-22993","post","type-post","status-publish","format-standard","hentry","category-sem-categoria"],"_links":{"self":[{"href":"https:\/\/blogdomarcellopatriota.com.br\/blog\/wp-json\/wp\/v2\/posts\/22993","targetHints":{"allow":["GET"]}}],"collection":[{"href":"https:\/\/blogdomarcellopatriota.com.br\/blog\/wp-json\/wp\/v2\/posts"}],"about":[{"href":"https:\/\/blogdomarcellopatriota.com.br\/blog\/wp-json\/wp\/v2\/types\/post"}],"author":[{"embeddable":true,"href":"https:\/\/blogdomarcellopatriota.com.br\/blog\/wp-json\/wp\/v2\/users\/2"}],"replies":[{"embeddable":true,"href":"https:\/\/blogdomarcellopatriota.com.br\/blog\/wp-json\/wp\/v2\/comments?post=22993"}],"version-history":[{"count":8,"href":"https:\/\/blogdomarcellopatriota.com.br\/blog\/wp-json\/wp\/v2\/posts\/22993\/revisions"}],"predecessor-version":[{"id":23021,"href":"https:\/\/blogdomarcellopatriota.com.br\/blog\/wp-json\/wp\/v2\/posts\/22993\/revisions\/23021"}],"wp:attachment":[{"href":"https:\/\/blogdomarcellopatriota.com.br\/blog\/wp-json\/wp\/v2\/media?parent=22993"}],"wp:term":[{"taxonomy":"category","embeddable":true,"href":"https:\/\/blogdomarcellopatriota.com.br\/blog\/wp-json\/wp\/v2\/categories?post=22993"},{"taxonomy":"post_tag","embeddable":true,"href":"https:\/\/blogdomarcellopatriota.com.br\/blog\/wp-json\/wp\/v2\/tags?post=22993"}],"curies":[{"name":"wp","href":"https:\/\/api.w.org\/{rel}","templated":true}]}}