{"id":23001,"date":"2020-01-15T05:09:36","date_gmt":"2020-01-15T08:09:36","guid":{"rendered":"http:\/\/blogdomarcellopatriota.com.br\/blog\/?p=23001"},"modified":"2020-01-14T12:10:16","modified_gmt":"2020-01-14T15:10:16","slug":"carnaiba-investe-em-educacao-e-saude-acima-da-exigencia-constitucional-diz-prefeitura","status":"publish","type":"post","link":"https:\/\/blogdomarcellopatriota.com.br\/blog\/carnaiba-investe-em-educacao-e-saude-acima-da-exigencia-constitucional-diz-prefeitura\/","title":{"rendered":"Carna\u00edba investe em Educa\u00e7\u00e3o e Sa\u00fade acima da exig\u00eancia constitucional, diz Prefeitura"},"content":{"rendered":"<p><em><a href=\"https:\/\/i2.wp.com\/nilljunior.com.br\/wp-content\/uploads\/2020\/01\/WhatsApp-Image-2020-01-14-at-06.56.45.jpeg\"><img fetchpriority=\"high\" decoding=\"async\" class=\"alignleft wp-image-166734\" src=\"https:\/\/i2.wp.com\/nilljunior.com.br\/wp-content\/uploads\/2020\/01\/WhatsApp-Image-2020-01-14-at-06.56.45.jpeg?resize=400%2C266\" sizes=\"(max-width: 400px) 100vw, 400px\" srcset=\"https:\/\/i2.wp.com\/nilljunior.com.br\/wp-content\/uploads\/2020\/01\/WhatsApp-Image-2020-01-14-at-06.56.45.jpeg?resize=600%2C400 600w, https:\/\/i2.wp.com\/nilljunior.com.br\/wp-content\/uploads\/2020\/01\/WhatsApp-Image-2020-01-14-at-06.56.45.jpeg?resize=150%2C100 150w, https:\/\/i2.wp.com\/nilljunior.com.br\/wp-content\/uploads\/2020\/01\/WhatsApp-Image-2020-01-14-at-06.56.45.jpeg?resize=300%2C199 300w, https:\/\/i2.wp.com\/nilljunior.com.br\/wp-content\/uploads\/2020\/01\/WhatsApp-Image-2020-01-14-at-06.56.45.jpeg?resize=768%2C510 768w, https:\/\/i2.wp.com\/nilljunior.com.br\/wp-content\/uploads\/2020\/01\/WhatsApp-Image-2020-01-14-at-06.56.45.jpeg?w=960 960w\" alt=\"\" width=\"400\" height=\"267\" data-attachment-id=\"166734\" data-permalink=\"http:\/\/nilljunior.com.br\/carnaiba-investe-em-educacao-e-saude-acima-da-exigencia-constitucional-diz-prefeitura\/whatsapp-image-2020-01-14-at-06-56-45\/\" data-orig-file=\"https:\/\/i2.wp.com\/nilljunior.com.br\/wp-content\/uploads\/2020\/01\/WhatsApp-Image-2020-01-14-at-06.56.45.jpeg?fit=960%2C638\" data-orig-size=\"960,638\" data-comments-opened=\"1\" data-image-meta=\"{&quot;aperture&quot;:&quot;0&quot;,&quot;credit&quot;:&quot;&quot;,&quot;camera&quot;:&quot;&quot;,&quot;caption&quot;:&quot;&quot;,&quot;created_timestamp&quot;:&quot;0&quot;,&quot;copyright&quot;:&quot;&quot;,&quot;focal_length&quot;:&quot;0&quot;,&quot;iso&quot;:&quot;0&quot;,&quot;shutter_speed&quot;:&quot;0&quot;,&quot;title&quot;:&quot;&quot;,&quot;orientation&quot;:&quot;0&quot;}\" data-image-title=\"WhatsApp Image 2020-01-14 at 06.56.45\" data-image-description=\"\" data-medium-file=\"https:\/\/i2.wp.com\/nilljunior.com.br\/wp-content\/uploads\/2020\/01\/WhatsApp-Image-2020-01-14-at-06.56.45.jpeg?fit=300%2C199\" data-large-file=\"https:\/\/i2.wp.com\/nilljunior.com.br\/wp-content\/uploads\/2020\/01\/WhatsApp-Image-2020-01-14-at-06.56.45.jpeg?fit=600%2C400\" \/><\/a>Ascom\/Prefeitura<\/em><\/p>\n<p>A Prefeitura de Carna\u00edba vem investindo na melhoria da Sa\u00fade e Educa\u00e7\u00e3o do munic\u00edpio. Atualmente o munic\u00edpio investe 35% em Educa\u00e7\u00e3o e at\u00e9 novembro 18,38% da arrecada\u00e7\u00e3o e recursos na Sa\u00fade.<\/p>\n<p>A Constitui\u00e7\u00e3o determina que os munic\u00edpios devem aplicar no m\u00ednimo 25% em Educa\u00e7\u00e3o e 15% em Sa\u00fade da arrecada\u00e7\u00e3o e recursos, conforme prev\u00ea o artigo 212 da Constitui\u00e7\u00e3o Federal e artigo 7\u00ba da Lei Complementar n\u00ba141\/2012.<\/p>\n<p>Assim, o Executivo vem conseguindo investir mais do que \u00e9 obrigado, proporcionando melhores servi\u00e7os \u00e0 popula\u00e7\u00e3o e qualidade em setores essenciais.<\/p>\n<p>Desde 2017 foram adquiridos novos ve\u00edculos para a Secretaria de Sa\u00fade. Tamb\u00e9m foi ampliado o n\u00famero de especialidades e servi\u00e7os dispon\u00edveis no Hospital Municipal Dr. Jos\u00e9 Dantas Filho.<\/p>\n<p>Na \u00e1rea da Educa\u00e7\u00e3o, foram implantadas piscinas nas escolas, das zonas urbana e rural; reforma da escola do povoado de It\u00e3, al\u00e9m de autoriza\u00e7\u00e3o para constru\u00e7\u00e3o da nova escola Joana Freire, em Carna\u00edba Velha, aumento do n\u00famero de vagas da Creche Municipal, proporcionando \u00e0 popula\u00e7\u00e3o servi\u00e7os de qualidade. Em 2018, Carna\u00edba ficou em 3\u00b0 lugar Ranking IDEPE \u2013 Munic\u00edpios Anos Iniciais do Ensino Fundamental.<\/p>\n","protected":false},"excerpt":{"rendered":"<p>Ascom\/Prefeitura A Prefeitura de Carna&iacute;ba vem investindo na melhoria da Sa&uacute;de e Educa&ccedil;&atilde;o do munic&iacute;pio. Atualmente o munic&iacute;pio investe 35% em Educa&ccedil;&atilde;o e at&eacute; novembro 18,38% da arrecada&ccedil;&atilde;o e recursos na Sa&uacute;de. A Constitui&ccedil;&atilde;o determina que os munic&iacute;pios devem aplicar no m&iacute;nimo 25% em Educa&ccedil;&atilde;o e 15% em Sa&uacute;de da arrecada&ccedil;&atilde;o e recursos, conforme prev&ecirc; &#8230; <a title=\"Carna\u00edba investe em Educa\u00e7\u00e3o e Sa\u00fade acima da exig\u00eancia constitucional, diz Prefeitura\" class=\"read-more\" href=\"https:\/\/blogdomarcellopatriota.com.br\/blog\/carnaiba-investe-em-educacao-e-saude-acima-da-exigencia-constitucional-diz-prefeitura\/\" aria-label=\"Read more about Carna\u00edba investe em Educa\u00e7\u00e3o e Sa\u00fade acima da exig\u00eancia constitucional, diz Prefeitura\">Ler mais<\/a><\/p>\n","protected":false},"author":2,"featured_media":0,"comment_status":"open","ping_status":"open","sticky":false,"template":"","format":"standard","meta":{"footnotes":""},"categories":[1],"tags":[],"class_list":["post-23001","post","type-post","status-publish","format-standard","hentry","category-sem-categoria"],"_links":{"self":[{"href":"https:\/\/blogdomarcellopatriota.com.br\/blog\/wp-json\/wp\/v2\/posts\/23001","targetHints":{"allow":["GET"]}}],"collection":[{"href":"https:\/\/blogdomarcellopatriota.com.br\/blog\/wp-json\/wp\/v2\/posts"}],"about":[{"href":"https:\/\/blogdomarcellopatriota.com.br\/blog\/wp-json\/wp\/v2\/types\/post"}],"author":[{"embeddable":true,"href":"https:\/\/blogdomarcellopatriota.com.br\/blog\/wp-json\/wp\/v2\/users\/2"}],"replies":[{"embeddable":true,"href":"https:\/\/blogdomarcellopatriota.com.br\/blog\/wp-json\/wp\/v2\/comments?post=23001"}],"version-history":[{"count":1,"href":"https:\/\/blogdomarcellopatriota.com.br\/blog\/wp-json\/wp\/v2\/posts\/23001\/revisions"}],"predecessor-version":[{"id":23002,"href":"https:\/\/blogdomarcellopatriota.com.br\/blog\/wp-json\/wp\/v2\/posts\/23001\/revisions\/23002"}],"wp:attachment":[{"href":"https:\/\/blogdomarcellopatriota.com.br\/blog\/wp-json\/wp\/v2\/media?parent=23001"}],"wp:term":[{"taxonomy":"category","embeddable":true,"href":"https:\/\/blogdomarcellopatriota.com.br\/blog\/wp-json\/wp\/v2\/categories?post=23001"},{"taxonomy":"post_tag","embeddable":true,"href":"https:\/\/blogdomarcellopatriota.com.br\/blog\/wp-json\/wp\/v2\/tags?post=23001"}],"curies":[{"name":"wp","href":"https:\/\/api.w.org\/{rel}","templated":true}]}}