{"id":23006,"date":"2020-01-14T13:22:34","date_gmt":"2020-01-14T16:22:34","guid":{"rendered":"http:\/\/blogdomarcellopatriota.com.br\/blog\/?p=23006"},"modified":"2020-01-14T13:41:55","modified_gmt":"2020-01-14T16:41:55","slug":"em-cafe-da-manha-nas-melancias-ze-marcos-diz-que-e-candidato-e-prega-uniao-das-oposicoes","status":"publish","type":"post","link":"https:\/\/blogdomarcellopatriota.com.br\/blog\/em-cafe-da-manha-nas-melancias-ze-marcos-diz-que-e-candidato-e-prega-uniao-das-oposicoes\/","title":{"rendered":"EM CAF\u00c9 DA MANH\u00c3 NAS MELANCIAS, Z\u00c9 MARCOS DIZ QUE &#8216;\u00c9 CANDIDATO E PREGA UNI\u00c3O DAS OPOSI\u00c7\u00d5ES&#8217;"},"content":{"rendered":"<p><img fetchpriority=\"high\" decoding=\"async\" class=\"aligncenter\" src=\"https:\/\/scontent.fcpv6-1.fna.fbcdn.net\/v\/t1.0-9\/81965726_1946812052131637_5643691587922821120_n.jpg?_nc_cat=104&amp;_nc_eui2=AeGL2qf3_0cavU4GWV1XPmVRwmYd2dthxESGBGD5jlV4_5ofpnZ78D29BpdMuZ6lHX4OiwF9RAF3yRJnjSaubwMjwIqX-3OLNbIvy2d9aI1UKw&amp;_nc_oc=AQmgcHk9pTz9E8BRCX0Ea6vmJnM97cqlU25rXS3D2ZhVFRPzmfG45eqiywiJlQZ6gXY&amp;_nc_pt=1&amp;_nc_ht=scontent.fcpv6-1.fna&amp;oh=acbf30ee1b0efe94c7b8d480b4c0069b&amp;oe=5E993FDA\" alt=\"A imagem pode conter: 2 pessoas, pessoas sentadas, pessoas comendo, mesa e \u00e1rea interna\" width=\"586\" height=\"439\" \/>O primeiro caf\u00e9 da manh\u00e3 aos domingos deste ano de 2020 reuniu muitos amigos\u00a0 na Fazenda Melancias, recepcionados pelo ex deputado Z\u00e9 Marcos de Lima e sua esposa Dr\u00aa Madalena Crispim.<br \/>\nO caf\u00e9 aos domingos na Fazenda Melancias acontece por costume h\u00e1 muito tempo. O povo de S\u00e3o Jos\u00e9 do Egito e regi\u00e3o j\u00e1 tem esse carinho pelo ex deputado e sua esposa.<br \/>\nNeste domingo, 12 de janeiro, aconteceu o primeiro caf\u00e9 da manh\u00e3 de 2020 &#8220;nas Melancias&#8221;, popularmente conhecida pela popula\u00e7\u00e3o egipciense e recebeu um bom n\u00famero de\u00a0correligion\u00e1rios.<br \/>\nO Ex.deputado Z\u00e9 Marcos afirma em sua Rede Social que: &#8221; Meu nome est\u00e1 mantido a disposi\u00e7\u00e3o como candidato a candidato da oposi\u00e7\u00e3o para disputar as elei\u00e7\u00f5es deste ano e que prezo pela uni\u00e3o do grupo.&#8221;Pontuou Z\u00e9 Marcos no seu Facebook.<\/p>\n<p>&nbsp;<\/p>\n","protected":false},"excerpt":{"rendered":"<p>O primeiro caf&eacute; da manh&atilde; aos domingos deste ano de 2020 reuniu muitos amigos&nbsp; na Fazenda Melancias, recepcionados pelo ex deputado Z&eacute; Marcos de Lima e sua esposa Dr&ordf; Madalena Crispim. O caf&eacute; aos domingos na Fazenda Melancias acontece por costume h&aacute; muito tempo. O povo de S&atilde;o Jos&eacute; do Egito e regi&atilde;o j&aacute; tem &#8230; <a title=\"EM CAF\u00c9 DA MANH\u00c3 NAS MELANCIAS, Z\u00c9 MARCOS DIZ QUE &#8216;\u00c9 CANDIDATO E PREGA UNI\u00c3O DAS OPOSI\u00c7\u00d5ES&#8217;\" class=\"read-more\" href=\"https:\/\/blogdomarcellopatriota.com.br\/blog\/em-cafe-da-manha-nas-melancias-ze-marcos-diz-que-e-candidato-e-prega-uniao-das-oposicoes\/\" aria-label=\"Read more about EM CAF\u00c9 DA MANH\u00c3 NAS MELANCIAS, Z\u00c9 MARCOS DIZ QUE &#8216;\u00c9 CANDIDATO E PREGA UNI\u00c3O DAS OPOSI\u00c7\u00d5ES&#8217;\">Ler mais<\/a><\/p>\n","protected":false},"author":2,"featured_media":0,"comment_status":"open","ping_status":"open","sticky":false,"template":"","format":"standard","meta":{"footnotes":""},"categories":[1],"tags":[],"class_list":["post-23006","post","type-post","status-publish","format-standard","hentry","category-sem-categoria"],"_links":{"self":[{"href":"https:\/\/blogdomarcellopatriota.com.br\/blog\/wp-json\/wp\/v2\/posts\/23006","targetHints":{"allow":["GET"]}}],"collection":[{"href":"https:\/\/blogdomarcellopatriota.com.br\/blog\/wp-json\/wp\/v2\/posts"}],"about":[{"href":"https:\/\/blogdomarcellopatriota.com.br\/blog\/wp-json\/wp\/v2\/types\/post"}],"author":[{"embeddable":true,"href":"https:\/\/blogdomarcellopatriota.com.br\/blog\/wp-json\/wp\/v2\/users\/2"}],"replies":[{"embeddable":true,"href":"https:\/\/blogdomarcellopatriota.com.br\/blog\/wp-json\/wp\/v2\/comments?post=23006"}],"version-history":[{"count":7,"href":"https:\/\/blogdomarcellopatriota.com.br\/blog\/wp-json\/wp\/v2\/posts\/23006\/revisions"}],"predecessor-version":[{"id":23015,"href":"https:\/\/blogdomarcellopatriota.com.br\/blog\/wp-json\/wp\/v2\/posts\/23006\/revisions\/23015"}],"wp:attachment":[{"href":"https:\/\/blogdomarcellopatriota.com.br\/blog\/wp-json\/wp\/v2\/media?parent=23006"}],"wp:term":[{"taxonomy":"category","embeddable":true,"href":"https:\/\/blogdomarcellopatriota.com.br\/blog\/wp-json\/wp\/v2\/categories?post=23006"},{"taxonomy":"post_tag","embeddable":true,"href":"https:\/\/blogdomarcellopatriota.com.br\/blog\/wp-json\/wp\/v2\/tags?post=23006"}],"curies":[{"name":"wp","href":"https:\/\/api.w.org\/{rel}","templated":true}]}}