{"id":23033,"date":"2020-01-15T07:58:56","date_gmt":"2020-01-15T10:58:56","guid":{"rendered":"http:\/\/blogdomarcellopatriota.com.br\/blog\/?p=23033"},"modified":"2020-01-15T07:58:56","modified_gmt":"2020-01-15T10:58:56","slug":"governador-cancela-agenda-no-pajeu","status":"publish","type":"post","link":"https:\/\/blogdomarcellopatriota.com.br\/blog\/governador-cancela-agenda-no-pajeu\/","title":{"rendered":"Governador cancela agenda no Paje\u00fa"},"content":{"rendered":"<p><em><a href=\"https:\/\/i1.wp.com\/nilljunior.com.br\/wp-content\/uploads\/2019\/12\/Governador-Paulo-Camara-inaugura-Habitacional-Julia-Beatriz-em-Olinda55101279.jpg\"><img fetchpriority=\"high\" decoding=\"async\" class=\"alignleft wp-image-164243\" src=\"https:\/\/i1.wp.com\/nilljunior.com.br\/wp-content\/uploads\/2019\/12\/Governador-Paulo-Camara-inaugura-Habitacional-Julia-Beatriz-em-Olinda55101279.jpg?resize=400%2C267\" sizes=\"(max-width: 400px) 100vw, 400px\" srcset=\"https:\/\/i1.wp.com\/nilljunior.com.br\/wp-content\/uploads\/2019\/12\/Governador-Paulo-Camara-inaugura-Habitacional-Julia-Beatriz-em-Olinda55101279.jpg?resize=600%2C400 600w, https:\/\/i1.wp.com\/nilljunior.com.br\/wp-content\/uploads\/2019\/12\/Governador-Paulo-Camara-inaugura-Habitacional-Julia-Beatriz-em-Olinda55101279.jpg?resize=150%2C100 150w, https:\/\/i1.wp.com\/nilljunior.com.br\/wp-content\/uploads\/2019\/12\/Governador-Paulo-Camara-inaugura-Habitacional-Julia-Beatriz-em-Olinda55101279.jpg?resize=300%2C200 300w, https:\/\/i1.wp.com\/nilljunior.com.br\/wp-content\/uploads\/2019\/12\/Governador-Paulo-Camara-inaugura-Habitacional-Julia-Beatriz-em-Olinda55101279.jpg?resize=768%2C512 768w, https:\/\/i1.wp.com\/nilljunior.com.br\/wp-content\/uploads\/2019\/12\/Governador-Paulo-Camara-inaugura-Habitacional-Julia-Beatriz-em-Olinda55101279.jpg?w=1400 1400w\" alt=\"\" width=\"347\" height=\"231\" data-attachment-id=\"164243\" data-permalink=\"http:\/\/nilljunior.com.br\/conjunto-habitacional-julia-beatriz-e-entregue-em-olinda\/governador-paulo-camara-inaugura-habitacional-julia-beatriz-em-olinda55101279\/\" data-orig-file=\"https:\/\/i1.wp.com\/nilljunior.com.br\/wp-content\/uploads\/2019\/12\/Governador-Paulo-Camara-inaugura-Habitacional-Julia-Beatriz-em-Olinda55101279.jpg?fit=1400%2C933\" data-orig-size=\"1400,933\" data-comments-opened=\"1\" data-image-meta=\"{&quot;aperture&quot;:&quot;9&quot;,&quot;credit&quot;:&quot;&quot;,&quot;camera&quot;:&quot;Canon EOS 6D&quot;,&quot;caption&quot;:&quot;&quot;,&quot;created_timestamp&quot;:&quot;1575636631&quot;,&quot;copyright&quot;:&quot;&quot;,&quot;focal_length&quot;:&quot;140&quot;,&quot;iso&quot;:&quot;640&quot;,&quot;shutter_speed&quot;:&quot;0.00625&quot;,&quot;title&quot;:&quot;&quot;,&quot;orientation&quot;:&quot;1&quot;}\" data-image-title=\"Governador Paulo Camara inaugura Habitacional Julia Beatriz em Olinda55[101279]\" data-image-description=\"\" data-medium-file=\"https:\/\/i1.wp.com\/nilljunior.com.br\/wp-content\/uploads\/2019\/12\/Governador-Paulo-Camara-inaugura-Habitacional-Julia-Beatriz-em-Olinda55101279.jpg?fit=300%2C200\" data-large-file=\"https:\/\/i1.wp.com\/nilljunior.com.br\/wp-content\/uploads\/2019\/12\/Governador-Paulo-Camara-inaugura-Habitacional-Julia-Beatriz-em-Olinda55101279.jpg?fit=600%2C400\" \/><\/a><strong>Por Anchieta Santos<\/strong><\/em><\/p>\n<p>A agenda do Governador Paulo C\u00e2mara anunciada para amanh\u00e3, quinta-feira (16) foi cancelada. Uma agenda administrativa intransfer\u00edvel resultou no cancelamento.\u00a0 Na programa\u00e7\u00e3o constava inaugura\u00e7\u00f5es de saneamento em Itapetim; Esta\u00e7\u00e3o de Tratamento de \u00c1gua da Compesa em Tabira; abastecimento de \u00e1gua do Povoado de Santa Rosa no munic\u00edpio de Ingazeira e a\u00e7\u00f5es diversas em Cust\u00f3dia. Uma nova data para a vinda do Governador ser\u00e1 definida para os pr\u00f3ximos dias.<\/p>\n","protected":false},"excerpt":{"rendered":"<p>Por Anchieta Santos A agenda do Governador Paulo C&acirc;mara anunciada para amanh&atilde;, quinta-feira (16) foi cancelada. Uma agenda administrativa intransfer&iacute;vel resultou no cancelamento.&nbsp; Na programa&ccedil;&atilde;o constava inaugura&ccedil;&otilde;es de saneamento em Itapetim; Esta&ccedil;&atilde;o de Tratamento de &Aacute;gua da Compesa em Tabira; abastecimento de &aacute;gua do Povoado de Santa Rosa no munic&iacute;pio de Ingazeira e a&ccedil;&otilde;es diversas &#8230; <a title=\"Governador cancela agenda no Paje\u00fa\" class=\"read-more\" href=\"https:\/\/blogdomarcellopatriota.com.br\/blog\/governador-cancela-agenda-no-pajeu\/\" aria-label=\"Read more about Governador cancela agenda no Paje\u00fa\">Ler mais<\/a><\/p>\n","protected":false},"author":2,"featured_media":0,"comment_status":"open","ping_status":"open","sticky":false,"template":"","format":"standard","meta":{"footnotes":""},"categories":[1],"tags":[],"class_list":["post-23033","post","type-post","status-publish","format-standard","hentry","category-sem-categoria"],"_links":{"self":[{"href":"https:\/\/blogdomarcellopatriota.com.br\/blog\/wp-json\/wp\/v2\/posts\/23033","targetHints":{"allow":["GET"]}}],"collection":[{"href":"https:\/\/blogdomarcellopatriota.com.br\/blog\/wp-json\/wp\/v2\/posts"}],"about":[{"href":"https:\/\/blogdomarcellopatriota.com.br\/blog\/wp-json\/wp\/v2\/types\/post"}],"author":[{"embeddable":true,"href":"https:\/\/blogdomarcellopatriota.com.br\/blog\/wp-json\/wp\/v2\/users\/2"}],"replies":[{"embeddable":true,"href":"https:\/\/blogdomarcellopatriota.com.br\/blog\/wp-json\/wp\/v2\/comments?post=23033"}],"version-history":[{"count":1,"href":"https:\/\/blogdomarcellopatriota.com.br\/blog\/wp-json\/wp\/v2\/posts\/23033\/revisions"}],"predecessor-version":[{"id":23034,"href":"https:\/\/blogdomarcellopatriota.com.br\/blog\/wp-json\/wp\/v2\/posts\/23033\/revisions\/23034"}],"wp:attachment":[{"href":"https:\/\/blogdomarcellopatriota.com.br\/blog\/wp-json\/wp\/v2\/media?parent=23033"}],"wp:term":[{"taxonomy":"category","embeddable":true,"href":"https:\/\/blogdomarcellopatriota.com.br\/blog\/wp-json\/wp\/v2\/categories?post=23033"},{"taxonomy":"post_tag","embeddable":true,"href":"https:\/\/blogdomarcellopatriota.com.br\/blog\/wp-json\/wp\/v2\/tags?post=23033"}],"curies":[{"name":"wp","href":"https:\/\/api.w.org\/{rel}","templated":true}]}}