{"id":23036,"date":"2020-01-15T14:36:48","date_gmt":"2020-01-15T17:36:48","guid":{"rendered":"http:\/\/blogdomarcellopatriota.com.br\/blog\/?p=23036"},"modified":"2020-01-15T11:37:55","modified_gmt":"2020-01-15T14:37:55","slug":"tabira-josete-amaral-promete-apoio-mas-nao-ve-candidatura-do-irmao-jose-amaral-como-natural","status":"publish","type":"post","link":"https:\/\/blogdomarcellopatriota.com.br\/blog\/tabira-josete-amaral-promete-apoio-mas-nao-ve-candidatura-do-irmao-jose-amaral-como-natural\/","title":{"rendered":"TABIRA |  Josete Amaral promete apoio, mas n\u00e3o v\u00ea candidatura do irm\u00e3o Jos\u00e9 Amaral como natural"},"content":{"rendered":"<p><a href=\"https:\/\/i0.wp.com\/nilljunior.com.br\/wp-content\/uploads\/2020\/01\/Josete-Amaral.jpg\"><img fetchpriority=\"high\" decoding=\"async\" class=\"alignleft wp-image-166784\" src=\"https:\/\/i0.wp.com\/nilljunior.com.br\/wp-content\/uploads\/2020\/01\/Josete-Amaral.jpg?resize=400%2C266\" sizes=\"(max-width: 400px) 100vw, 400px\" srcset=\"https:\/\/i0.wp.com\/nilljunior.com.br\/wp-content\/uploads\/2020\/01\/Josete-Amaral.jpg?resize=600%2C400 600w, https:\/\/i0.wp.com\/nilljunior.com.br\/wp-content\/uploads\/2020\/01\/Josete-Amaral.jpg?resize=150%2C100 150w, https:\/\/i0.wp.com\/nilljunior.com.br\/wp-content\/uploads\/2020\/01\/Josete-Amaral.jpg?resize=300%2C200 300w, https:\/\/i0.wp.com\/nilljunior.com.br\/wp-content\/uploads\/2020\/01\/Josete-Amaral.jpg?w=640 640w\" alt=\"\" width=\"400\" height=\"267\" data-attachment-id=\"166784\" data-permalink=\"http:\/\/nilljunior.com.br\/josete-amaral-promete-apoio-mas-nao-ve-candidatura-do-irmao-jose-amaral-como-natural\/josete-amaral-10\/\" data-orig-file=\"https:\/\/i0.wp.com\/nilljunior.com.br\/wp-content\/uploads\/2020\/01\/Josete-Amaral.jpg?fit=640%2C426\" data-orig-size=\"640,426\" data-comments-opened=\"1\" data-image-meta=\"{&quot;aperture&quot;:&quot;0&quot;,&quot;credit&quot;:&quot;&quot;,&quot;camera&quot;:&quot;&quot;,&quot;caption&quot;:&quot;&quot;,&quot;created_timestamp&quot;:&quot;0&quot;,&quot;copyright&quot;:&quot;&quot;,&quot;focal_length&quot;:&quot;0&quot;,&quot;iso&quot;:&quot;0&quot;,&quot;shutter_speed&quot;:&quot;0&quot;,&quot;title&quot;:&quot;&quot;,&quot;orientation&quot;:&quot;1&quot;}\" data-image-title=\"Josete Amaral\" data-image-description=\"\" data-medium-file=\"https:\/\/i0.wp.com\/nilljunior.com.br\/wp-content\/uploads\/2020\/01\/Josete-Amaral.jpg?fit=300%2C200\" data-large-file=\"https:\/\/i0.wp.com\/nilljunior.com.br\/wp-content\/uploads\/2020\/01\/Josete-Amaral.jpg?fit=600%2C400\" \/><\/a><em>Por Anchieta Santos<\/em><\/p>\n<p>Na condi\u00e7\u00e3o de principal cabo eleitoral do vice-prefeito Jos\u00e9 Amaral, pr\u00e9-candidato \u00e0 sucess\u00e3o do Prefeito Sebasti\u00e3o Dias (PTB), o m\u00e9dico e ex-prefeito de Tabira por dois mandatos Josete Amaral, falou nesta ter\u00e7a-feira (14.01), ao comunicador \u00a0na R\u00e1dio Cidade FM.<\/p>\n<p>Josete enfrentou questionamentos diversos como: o apoio a chapa Z\u00e9 de Bira\/Edgley Freitas mesmo com o irm\u00e3o Jos\u00e9 Amaral sendo candidato a vice na chapa do Prefeito Sebasti\u00e3o Dias em 2016.<\/p>\n<p>Se a atua\u00e7\u00e3o como vice ou o fato de ser irm\u00e3o do ex-prefeito Josete \u00e9 que credencia Jos\u00e9 a ser prefeito. Sobre a cr\u00edtica de que Jos\u00e9 Amaral como Secret\u00e1rio do governo Josete teria desgastado a gest\u00e3o.<\/p>\n<p>Tamb\u00e9m falou sobre a possibilidade de voltar a morar em Tabira e dirigir o hospital municipal. Ainda sobre o discurso de Jos\u00e9 que se coloca como candidato natural do bloco governista e a amea\u00e7a de que sendo vetado pelo bloco governista poderia se aliar ao desafeto Dinca Brandino.<\/p>\n<p>Inicialmente Josete Amaral afirmou que cada elei\u00e7\u00e3o tem sua hist\u00f3ria e desta vez defende a candidatura do irm\u00e3o. Sem citar a atua\u00e7\u00e3o como vice, Josete disse que Jos\u00e9 \u00e9 atencioso e fez bom trabalho como secret\u00e1rio.<\/p>\n<p>Para responder sobre a forte influ\u00eancia do irm\u00e3o em seu governo, o ex-prefeito subiu o tom parecendo n\u00e3o ter gostado da cita\u00e7\u00e3o e garantiu que em sua administra\u00e7\u00e3o foi ele quem esteve \u00e0 frente das decis\u00f5es.<\/p>\n<p>N\u00e3o entende que o Prefeito Sebasti\u00e3o tenha candidato natural e que o grupo \u00e9 que deve escolher o nome. Prometeu ir \u00e0 luta no porta-porta da campanha se o irm\u00e3o for candidato, fazendo diferente at\u00e9 mesmo do processo onde disputou a reelei\u00e7\u00e3o.<\/p>\n<p>Amaral admitiu colaborar com o hospital, mas n\u00e3o confirmou a possibilidade de voltar a morar em Tabira e recha\u00e7ou qualquer possibilidade de apoiar Jos\u00e9 Amaral em eventual alian\u00e7a com Dinca. \u201cJamais teria o meu apoio. Ele seria deserdado\u201d.<\/p>\n<p>Parecendo incomodado pelas perguntas, o m\u00e9dico encerrou a entrevista feita por telefone justificando que precisava atender um paciente que acabava de chegar em estado grav\u00edssimo ao Hospital onde ele estava.<\/p>\n","protected":false},"excerpt":{"rendered":"<p>Por Anchieta Santos Na condi&ccedil;&atilde;o de principal cabo eleitoral do vice-prefeito Jos&eacute; Amaral, pr&eacute;-candidato &agrave; sucess&atilde;o do Prefeito Sebasti&atilde;o Dias (PTB), o m&eacute;dico e ex-prefeito de Tabira por dois mandatos Josete Amaral, falou nesta ter&ccedil;a-feira (14.01), ao comunicador &nbsp;na R&aacute;dio Cidade FM. Josete enfrentou questionamentos diversos como: o apoio a chapa Z&eacute; de Bira\/Edgley Freitas &#8230; <a title=\"TABIRA |  Josete Amaral promete apoio, mas n\u00e3o v\u00ea candidatura do irm\u00e3o Jos\u00e9 Amaral como natural\" class=\"read-more\" href=\"https:\/\/blogdomarcellopatriota.com.br\/blog\/tabira-josete-amaral-promete-apoio-mas-nao-ve-candidatura-do-irmao-jose-amaral-como-natural\/\" aria-label=\"Read more about TABIRA |  Josete Amaral promete apoio, mas n\u00e3o v\u00ea candidatura do irm\u00e3o Jos\u00e9 Amaral como natural\">Ler mais<\/a><\/p>\n","protected":false},"author":2,"featured_media":0,"comment_status":"open","ping_status":"open","sticky":false,"template":"","format":"standard","meta":{"footnotes":""},"categories":[1],"tags":[],"class_list":["post-23036","post","type-post","status-publish","format-standard","hentry","category-sem-categoria"],"_links":{"self":[{"href":"https:\/\/blogdomarcellopatriota.com.br\/blog\/wp-json\/wp\/v2\/posts\/23036","targetHints":{"allow":["GET"]}}],"collection":[{"href":"https:\/\/blogdomarcellopatriota.com.br\/blog\/wp-json\/wp\/v2\/posts"}],"about":[{"href":"https:\/\/blogdomarcellopatriota.com.br\/blog\/wp-json\/wp\/v2\/types\/post"}],"author":[{"embeddable":true,"href":"https:\/\/blogdomarcellopatriota.com.br\/blog\/wp-json\/wp\/v2\/users\/2"}],"replies":[{"embeddable":true,"href":"https:\/\/blogdomarcellopatriota.com.br\/blog\/wp-json\/wp\/v2\/comments?post=23036"}],"version-history":[{"count":1,"href":"https:\/\/blogdomarcellopatriota.com.br\/blog\/wp-json\/wp\/v2\/posts\/23036\/revisions"}],"predecessor-version":[{"id":23037,"href":"https:\/\/blogdomarcellopatriota.com.br\/blog\/wp-json\/wp\/v2\/posts\/23036\/revisions\/23037"}],"wp:attachment":[{"href":"https:\/\/blogdomarcellopatriota.com.br\/blog\/wp-json\/wp\/v2\/media?parent=23036"}],"wp:term":[{"taxonomy":"category","embeddable":true,"href":"https:\/\/blogdomarcellopatriota.com.br\/blog\/wp-json\/wp\/v2\/categories?post=23036"},{"taxonomy":"post_tag","embeddable":true,"href":"https:\/\/blogdomarcellopatriota.com.br\/blog\/wp-json\/wp\/v2\/tags?post=23036"}],"curies":[{"name":"wp","href":"https:\/\/api.w.org\/{rel}","templated":true}]}}