{"id":23042,"date":"2020-01-15T01:05:23","date_gmt":"2020-01-15T04:05:23","guid":{"rendered":"http:\/\/blogdomarcellopatriota.com.br\/blog\/?p=23042"},"modified":"2020-01-15T13:51:05","modified_gmt":"2020-01-15T16:51:05","slug":"giro-pelos-blogs15-01-2020","status":"publish","type":"post","link":"https:\/\/blogdomarcellopatriota.com.br\/blog\/giro-pelos-blogs15-01-2020\/","title":{"rendered":"************Giro pelos Blog&#8217;S=======(15.01.2020)****"},"content":{"rendered":"<p class=\"blog-post-meta\"><span style=\"font-size: 24pt;\">Coluna do Blog do Magno Martins<\/span><\/p>\n<p><strong><img fetchpriority=\"high\" decoding=\"async\" class=\"alignleft\" src=\"http:\/\/blogdomagno.com.br\/admin\/ckeditor\/ckfinder\/images\/edinho.jpg\" alt=\"\" width=\"323\" height=\"214\" \/>Edinho detona C\u00e2mara e Geraldo J\u00falio<\/strong><\/p>\n<p>Os recados que o publicit\u00e1rio Edson Barbosa mandou, ontem, em entrevista ao Frente a Frente direto de Salvador, s\u00e3o de gente do ramo da engenharia pol\u00edtica. Edinho, como \u00e9 mais conhecido, talvez tenha sido o profissional de comunica\u00e7\u00e3o mais pr\u00f3ximo ao ex-governador Eduardo Campos, a quem foi apresentado pelo tamb\u00e9m c\u00e9lebre Duda Mendon\u00e7a.<\/p>\n<p>N\u00e3o h\u00e1 sentimento de rancor de sua parte por n\u00e3o integrar mais o pool de ag\u00eancias que servem ao Governo do Estado e ao PSB, at\u00e9 porque sua influ\u00eancia e seu poder extrapolam as fronteiras de Pernambuco e da Bahia, onde mora, sendo uma voz das mais sensatas ouvidas por grandes lideran\u00e7as pol\u00edticas do Pa\u00eds.<\/p>\n<p>O que h\u00e1 nele, de verdade, \u00e9 um sentimento de frustra\u00e7\u00e3o com Paulo C\u00e2mara, por este ter jogado fora a oportunidade dada por Eduardo para se transformar numa grande lideran\u00e7a e por Geraldo J\u00falio insistir numa gest\u00e3o cosm\u00e9tica \u00e0 frente da Prefeitura do Recife.<\/p>\n<p><strong>Venda casada \u2013<\/strong>\u00a0A presidente do Procon Recife, Ana Paula Jardim, fiscaliza com rigor as den\u00fancias que chegaram ao seu conhecimento de venda casada de barracas ao longo da praia de Boa Viagem. Como isso se daria? O comerciante alugaria a cadeira para o consumidor e o condicionaria a consumir na barraca dele a venda do balde de cerveja ao inv\u00e9s da unidade da cerveja.<\/p>\n<p><strong>Caindo fora \u2013<\/strong>\u00a0O presidente do PSD, Andr\u00e9 de Paula, retorna ao Recife na pr\u00f3xima sexta-feira depois de refrescar a cuca no recesso parlamentar nos Estados Unidos por 15 dias. Deve ter aproveitado a dist\u00e2ncia para amadurecer a ideia de se afastar, definitivamente, das bases que do Governo Paulo C\u00e2mara. Entre ele e Rodrigo Novaes, sabe que C\u00e2mara optou pelo desafeto.<\/p>\n<p><strong>Conven\u00e7\u00f5es \u2013<\/strong>\u00a0Ao ler, ontem, aqui, que Salvador est\u00e1 inaugurando um novo Centro de Conven\u00e7\u00f5es, o deputado Alberto Feitosa (SD) lamentou que o prefeito Geraldo J\u00falio n\u00e3o transforme a extensa \u00e1rea desocupada no Aeroclube, no Pina, num equipamento semelhante. \u201cA Prefeitura quer construir casas populares, o que n\u00e3o cai bem para aquela \u00e1rea t\u00e3o privilegiada\u201d, afirmou.<\/p>\n<p><strong>Mau pagador \u2013<\/strong>\u00a0O prefeito de S\u00e3o Jos\u00e9 da Coroa Grande, Pell Lajes (PEN), j\u00e1 fechou praticamente a grade das atra\u00e7\u00f5es do Carnaval, mas esqueceu um detalhe: n\u00e3o pagou ainda os cach\u00eas dos artistas que se apresentaram na festa do momo, ano passado. Os convidados est\u00e3o desconfiados de calote.<\/p>\n<p><strong>Carnaval \u2013<\/strong>\u00a0O maestro Edson Rodrigues e o Bloco das Flores foram escolhidos pelo prefeito Geraldo J\u00falio para serem homenageados no carnaval deste ano, que ele j\u00e1 profetiza o maior da hist\u00f3ria. Em Salvador, a rede hoteleira j\u00e1 est\u00e1 praticamente reservada para os quatro dias de folia. A cidade tem 37 mil leitos.<\/p>\n<p><strong>SA\u00daDE \u2013\u00a0<\/strong>O governador Paulo C\u00e2mara nomeou, ontem, mais 389 concursados da \u00faltima sele\u00e7\u00e3o da \u00e1rea de sa\u00fade. S\u00e3o m\u00e9dicos de diversas especialidades, al\u00e9m de biom\u00e9dicos, farmac\u00eauticos e 112 profissionais de n\u00edvel t\u00e9cnico. Desde 2015, quando come\u00e7aram as nomea\u00e7\u00f5es, s\u00e3o 7,9 mil contratados.<\/p>\n<p><strong>Perguntar n\u00e3o ofende: At\u00e9 quando S\u00e9rgio Moro resiste as conspira\u00e7\u00f5es do presidente Bolsonaro?<\/strong><\/p>\n<p><span style=\"font-size: 24pt;\">Coluna do FinFa<\/span><\/p>\n<p><img decoding=\"async\" class=\"aligncenter\" src=\"http:\/\/blogdofinfa.com.br\/wp-content\/uploads\/2020\/01\/DSC_9931.jpg\" width=\"564\" height=\"317\" \/><\/p>\n<p><strong>Sucesso<\/strong>\u00a0\u2013 Dando continuidade a programa\u00e7\u00e3o da tradicional Festa de Sebasti\u00e3o, padroeiro da cidade de Iguaracy-PE, ontem (14), aconteceu a quinta noite, e quem agitou a multid\u00e3o na Pra\u00e7a Ant\u00f4nio Rabelo, foi o Rei do Pizeiro, o cantor Victor Fernandes. \u201c<em>O prefeito Zeinha Torres est\u00e1 de parab\u00e9ns por conseguir resgatar as festas tradicionais do nosso munic\u00edpio. Isso \u00e9 orgulho para os iguaraciense, onde movimenta a economia local, gera mais empregos e receita para a cidade\u201d,<\/em>\u00a0disse o secret\u00e1rio Edjanilson Rodrigues. Hoje quem se apresenta \u00e9 o DJ WRocha.<\/p>\n<p><strong>Prorrogado<\/strong>\u00a0\u2013 A Prefeitura Municipal de Cust\u00f3dia, atrav\u00e9s do Diretor Administrativo, C\u00edcero Almeida, informa aos agricultores inscritos no Garantia Safra 2019\/2020, que foi prorrogado o prazo de pagamento do boleto, para a pr\u00f3xima sexta-feira, 17\/01\/2020. Informamos ainda, que a entrega dos boletos continuar\u00e1 na secretaria de Agricultura, no Parque de Exposi\u00e7\u00f5es, das 8 \u00e0s 12 horas.<\/p>\n<p><strong>Disse<\/strong>\u00a0\u2013<em>\u00a0\u201cA nomea\u00e7\u00e3o refor\u00e7a a assist\u00eancia \u00e0 Sa\u00fade nas nossas unidades e traz uma marca deste governo, que \u00e9 a preocupa\u00e7\u00e3o com a reposi\u00e7\u00e3o dos profissionais de Sa\u00fade nessas unidades. J\u00e1 s\u00e3o quase oito mil profissionais nomeados ao longo desses quase seis anos de gest\u00e3o. S\u00e3o 1.290 somente nesta segunda gest\u00e3o. Isso demonstra o compromisso do governador Paulo C\u00e2mara\u201d.<\/em>\u00a0<strong>(Secret\u00e1rio Estadual de Sa\u00fade, Andr\u00e9 Longo, ap\u00f3s o Governador Paulo C\u00e2mara, nomear 389 novos servidores concursados para a Sa\u00fade do Estado)<\/strong><\/p>\n<p><strong><img decoding=\"async\" class=\"alignleft size-full wp-image-150357\" src=\"http:\/\/blogdofinfa.com.br\/wp-content\/uploads\/2020\/01\/download-2-5.jpg\" alt=\"\" width=\"264\" height=\"191\" \/>Disparou<\/strong>\u00a0\u2013 Uma fonte em contato com o<strong> blog do FINFA<\/strong>, afirmou que na cidade de S\u00e3o Jos\u00e9 do Egito, foi realizada uma pesquisa recentemente, e o prefeito Evandro Valadares<strong>\u00a0(foto)<\/strong>, disparou diante dos seus opositores. Procede?<\/p>\n<p><strong>Frase<\/strong>\u00a0\u2013\u00a0<em>\u201cTodos os tabirenses devem agradecer muito ao governador Paulo C\u00e2mara por esta grande obra\u201d.<\/em>\u00a0<strong>(Empres\u00e1rio da cidade de Tabira, Paulo Manu, ontem da R\u00e1dio Cidade FM, em entrevista ao radialista Anchieta Santos, sobre a constru\u00e7\u00e3o da ETA, realizada pelo Governo de Pernambuco)<\/strong><\/p>\n<p><strong>Perguntar n\u00e3o ofende<\/strong>\u00a0\u2013 A Prefeitura de Floresta-PE pagou os sal\u00e1rios atrasados dos professores municipais?<\/p>\n<p>&nbsp;<\/p>\n<header class=\"entry-header\">\n<h2 class=\"entry-title\">COLUNA DO ITAMAR FRAN\u00c7A<\/h2>\n<\/header>\n<div class=\"entry-content clearfix\">\n<p><strong>ALFINETADAS<\/strong><\/p>\n<p>Em clima de disputa, o ex-prefeito de Afogados da Ingazeira, Totonho Valadares (MDB) e o vice-prefeito Alessandro Palmeira (REDE) v\u00eam trocando ALFINETADAS. Valadares chegou a mencionar a palavra \u2018poste\u2019 ao ser referir ao apoio do prefeito Z\u00e9 Coimbra (PSB) ao vice-prefeito Alessandro Palmeira, lembrando situa\u00e7\u00f5es em que outras lideran\u00e7as recorreram a esse expediente, chegando a citar o\u00a0 petista e ex-prefeito de S\u00e3o Paulo Fernando Haddad. J\u00e1 o vice-prefeito Alessando Palmeira tamb\u00e9m de forma indireta declarou que \u201ca cidade de Afogados da Ingazeira n\u00e3o pode ser governada por algu\u00e9m que votou no presidente da Rep\u00fablica, Jair Bolsonaro\u201d. \u00a0Pode n\u00e3o ser o pren\u00fancio de uma guerra ideol\u00f3gica, mas se houver um racha pol\u00edtico entre Totonho e Coimbra, ser\u00e1 muito explorado o \u2018poste\u2019 e o eleitor de Bolsonaro\u2026<\/p>\n<p>***********************<\/p>\n<p><strong>O POSTE E O VOTO EM BOLSONARO\u2026<\/strong><\/p>\n<p>Por falar nisso, o fato de o ex-prefeito Totonho Valadares (MDB) ter votado em Bolsonaro ir\u00e1 influenciar no voto do eleitor afogadense? Para muitos, o debate \u00e9 municipal e nada influenciar\u00e1 na decis\u00e3o do povo, afinal o brasileiro n\u00e3o vota em partido, mas na figura de quem o representa como candidato. Em suma, Valadares pouco est\u00e1 se lixando quanto ao voto depositado no atual presidente. N\u00e3o h\u00e1 d\u00favida de que isso ser\u00e1 explorado ao extremo durante a campanha eleitoral.<\/p>\n<p>***********************<\/p>\n<p><strong>FARPAS<\/strong><\/p>\n<p>Em Serra Talhada, o ex-prefeito Carlos Evandro (PSB) e o empres\u00e1rio Victor Oliveira (Avante) continua trocando farpas. Na disputa pela indica\u00e7\u00e3o da cabe\u00e7a de chapa, o clima de guerra vem gerando certo desconforto para o deputado federal Sebasti\u00e3o Oliveira (Avante), principal lideran\u00e7a da oposi\u00e7\u00e3o e condutor do processo de escolha na composi\u00e7\u00e3o da chapa. Victor que concorreu o pleito em 2016, n\u00e3o admite que Carlos Evandro seja o candidato do grupo, quando ele (Victor) encarou o desafio enfrentando o prefeito Luciano Duque (PT) na reelei\u00e7\u00e3o, com a m\u00e1quina na m\u00e3o e uma gest\u00e3o bem avaliada pela popula\u00e7\u00e3o. Evandro rebate Victor com o argumento de que as pesquisas de inten\u00e7\u00e3o de voto \u00e9 que devem nortear a defini\u00e7\u00e3o de qualquer candidatura. Seb\u00e1 ter\u00e1 que ter muita habilidade para n\u00e3o haver uma ruptura no grupo.<\/p>\n<p>***********************<\/p>\n<p><strong>ATAQUES<\/strong><\/p>\n<p>Em Iguaraci, a coisa \u00e9 bem semelhante a Serra Talhada e Afogados. \u00c9 que o comerciante Bibi Alves (Avante) pr\u00e9-candidato a prefeito no bloco de oposi\u00e7\u00e3o, vem fazendo cr\u00edticas constantes ao ex-prefeito Dess\u00f3les Monteiro (PTB). Apesar de ambos militarem no campos oposicionista, as coisas n\u00e3o andam bem por l\u00e1. Pelo menos at\u00e9 o momento n\u00e3o se tem conhecimento de qualquer rea\u00e7\u00e3o por parte do ex-prefeito. Pelo andar da carruagem, muito dificilmente Bibi Alves e Dess\u00f3les\u00a0 Monteiro estejam no mesmo palanque, a menos que o clima fique mais ameno\u2026<\/p>\n<p>***********************<\/p>\n<p><strong>N\u00c3O SER\u00c1 Z\u00c9 MARCOS\u2026<\/strong><\/p>\n<p>A ades\u00e3o do vereador Tadeu do Hospital (PTB) ao prefeito de S\u00e3o Jos\u00e9 do Egito, Evandro Valadares (PSB) deixa claro quer o ex-prefeito Jos\u00e9 Marcos de Lima (Avante) n\u00e3o disputar\u00e1 a prefeitura. Tadeu \u00e9 um dos vereadores oposicionistas que declinaram apoio a uma eventual candidatura do ex-gordo. J\u00e1 se porventura o candidato fosse Rom\u00e9rio Guimar\u00e3es (PT), haveria verta restri\u00e7\u00e3o. Na verdade existe uma certa divis\u00e3o no grupo de oposi\u00e7\u00e3o de S\u00e3o Jos\u00e9 do Egito. Lideran\u00e7as ligadas a Z\u00e9 Marcos n\u00e3o nutrem muita aceita\u00e7\u00e3o ao nome de Rom\u00e9rio e vice-versa\u2026<\/p>\n<p>***********************<\/p>\n<p><strong>PP OU PTC<\/strong><\/p>\n<p>Por falar nisso, o ex-prefeito Rom\u00e9rio Guimar\u00e3es est\u00e1 com um dos p\u00e9s fora do Partido dos Trabalhares (PT) de S\u00e3o Jos\u00e9 do Egito. A pr\u00e9-candidatura do vereador Rona Leite a prefeitura deixou o ex-prefeito Rom\u00e9rio \u00e0 deriva, isso porque perdeu o controle da legenda. Flertado pelo deputado estadual e presidente da Alepe, Eriberto Medeiros (PP), Rom\u00e9rio pode ingressar no Progressita ou mesmo no PTC, ambas est\u00e3o sob o controle de Eriberto no estado. A Rom\u00e9rio cabe decidir o seu rumo partid\u00e1rio. A Rona Leite, uma defini\u00e7\u00e3o clara do que verdadeiramente quer, porque a sa\u00edda de Rom\u00e9rio enfraquecer\u00e1 bastante o PT na terra dos poetas.<\/p>\n<p>***********************<\/p>\n<p><strong>N\u00c3O SE REUNIU<\/strong><\/p>\n<p>A Frente Popular de Afogados da Ingazeira durante o ano de 2019 n\u00e3o se reuniu para tratar do pleito municipal de 2020. Com o fim do Conselho Pol\u00edtico, os partidos e as lideran\u00e7as pol\u00edticas ficaram a merc\u00ea do tempo para as suas tomadas de decis\u00f5es. O partido Patriota inflou de pr\u00e9-candidatos, depois desnutriu e a gora o grupo pode migrar para outra sigla partid\u00e1ria. O suplente de vereador M\u00e1rio Martins criou um grupo de pr\u00e9-candidatos ao legislativo de forma independente e o advogado Steno Ferraz montou um grupo paralelo com pr\u00e9-candidatos ligados a Frente Popular. Coimbra come\u00e7a a se preocupar porque se n\u00e3o houver organiza\u00e7\u00e3o e estrat\u00e9gia a proporcional pode perder muitos votos com essa divis\u00e3o. Acredita-se que o socialista tentar\u00e1 convencer os l\u00edderes das legendas a se organizarem, evitando tal divis\u00e3o. Na proporcional apenas dois partidos. Sendo assim, sobrar\u00e3o PSB, PP ou Patriota\u2026<\/p>\n<p>***********************<\/p>\n<p><strong>GLEYBSON MARTINS<\/strong><\/p>\n<p>Em Carna\u00edba a desist\u00eancia de Alessandro Avist\u00e3o de disputar a prefeitura pela oposi\u00e7\u00e3o deixou alguns entusiastas do projeto desanimados. Com isso, o vereador Gleybson Martins (PDT) ganhou for\u00e7a para encabe\u00e7ar a chapa majorit\u00e1ria na terra do Dantas. O pedetista ter\u00e1 pela frente uma elei\u00e7\u00e3o dif\u00edcil, pois enfrentar\u00e1 um candidato com uma gest\u00e3o bem avaliada, que \u00e9 o prefeito Anchieta Patriota (PSB). Gleybson conta atualmente com o apoio de cinco vereadores. Ainda assim, o barbudo tem larga vantagem pelo poder da m\u00e1quina administrativa e pela credibilidade pol\u00edtica que goza dentro do munic\u00edpio. H\u00e1 uma tend\u00eancia de crescimento do pedetista durante o processo eleitoral, quando forem definidas as candidaturas, mas Anchieta continuar\u00e1 sendo o grande favorito, a menos que fatos novos mudem a conjuntura pol\u00edtica local.<\/p>\n<\/div>\n","protected":false},"excerpt":{"rendered":"<p>Coluna do Blog do Magno Martins Edinho detona C&acirc;mara e Geraldo J&uacute;lio Os recados que o publicit&aacute;rio Edson Barbosa mandou, ontem, em entrevista ao Frente a Frente direto de Salvador, s&atilde;o de gente do ramo da engenharia pol&iacute;tica. Edinho, como &eacute; mais conhecido, talvez tenha sido o profissional de comunica&ccedil;&atilde;o mais pr&oacute;ximo ao ex-governador Eduardo &#8230; <a title=\"************Giro pelos Blog&#8217;S=======(15.01.2020)****\" class=\"read-more\" href=\"https:\/\/blogdomarcellopatriota.com.br\/blog\/giro-pelos-blogs15-01-2020\/\" aria-label=\"Read more about ************Giro pelos Blog&#8217;S=======(15.01.2020)****\">Ler mais<\/a><\/p>\n","protected":false},"author":2,"featured_media":0,"comment_status":"open","ping_status":"open","sticky":false,"template":"","format":"standard","meta":{"footnotes":""},"categories":[1],"tags":[],"class_list":["post-23042","post","type-post","status-publish","format-standard","hentry","category-sem-categoria"],"_links":{"self":[{"href":"https:\/\/blogdomarcellopatriota.com.br\/blog\/wp-json\/wp\/v2\/posts\/23042","targetHints":{"allow":["GET"]}}],"collection":[{"href":"https:\/\/blogdomarcellopatriota.com.br\/blog\/wp-json\/wp\/v2\/posts"}],"about":[{"href":"https:\/\/blogdomarcellopatriota.com.br\/blog\/wp-json\/wp\/v2\/types\/post"}],"author":[{"embeddable":true,"href":"https:\/\/blogdomarcellopatriota.com.br\/blog\/wp-json\/wp\/v2\/users\/2"}],"replies":[{"embeddable":true,"href":"https:\/\/blogdomarcellopatriota.com.br\/blog\/wp-json\/wp\/v2\/comments?post=23042"}],"version-history":[{"count":4,"href":"https:\/\/blogdomarcellopatriota.com.br\/blog\/wp-json\/wp\/v2\/posts\/23042\/revisions"}],"predecessor-version":[{"id":23048,"href":"https:\/\/blogdomarcellopatriota.com.br\/blog\/wp-json\/wp\/v2\/posts\/23042\/revisions\/23048"}],"wp:attachment":[{"href":"https:\/\/blogdomarcellopatriota.com.br\/blog\/wp-json\/wp\/v2\/media?parent=23042"}],"wp:term":[{"taxonomy":"category","embeddable":true,"href":"https:\/\/blogdomarcellopatriota.com.br\/blog\/wp-json\/wp\/v2\/categories?post=23042"},{"taxonomy":"post_tag","embeddable":true,"href":"https:\/\/blogdomarcellopatriota.com.br\/blog\/wp-json\/wp\/v2\/tags?post=23042"}],"curies":[{"name":"wp","href":"https:\/\/api.w.org\/{rel}","templated":true}]}}