{"id":23065,"date":"2020-01-16T00:07:44","date_gmt":"2020-01-16T03:07:44","guid":{"rendered":"http:\/\/blogdomarcellopatriota.com.br\/blog\/?p=23065"},"modified":"2020-01-16T09:05:46","modified_gmt":"2020-01-16T12:05:46","slug":"prefeitura-realiza-limpeza-de-barreiros-e-acudes-na-zona-rural-de-tuparatema","status":"publish","type":"post","link":"https:\/\/blogdomarcellopatriota.com.br\/blog\/prefeitura-realiza-limpeza-de-barreiros-e-acudes-na-zona-rural-de-tuparatema\/","title":{"rendered":"Prefeitura realiza limpeza de barreiros e a\u00e7udes na zona rural de Tuparatema"},"content":{"rendered":"<p><a href=\"https:\/\/i0.wp.com\/nilljunior.com.br\/wp-content\/uploads\/2020\/01\/WhatsApp-Image-2020-01-15-at-12.42.15.jpeg\"><img fetchpriority=\"high\" decoding=\"async\" class=\"alignleft wp-image-166815\" src=\"https:\/\/i0.wp.com\/nilljunior.com.br\/wp-content\/uploads\/2020\/01\/WhatsApp-Image-2020-01-15-at-12.42.15.jpeg?resize=400%2C300\" sizes=\"(max-width: 400px) 100vw, 400px\" srcset=\"https:\/\/i0.wp.com\/nilljunior.com.br\/wp-content\/uploads\/2020\/01\/WhatsApp-Image-2020-01-15-at-12.42.15.jpeg?resize=533%2C400 533w, https:\/\/i0.wp.com\/nilljunior.com.br\/wp-content\/uploads\/2020\/01\/WhatsApp-Image-2020-01-15-at-12.42.15.jpeg?resize=300%2C225 300w, https:\/\/i0.wp.com\/nilljunior.com.br\/wp-content\/uploads\/2020\/01\/WhatsApp-Image-2020-01-15-at-12.42.15.jpeg?resize=768%2C576 768w, https:\/\/i0.wp.com\/nilljunior.com.br\/wp-content\/uploads\/2020\/01\/WhatsApp-Image-2020-01-15-at-12.42.15.jpeg?w=1152 1152w\" alt=\"\" width=\"400\" height=\"300\" data-attachment-id=\"166815\" data-permalink=\"http:\/\/nilljunior.com.br\/prefeitura-realiza-limpeza-de-barreiros-e-acudes-na-zona-rural-de-tuparatema\/whatsapp-image-2020-01-15-at-12-42-15\/\" data-orig-file=\"https:\/\/i0.wp.com\/nilljunior.com.br\/wp-content\/uploads\/2020\/01\/WhatsApp-Image-2020-01-15-at-12.42.15.jpeg?fit=1152%2C864\" data-orig-size=\"1152,864\" data-comments-opened=\"1\" data-image-meta=\"{&quot;aperture&quot;:&quot;0&quot;,&quot;credit&quot;:&quot;&quot;,&quot;camera&quot;:&quot;&quot;,&quot;caption&quot;:&quot;&quot;,&quot;created_timestamp&quot;:&quot;0&quot;,&quot;copyright&quot;:&quot;&quot;,&quot;focal_length&quot;:&quot;0&quot;,&quot;iso&quot;:&quot;0&quot;,&quot;shutter_speed&quot;:&quot;0&quot;,&quot;title&quot;:&quot;&quot;,&quot;orientation&quot;:&quot;0&quot;}\" data-image-title=\"WhatsApp Image 2020-01-15 at 12.42.15\" data-image-description=\"\" data-medium-file=\"https:\/\/i0.wp.com\/nilljunior.com.br\/wp-content\/uploads\/2020\/01\/WhatsApp-Image-2020-01-15-at-12.42.15.jpeg?fit=300%2C225\" data-large-file=\"https:\/\/i0.wp.com\/nilljunior.com.br\/wp-content\/uploads\/2020\/01\/WhatsApp-Image-2020-01-15-at-12.42.15.jpeg?fit=533%2C400\" \/><\/a>A Prefeitura de Tuparetama por meio da Secretaria de Obras e Infraestrutura, deu in\u00edcio aos trabalhos de limpeza e amplia\u00e7\u00e3o de barreiros e reservat\u00f3rios na zona rural do munic\u00edpio.<\/p>\n<p>Inicialmente, ser\u00e3o beneficiados os moradores dos s\u00edtios V\u00e1rzea Tapada e Barra. O trabalho que conta com aux\u00edlio de retroescavadeiras, enchedeiras e ca\u00e7ambas, vai possibilitar o armazenamento de \u00e1gua em per\u00edodos chuvosos. O prefeito S\u00e1vio Torres acompanhou de perto os trabalhos e afirmou que o governo municipal vai auxiliar outras comunidades. \u201cPretendemos chegar no m\u00e1ximo de propriedades poss\u00edveis. Esperamos que as chuvas caiam e os reservat\u00f3rios com maiores quantidades acumuladas, proporcionem dias melhores aos produtores rurais.\u201d, disse o gestor. De acordo com o secret\u00e1rio de Obras e vice-prefeito, Tanta Sales, um cronograma foi montado para dar continuidade em outras localidades.<\/p>\n","protected":false},"excerpt":{"rendered":"<p>A Prefeitura de Tuparetama por meio da Secretaria de Obras e Infraestrutura, deu in&iacute;cio aos trabalhos de limpeza e amplia&ccedil;&atilde;o de barreiros e reservat&oacute;rios na zona rural do munic&iacute;pio. Inicialmente, ser&atilde;o beneficiados os moradores dos s&iacute;tios V&aacute;rzea Tapada e Barra. O trabalho que conta com aux&iacute;lio de retroescavadeiras, enchedeiras e ca&ccedil;ambas, vai possibilitar o armazenamento &#8230; <a title=\"Prefeitura realiza limpeza de barreiros e a\u00e7udes na zona rural de Tuparatema\" class=\"read-more\" href=\"https:\/\/blogdomarcellopatriota.com.br\/blog\/prefeitura-realiza-limpeza-de-barreiros-e-acudes-na-zona-rural-de-tuparatema\/\" aria-label=\"Read more about Prefeitura realiza limpeza de barreiros e a\u00e7udes na zona rural de Tuparatema\">Ler mais<\/a><\/p>\n","protected":false},"author":2,"featured_media":0,"comment_status":"open","ping_status":"open","sticky":false,"template":"","format":"standard","meta":{"footnotes":""},"categories":[1],"tags":[],"class_list":["post-23065","post","type-post","status-publish","format-standard","hentry","category-sem-categoria"],"_links":{"self":[{"href":"https:\/\/blogdomarcellopatriota.com.br\/blog\/wp-json\/wp\/v2\/posts\/23065","targetHints":{"allow":["GET"]}}],"collection":[{"href":"https:\/\/blogdomarcellopatriota.com.br\/blog\/wp-json\/wp\/v2\/posts"}],"about":[{"href":"https:\/\/blogdomarcellopatriota.com.br\/blog\/wp-json\/wp\/v2\/types\/post"}],"author":[{"embeddable":true,"href":"https:\/\/blogdomarcellopatriota.com.br\/blog\/wp-json\/wp\/v2\/users\/2"}],"replies":[{"embeddable":true,"href":"https:\/\/blogdomarcellopatriota.com.br\/blog\/wp-json\/wp\/v2\/comments?post=23065"}],"version-history":[{"count":1,"href":"https:\/\/blogdomarcellopatriota.com.br\/blog\/wp-json\/wp\/v2\/posts\/23065\/revisions"}],"predecessor-version":[{"id":23066,"href":"https:\/\/blogdomarcellopatriota.com.br\/blog\/wp-json\/wp\/v2\/posts\/23065\/revisions\/23066"}],"wp:attachment":[{"href":"https:\/\/blogdomarcellopatriota.com.br\/blog\/wp-json\/wp\/v2\/media?parent=23065"}],"wp:term":[{"taxonomy":"category","embeddable":true,"href":"https:\/\/blogdomarcellopatriota.com.br\/blog\/wp-json\/wp\/v2\/categories?post=23065"},{"taxonomy":"post_tag","embeddable":true,"href":"https:\/\/blogdomarcellopatriota.com.br\/blog\/wp-json\/wp\/v2\/tags?post=23065"}],"curies":[{"name":"wp","href":"https:\/\/api.w.org\/{rel}","templated":true}]}}