{"id":23077,"date":"2020-01-16T13:06:29","date_gmt":"2020-01-16T16:06:29","guid":{"rendered":"http:\/\/blogdomarcellopatriota.com.br\/blog\/?p=23077"},"modified":"2020-01-16T13:06:29","modified_gmt":"2020-01-16T16:06:29","slug":"tce-julga-regular-processo-da-prefeitura-de-itapetim","status":"publish","type":"post","link":"https:\/\/blogdomarcellopatriota.com.br\/blog\/tce-julga-regular-processo-da-prefeitura-de-itapetim\/","title":{"rendered":"TCE julga regular processo da prefeitura de Itapetim"},"content":{"rendered":"<p><a href=\"https:\/\/i1.wp.com\/nilljunior.com.br\/wp-content\/uploads\/2019\/02\/AdelmoMoura-Itapetim.jpg\"><img fetchpriority=\"high\" decoding=\"async\" class=\"alignleft wp-image-144237\" src=\"https:\/\/i1.wp.com\/nilljunior.com.br\/wp-content\/uploads\/2019\/02\/AdelmoMoura-Itapetim.jpg?resize=400%2C267\" sizes=\"(max-width: 400px) 100vw, 400px\" srcset=\"https:\/\/i1.wp.com\/nilljunior.com.br\/wp-content\/uploads\/2019\/02\/AdelmoMoura-Itapetim.jpg?resize=600%2C400 600w, https:\/\/i1.wp.com\/nilljunior.com.br\/wp-content\/uploads\/2019\/02\/AdelmoMoura-Itapetim.jpg?resize=150%2C100 150w, https:\/\/i1.wp.com\/nilljunior.com.br\/wp-content\/uploads\/2019\/02\/AdelmoMoura-Itapetim.jpg?resize=300%2C200 300w, https:\/\/i1.wp.com\/nilljunior.com.br\/wp-content\/uploads\/2019\/02\/AdelmoMoura-Itapetim.jpg?resize=768%2C513 768w, https:\/\/i1.wp.com\/nilljunior.com.br\/wp-content\/uploads\/2019\/02\/AdelmoMoura-Itapetim.jpg?w=1600 1600w\" alt=\"\" width=\"400\" height=\"267\" data-attachment-id=\"144237\" data-permalink=\"http:\/\/nilljunior.com.br\/chuvas-em-itapetim-impedem-inauguracao-da-nova-sede-da-secretaria-de-educacao\/adelmomoura-itapetim\/\" data-orig-file=\"https:\/\/i1.wp.com\/nilljunior.com.br\/wp-content\/uploads\/2019\/02\/AdelmoMoura-Itapetim.jpg?fit=1600%2C1068\" data-orig-size=\"1600,1068\" data-comments-opened=\"1\" data-image-meta=\"{&quot;aperture&quot;:&quot;0&quot;,&quot;credit&quot;:&quot;&quot;,&quot;camera&quot;:&quot;&quot;,&quot;caption&quot;:&quot;&quot;,&quot;created_timestamp&quot;:&quot;0&quot;,&quot;copyright&quot;:&quot;&quot;,&quot;focal_length&quot;:&quot;0&quot;,&quot;iso&quot;:&quot;0&quot;,&quot;shutter_speed&quot;:&quot;0&quot;,&quot;title&quot;:&quot;&quot;,&quot;orientation&quot;:&quot;0&quot;}\" data-image-title=\"AdelmoMoura-Itapetim\" data-image-description=\"\" data-medium-file=\"https:\/\/i1.wp.com\/nilljunior.com.br\/wp-content\/uploads\/2019\/02\/AdelmoMoura-Itapetim.jpg?fit=300%2C200\" data-large-file=\"https:\/\/i1.wp.com\/nilljunior.com.br\/wp-content\/uploads\/2019\/02\/AdelmoMoura-Itapetim.jpg?fit=600%2C400\" \/><\/a>A Segunda C\u00e2mara do Tribunal de Contas <em>julgou regular com ressalvas<\/em> o processo n\u00ba 19100248-3, referente a uma presta\u00e7\u00e3o de contas da Prefeitura de Itapetim relativa ao exerc\u00edcio financeiro de 2018. O relator foi o conselheiro Carlos Neves.<\/p>\n<p>Nas contas da gest\u00e3o do prefeito de Itapetim, Adelmo Moura, foram verificadas por meio de auditoria do TCE irregularidades em processos licitat\u00f3rios, por isso foi aplicada uma multa, mas cabe recursos. Representou o Minist\u00e9rio P\u00fablico de Contas, na sess\u00e3o da C\u00e2mara realizada no dia 10 de dezembro de 2019, o procurador Guido Monteiro. As decis\u00f5es foram un\u00e2nimes.<\/p>\n","protected":false},"excerpt":{"rendered":"<p>A Segunda C&acirc;mara do Tribunal de Contas julgou regular com ressalvas o processo n&ordm; 19100248-3, referente a uma presta&ccedil;&atilde;o de contas da Prefeitura de Itapetim relativa ao exerc&iacute;cio financeiro de 2018. O relator foi o conselheiro Carlos Neves. Nas contas da gest&atilde;o do prefeito de Itapetim, Adelmo Moura, foram verificadas por meio de auditoria do &#8230; <a title=\"TCE julga regular processo da prefeitura de Itapetim\" class=\"read-more\" href=\"https:\/\/blogdomarcellopatriota.com.br\/blog\/tce-julga-regular-processo-da-prefeitura-de-itapetim\/\" aria-label=\"Read more about TCE julga regular processo da prefeitura de Itapetim\">Ler mais<\/a><\/p>\n","protected":false},"author":2,"featured_media":0,"comment_status":"open","ping_status":"open","sticky":false,"template":"","format":"standard","meta":{"footnotes":""},"categories":[1],"tags":[],"class_list":["post-23077","post","type-post","status-publish","format-standard","hentry","category-sem-categoria"],"_links":{"self":[{"href":"https:\/\/blogdomarcellopatriota.com.br\/blog\/wp-json\/wp\/v2\/posts\/23077","targetHints":{"allow":["GET"]}}],"collection":[{"href":"https:\/\/blogdomarcellopatriota.com.br\/blog\/wp-json\/wp\/v2\/posts"}],"about":[{"href":"https:\/\/blogdomarcellopatriota.com.br\/blog\/wp-json\/wp\/v2\/types\/post"}],"author":[{"embeddable":true,"href":"https:\/\/blogdomarcellopatriota.com.br\/blog\/wp-json\/wp\/v2\/users\/2"}],"replies":[{"embeddable":true,"href":"https:\/\/blogdomarcellopatriota.com.br\/blog\/wp-json\/wp\/v2\/comments?post=23077"}],"version-history":[{"count":1,"href":"https:\/\/blogdomarcellopatriota.com.br\/blog\/wp-json\/wp\/v2\/posts\/23077\/revisions"}],"predecessor-version":[{"id":23078,"href":"https:\/\/blogdomarcellopatriota.com.br\/blog\/wp-json\/wp\/v2\/posts\/23077\/revisions\/23078"}],"wp:attachment":[{"href":"https:\/\/blogdomarcellopatriota.com.br\/blog\/wp-json\/wp\/v2\/media?parent=23077"}],"wp:term":[{"taxonomy":"category","embeddable":true,"href":"https:\/\/blogdomarcellopatriota.com.br\/blog\/wp-json\/wp\/v2\/categories?post=23077"},{"taxonomy":"post_tag","embeddable":true,"href":"https:\/\/blogdomarcellopatriota.com.br\/blog\/wp-json\/wp\/v2\/tags?post=23077"}],"curies":[{"name":"wp","href":"https:\/\/api.w.org\/{rel}","templated":true}]}}