{"id":23079,"date":"2020-01-16T13:41:52","date_gmt":"2020-01-16T16:41:52","guid":{"rendered":"http:\/\/blogdomarcellopatriota.com.br\/blog\/?p=23079"},"modified":"2020-01-16T13:41:52","modified_gmt":"2020-01-16T16:41:52","slug":"enem-libera-notas-nesta-sexta16","status":"publish","type":"post","link":"https:\/\/blogdomarcellopatriota.com.br\/blog\/enem-libera-notas-nesta-sexta16\/","title":{"rendered":"Enem libera notas nesta sexta(16)"},"content":{"rendered":"<p><img decoding=\"async\" class=\"alignleft\" src=\"https:\/\/reporterdosertao.com\/wp-content\/uploads\/2020\/01\/enem_abr_151019779-696x464.jpg\" width=\"261\" height=\"174\" \/><\/p>\n<p>Nesta sexta-feira (17), os quase 4 milh\u00f5es de participantes do Exame Nacional do Ensino M\u00e9dio (Enem) 2019 ter\u00e3o acesso \u00e0s notas que obtiveram na avalia\u00e7\u00e3o. Para acessar os resultados \u00e9 preciso informar, na\u00a0<a href=\"https:\/\/enem.inep.gov.br\/participante\/#!\/\" target=\"_blank\" rel=\"noopener noreferrer\">P\u00e1gina do Participante<\/a>\u00a0o CPF e a senha cadastrados na hora da inscri\u00e7\u00e3o no exame.<\/p>\n<p>Desde j\u00e1, os estudantes podem se preparar para conferir as notas. Aqueles que n\u00e3o lembram a senha, podem recuper\u00e1-la no pr\u00f3prio sistema. \u00c9 poss\u00edvel acessar o resultado tamb\u00e9m pelo aplicativo do Enem.<\/p>\n","protected":false},"excerpt":{"rendered":"<p>Nesta sexta-feira (17), os quase 4 milh&otilde;es de participantes do Exame Nacional do Ensino M&eacute;dio (Enem) 2019 ter&atilde;o acesso &agrave;s notas que obtiveram na avalia&ccedil;&atilde;o. Para acessar os resultados &eacute; preciso informar, na&nbsp;P&aacute;gina do Participante&nbsp;o CPF e a senha cadastrados na hora da inscri&ccedil;&atilde;o no exame. Desde j&aacute;, os estudantes podem se preparar para conferir &#8230; <a title=\"Enem libera notas nesta sexta(16)\" class=\"read-more\" href=\"https:\/\/blogdomarcellopatriota.com.br\/blog\/enem-libera-notas-nesta-sexta16\/\" aria-label=\"Read more about Enem libera notas nesta sexta(16)\">Ler mais<\/a><\/p>\n","protected":false},"author":2,"featured_media":0,"comment_status":"open","ping_status":"open","sticky":false,"template":"","format":"standard","meta":{"footnotes":""},"categories":[1],"tags":[],"class_list":["post-23079","post","type-post","status-publish","format-standard","hentry","category-sem-categoria"],"_links":{"self":[{"href":"https:\/\/blogdomarcellopatriota.com.br\/blog\/wp-json\/wp\/v2\/posts\/23079","targetHints":{"allow":["GET"]}}],"collection":[{"href":"https:\/\/blogdomarcellopatriota.com.br\/blog\/wp-json\/wp\/v2\/posts"}],"about":[{"href":"https:\/\/blogdomarcellopatriota.com.br\/blog\/wp-json\/wp\/v2\/types\/post"}],"author":[{"embeddable":true,"href":"https:\/\/blogdomarcellopatriota.com.br\/blog\/wp-json\/wp\/v2\/users\/2"}],"replies":[{"embeddable":true,"href":"https:\/\/blogdomarcellopatriota.com.br\/blog\/wp-json\/wp\/v2\/comments?post=23079"}],"version-history":[{"count":1,"href":"https:\/\/blogdomarcellopatriota.com.br\/blog\/wp-json\/wp\/v2\/posts\/23079\/revisions"}],"predecessor-version":[{"id":23080,"href":"https:\/\/blogdomarcellopatriota.com.br\/blog\/wp-json\/wp\/v2\/posts\/23079\/revisions\/23080"}],"wp:attachment":[{"href":"https:\/\/blogdomarcellopatriota.com.br\/blog\/wp-json\/wp\/v2\/media?parent=23079"}],"wp:term":[{"taxonomy":"category","embeddable":true,"href":"https:\/\/blogdomarcellopatriota.com.br\/blog\/wp-json\/wp\/v2\/categories?post=23079"},{"taxonomy":"post_tag","embeddable":true,"href":"https:\/\/blogdomarcellopatriota.com.br\/blog\/wp-json\/wp\/v2\/tags?post=23079"}],"curies":[{"name":"wp","href":"https:\/\/api.w.org\/{rel}","templated":true}]}}