{"id":23089,"date":"2020-01-17T01:35:19","date_gmt":"2020-01-17T04:35:19","guid":{"rendered":"http:\/\/blogdomarcellopatriota.com.br\/blog\/?p=23089"},"modified":"2020-01-17T08:46:55","modified_gmt":"2020-01-17T11:46:55","slug":"giro-pelos-blogs-17-01-2020","status":"publish","type":"post","link":"https:\/\/blogdomarcellopatriota.com.br\/blog\/giro-pelos-blogs-17-01-2020\/","title":{"rendered":"========Giro pelos Blog&#8217;S &#8212;-(17.01.2020)====="},"content":{"rendered":"<p class=\"blog-post-meta\"><span style=\"font-size: 24pt;\">Blog Magno Martins<\/span><\/p>\n<p><strong><img fetchpriority=\"high\" decoding=\"async\" class=\"alignleft\" src=\"https:\/\/correio-cdn3.cworks.cloud\/fileadmin\/_processed_\/e\/0\/csm_Lavagem_do_Bonfim_2020_Colina_Sagrada_Foto_de_Igor_Santos_SecomPMS_5abf662465.jpg\" alt=\"\" width=\"375\" height=\"251\" \/>Tudo a ver com o Galo da Madrugada<\/strong><\/p>\n<p>Rep\u00f3rter do batente da pol\u00edtica, vez por outra me aventuro a entrar na pauta de outras tem\u00e1ticas. Pernambucano, nunca cobri o Galo da Madrugada, o maior arrast\u00e3o de carnaval do planeta. Sempre estive na festa, mas nas coberturas de camarotes, onde aparecem os pol\u00edticos.<\/p>\n<p>Por isso mesmo, n\u00e3o foi f\u00e1cil pegar um solz\u00e3o de 40 graus, ontem, em Salvador, no meio de uma multid\u00e3o estimada em dois milh\u00f5es de fi\u00e9is, para retratar, em tempo real, a prociss\u00e3o do Senhor do Bonfim, que culmina com a Lavagem na Igreja da Colina Sagrada.<\/p>\n<p>S\u00e3o nada menos que 8 km percorridos a p\u00e9, em meio a uma multid\u00e3o rezando, cantando e dan\u00e7ado ax\u00e9 e frevo; Grande parte faz prece ao Senhor Bonfim, pedindo um ano de gra\u00e7a e b\u00ean\u00e7\u00e3os.<\/p>\n<p>Confesso que fui puxado e dei conta do recado, mesmo fervendo no calor como uma chaleira, gra\u00e7as a energia e a magia da gente baiana, a mais carioca de todo ra\u00e7a nordestina. Quem nunca esteve no Bonfim, que cuide de um dia aparecer por l\u00e1. O ax\u00e9 enche de luz.<\/p>\n<p><strong>Recorde baiano \u2013\u00a0<\/strong>No meio da multid\u00e3o que se espremia pelas ladeiras de Salvador em dire\u00e7\u00e3o \u00e0 Igreja do Bonfim me deparei com muitos pol\u00edticos baianos, entre eles o prefeito de Salvador, ACM Neto (DEM), euf\u00f3rico com tantos beijos e abra\u00e7os recebidos pelos soteropolitanos. Em entrevista ao colunista, ele disse que a festa de ontem bateu um recorde: mais de dois milh\u00f5es de pessoas.<\/p>\n<p><strong>Mensagem \u2013<\/strong>\u00a0J\u00e1 o governador da Bahia, Rui Costa (PT), roeu em casa por ter ficado fora da festa do Bonfim pela primeira vez. Submetido a uma pequena cirurgia, o petista se rendeu \u00e0s recomenda\u00e7\u00f5es m\u00e9dicas. Emocionado com a cobertura do meu blog em tempo real, sacou pelo celular uma mensagem de agradecimento e de rever\u00eancia a maior festa religiosa da Bahia.<\/p>\n<p><strong>Candidato global \u2013<\/strong>\u00a0Com total anu\u00eancia das Organiza\u00e7\u00f5es Globo, que enxerga nele a oportunidade de rifar a reelei\u00e7\u00e3o de Bolsonaro, o apresentador Luciano Huck foi uma das estrelas do F\u00f3rum Econ\u00f4mico Mundial de Davos, na Su\u00ed\u00e7a, bombardeando o presidente da Rep\u00fablica. Afirmou que o Brasil carece de pol\u00edticas direcionadas ao combate das desigualdades.<\/p>\n<p><strong>Imposs\u00edvel \u2013<\/strong>\u00a0A chapa no Recife que seria imbat\u00edvel, segundo marqueteiros ouvidos pelo blog, teria Gleide \u00c2ngelo (PSB) na cabe\u00e7a e a tamb\u00e9m delegada Patr\u00edcia Domingos, ainda sem filia\u00e7\u00e3o partid\u00e1ria, na vice. Esquecem que existem dois impedimentos: o PSB vai de Jo\u00e3o Campos e Patr\u00edcia n\u00e3o quer conversa com Gleide.<\/p>\n<p><strong>Cumaru \u2013<\/strong>\u00a0Quem tem esposa prefeita tem que se desdobrar. \u00c9 o caso do presidente da Assembleia Legislativa, Eriberto Medeiros (PP). Casado com a manda-chuva de Cumaru, Mariana Medeiros, entregou, ontem, naquele munic\u00edpio, 90 t\u00edtulos de propriedade a moradores da zona rural e periferia.<\/p>\n<p><strong>DNOCS \u2013<\/strong>\u00a0O deputado Rog\u00e9rio Le\u00e3o comemorou, ontem, a posse do novo coordenador estadual do DNOCS, Marcos Le\u00e3o Filho, indicado pelo deputado Sebasti\u00e3o Oliveira. Em seu discurso, Le\u00e3o destacou o compromisso do presidente Bolsonaro na amplia\u00e7\u00e3o da oferta de \u00e1gua nas regi\u00f5es do semi\u00e1rido.<\/p>\n<p><strong>Perguntar n\u00e3o ofende: Se o presidente Bolsonaro foi para o confronto com a m\u00eddia em defesa do jornalista que controla a sua m\u00eddia, o que ser\u00e1 da TV Globo?<\/strong><\/p>\n<p><span style=\"font-size: 24pt;\">=====Coluna do FinFa====<\/span><\/p>\n<p><img decoding=\"async\" class=\"aligncenter\" src=\"http:\/\/blogdofinfa.com.br\/wp-content\/uploads\/2020\/01\/82284261_2502181946708881_3391585590314008576_o-800x533.jpg\" width=\"457\" height=\"304\" \/><\/p>\n<p><strong>Recebeu visita e agradeceu<\/strong>\u00a0\u2013 O prefeito de Iguaracy, Zeinha Torres, recebeu a visita do Secret\u00e1rio de Agricultura do Estado de Pernambuco, Dilson Peixoto, e o Deputado Federal, Carlos Veras, na tradicional Festa de Janeiro, 2020.\u00a0<em>\u201cAproveitei a visita para agradecer o empenho de ambos para o fortalecimento da agricultura do nosso munic\u00edpio, tamb\u00e9m agradeci ao deputado Carlos Veras, pela emenda direcionada para a aquisi\u00e7\u00e3o de mais uma ambul\u00e2ncia, que em breve estar\u00e1 atendendo nossa popula\u00e7\u00e3o\u201d<\/em>, disse o prefeito Zeinha.<strong><img decoding=\"async\" class=\"alignleft size-medium wp-image-150411\" src=\"http:\/\/blogdofinfa.com.br\/wp-content\/uploads\/2020\/01\/xAos-34-anos-com-tres-vitorias-sucessivas-como-vereadora-do-Recife-Marilia-Arraes-estava-em-triplo-empate-na-busca-docargo-de-governadorade-Pernambuco.jpg.pagespeed.ic_.BZPz_QlvaZ-300x180.jpg\" sizes=\"(max-width: 300px) 100vw, 300px\" srcset=\"https:\/\/blogdofinfa.com.br\/wp-content\/uploads\/2020\/01\/xAos-34-anos-com-tres-vitorias-sucessivas-como-vereadora-do-Recife-Marilia-Arraes-estava-em-triplo-empate-na-busca-docargo-de-governadorade-Pernambuco.jpg.pagespeed.ic_.BZPz_QlvaZ-300x180.jpg 300w, https:\/\/blogdofinfa.com.br\/wp-content\/uploads\/2020\/01\/xAos-34-anos-com-tres-vitorias-sucessivas-como-vereadora-do-Recife-Marilia-Arraes-estava-em-triplo-empate-na-busca-docargo-de-governadorade-Pernambuco.jpg.pagespeed.ic_.BZPz_QlvaZ-768x461.jpg 768w, https:\/\/blogdofinfa.com.br\/wp-content\/uploads\/2020\/01\/xAos-34-anos-com-tres-vitorias-sucessivas-como-vereadora-do-Recife-Marilia-Arraes-estava-em-triplo-empate-na-busca-docargo-de-governadorade-Pernambuco.jpg.pagespeed.ic_.BZPz_QlvaZ-800x480.jpg 800w, https:\/\/blogdofinfa.com.br\/wp-content\/uploads\/2020\/01\/xAos-34-anos-com-tres-vitorias-sucessivas-como-vereadora-do-Recife-Marilia-Arraes-estava-em-triplo-empate-na-busca-docargo-de-governadorade-Pernambuco.jpg.pagespeed.ic_.BZPz_QlvaZ.jpg 1086w\" alt=\"\" width=\"300\" height=\"180\" \/>PT do Recife defende alian\u00e7a com o PSB<\/strong>\u00a0\u2013\u00a0A executiva do PT no Recife se reuniu, nesta quarta-feira (15), para apresentar uma resolu\u00e7\u00e3o aprovada na \u00faltima quarta, que aponta um direcionamento para a manuten\u00e7\u00e3o da alian\u00e7a com o PSB e a Frente Popular. Caso o partido permane\u00e7a junto aos socialistas, a candidatura da deputada federal Mar\u00edlia Arraes (PT) \u00e0 Prefeitura do Recife seria mais uma vez rifada \u2013 como ocorreu em 2018, no pleito pelo Governo do Estado \u2013 e os petistas apoiariam o deputado federal Jo\u00e3o Campos (PSB), primo dela.<\/p>\n<p><strong><img loading=\"lazy\" decoding=\"async\" class=\"alignleft size-medium wp-image-150460\" src=\"http:\/\/blogdofinfa.com.br\/wp-content\/uploads\/2020\/01\/82395086_850020795438367_9212546962627231744_o-300x201.jpg\" sizes=\"(max-width: 300px) 100vw, 300px\" srcset=\"https:\/\/blogdofinfa.com.br\/wp-content\/uploads\/2020\/01\/82395086_850020795438367_9212546962627231744_o-300x201.jpg 300w, https:\/\/blogdofinfa.com.br\/wp-content\/uploads\/2020\/01\/82395086_850020795438367_9212546962627231744_o-768x514.jpg 768w, https:\/\/blogdofinfa.com.br\/wp-content\/uploads\/2020\/01\/82395086_850020795438367_9212546962627231744_o-800x535.jpg 800w, https:\/\/blogdofinfa.com.br\/wp-content\/uploads\/2020\/01\/82395086_850020795438367_9212546962627231744_o-75x50.jpg 75w, https:\/\/blogdofinfa.com.br\/wp-content\/uploads\/2020\/01\/82395086_850020795438367_9212546962627231744_o.jpg 960w\" alt=\"\" width=\"300\" height=\"201\" \/>Iniciou\u00a0\u2013 <\/strong>Obra de pavimenta\u00e7\u00e3o da rua V\u00edtor Vicente Ferreira, no Bairro Paulo VI, em Itapetim, \u00e9 iniciada. O prefeito do munic\u00edpio, Adelmo Moura, visitou o local com o\u00a0diretor de Infraestrutura, Seu Dido, e do morador Dem\u00f3stenes.Bateu recorde\u00a0\u2013<\/p>\n<p>Dados revelados pela Infraero nessa quarta-feira (15) mostram que o\u00a0Aeroporto Internacional do Recife\u00a0bateu recorde hist\u00f3rico de movimenta\u00e7\u00e3o. Entre embarques e desembarques, passaram pelo terminal 8.531.312 passageiros at\u00e9 31 de dezembro do ano passado. O n\u00famero \u00e9 cerca de 1,3% maior que em 2018, quando transitaram 8.422.566 pessoas.\u00a0Para o secret\u00e1rio de Turismo e Lazer de Pernambuco, Rodrigo Novaes, o resultado \u00e9 fruto do investimento em a\u00e7\u00f5es promocionais do Estado e de atra\u00e7\u00e3o de novos voos.<\/p>\n<p><img loading=\"lazy\" decoding=\"async\" class=\"aligncenter\" src=\"http:\/\/blogdofinfa.com.br\/wp-content\/uploads\/2020\/01\/82234876_2753253064756303_3354280436388855808_n-600x600.jpg\" width=\"513\" height=\"513\" \/><\/p>\n<p><strong>Ingazeira \u2013\u00a0<\/strong>Equipe de Endemias juntamente com ACS\u2019s da \u00e1rea realizaram, no dia (15\/01), movimento contra as ARBOVIROSES. Foram realizados procedimentos de esvaziamento e limpeza dos reservat\u00f3rios e com o apoio do carro pipa os mesmos foram reabastecidos.<\/p>\n<p><strong><img loading=\"lazy\" decoding=\"async\" class=\"alignleft wp-image-150466\" src=\"http:\/\/blogdofinfa.com.br\/wp-content\/uploads\/2020\/01\/3fef73d9-cd92-4dde-a44f-87879c07c49f-300x300.jpg\" sizes=\"(max-width: 199px) 100vw, 199px\" srcset=\"https:\/\/blogdofinfa.com.br\/wp-content\/uploads\/2020\/01\/3fef73d9-cd92-4dde-a44f-87879c07c49f-300x300.jpg 300w, https:\/\/blogdofinfa.com.br\/wp-content\/uploads\/2020\/01\/3fef73d9-cd92-4dde-a44f-87879c07c49f-150x150.jpg 150w, https:\/\/blogdofinfa.com.br\/wp-content\/uploads\/2020\/01\/3fef73d9-cd92-4dde-a44f-87879c07c49f-600x600.jpg 600w, https:\/\/blogdofinfa.com.br\/wp-content\/uploads\/2020\/01\/3fef73d9-cd92-4dde-a44f-87879c07c49f.jpg 720w\" alt=\"\" width=\"199\" height=\"199\" \/>Nomeou<\/strong>\u00a0<strong>Brejinho<\/strong>\u2013<\/p>\n<p>Visando dar maior fluidez do atendimento ao p\u00fablico, a prefeita de Brejinho, Sert\u00e3o do Paje\u00fa, T\u00e2nia Maria, nomeou o comunicador Emanuel Sidney<strong>\u00a0(foto)<\/strong>, como assessor de gabinete. Ney como \u00e9 conhecido, apresenta o programa \u201cBrejinho \u00e9 Not\u00edcia\u201d na Gazeta FM de S\u00e3o Jos\u00e9 do Egito, aos s\u00e1bados sempre \u00e0s 11 horas.<\/p>\n<p><strong><em>Escrito por Handson Matheus<\/em><\/strong><\/p>\n<p>&nbsp;<\/p>\n<p><span style=\"font-size: 24pt;\">====Coluna do Itamar Fran\u00e7a====<\/span><\/p>\n<header class=\"entry-header\">\n<h2 class=\"entry-title\"><span style=\"font-size: 14pt;\">Pol\u00edcia confirma 3\u00aamorte associada ao consumo de cerveja<\/span><\/h2>\n<\/header>\n<div class=\"entry-content clearfix\">\n<p><img loading=\"lazy\" decoding=\"async\" class=\"alignleft\" src=\"https:\/\/1.bp.blogspot.com\/-uJHupBJHJQg\/XiBwZIjLQXI\/AAAAAAABsSc\/efV3KGap_d4vTCCjs-c2XwMqNLfzHgjDACLcBGAsYHQ\/s1600\/IMAGEM_NOTICIA_0.jpg\" width=\"205\" height=\"134\" \/>Mais uma v\u00edtima da s\u00edndrome nefroneural, que vem sendo associada ao consumo da cerveja pilsen Belorizontina, da Backer, morreu devido a complica\u00e7\u00f5es decorrentes do quadro de insufici\u00eancia renal e altera\u00e7\u00f5es neurol\u00f3gicas causado pela intoxica\u00e7\u00e3o por uma subst\u00e2ncia encontrada em amostras da bebida, o dietilenoglicol.<\/p>\n<header class=\"entry-header\">\n<h2 class=\"entry-title\"><span style=\"font-size: 14pt;\">Brasil \u00e9 3\u00ba no ranking das pessoas com mais tempo em apps<\/span><\/h2>\n<\/header>\n<div class=\"entry-content clearfix\">\n<p><img loading=\"lazy\" decoding=\"async\" class=\"wp-image-667435 alignleft\" src=\"https:\/\/www.robsonpiresxerife.com\/wp-content\/uploads\/2019\/08\/internet-boa-e1569760508793.png\" alt=\"\" width=\"183\" height=\"103\" \/>No ano passado, as pessoas ao redor do mundo passaram 3 horas e 40 minutos, em m\u00e9dia, utilizando aplicativos. O \u00edndice \u00e9\u00a0<strong>35%<\/strong>\u00a0maior do que em 2017. As informa\u00e7\u00f5es foram publicadas na quarta-feira (15) na edi\u00e7\u00e3o 2020 do relat\u00f3rio da consultoria\u00a0<strong>App Annie<\/strong>, o principal sobre o tema no mundo.<\/p>\n<p>O\u00a0<a href=\"https:\/\/renovamidia.com.br\/brasil\/\"><strong>Brasil<\/strong><\/a><strong>\u00a0<\/strong>ficou na terceira coloca\u00e7\u00e3o no ranking dos pa\u00edses em termos de tempo gasto em apps, um pouco acima da m\u00e9dia, com 3 horas e 45 minutos, informa a\u00a0<a href=\"http:\/\/agenciabrasil.ebc.com.br\/geral\/noticia\/2020-01\/brasil-e-o-3o-pais-em-que-pessoas-passam-mais-tempo-em-aplicativos\" target=\"_blank\" rel=\"noreferrer noopener\" aria-label=\" (abre numa nova aba)\">ag\u00eancia\u00a0<strong>EBC<\/strong><\/a>. O pa\u00eds foi superado pela\u00a0<a href=\"https:\/\/renovamidia.com.br\/tag\/china\/\"><strong>China<\/strong><\/a>, onde as pessoas mexem com esses programas durante quase 4 horas, e a\u00a0<strong>Indon\u00e9sia<\/strong>, onde o tempo di\u00e1rio chegou a 4 horas e 40 minutos.<\/p>\n<header class=\"entry-header\">\n<h2 class=\"entry-title\"><span style=\"font-size: 14pt;\">\u201cJanela partid\u00e1ria\u201d come\u00e7a no dia 5 de mar\u00e7o<\/span><\/h2>\n<\/header>\n<div class=\"entry-content clearfix\">\n<p><img loading=\"lazy\" decoding=\"async\" class=\"wp-image-686364 alignleft\" src=\"https:\/\/www.robsonpiresxerife.com\/wp-content\/uploads\/2020\/01\/janela-partid%C3%A1ria.png\" alt=\"\" width=\"206\" height=\"139\" \/><\/p>\n<p>O prazo para transfer\u00eancia de partidos sem a perda do mandato, a chamada\u00a0<strong>\u201cjanela partid\u00e1ria\u201d<\/strong>, come\u00e7a no dia 5 de mar\u00e7o e segue at\u00e9 o dia\u00a0<strong>3 de abril<\/strong>.<\/p>\n<p>Qualquer mudan\u00e7a de partido fora desse prazo incorre em infidelidade partid\u00e1ria.\u00a0 Pelo calend\u00e1rio eleitoral, esse \u00e9 o prazo para que os candidatos a prefeito e vereador nessa elei\u00e7\u00e3o se filiem aos partidos.<\/p>\n<\/div>\n<\/div>\n<\/div>\n<p>&nbsp;<\/p>\n<p>&nbsp;<\/p>\n","protected":false},"excerpt":{"rendered":"<p>Blog Magno Martins Tudo a ver com o Galo da Madrugada Rep&oacute;rter do batente da pol&iacute;tica, vez por outra me aventuro a entrar na pauta de outras tem&aacute;ticas. Pernambucano, nunca cobri o Galo da Madrugada, o maior arrast&atilde;o de carnaval do planeta. Sempre estive na festa, mas nas coberturas de camarotes, onde aparecem os pol&iacute;ticos. &#8230; <a title=\"========Giro pelos Blog&#8217;S &#8212;-(17.01.2020)=====\" class=\"read-more\" href=\"https:\/\/blogdomarcellopatriota.com.br\/blog\/giro-pelos-blogs-17-01-2020\/\" aria-label=\"Read more about ========Giro pelos Blog&#8217;S &#8212;-(17.01.2020)=====\">Ler mais<\/a><\/p>\n","protected":false},"author":2,"featured_media":0,"comment_status":"open","ping_status":"open","sticky":false,"template":"","format":"standard","meta":{"footnotes":""},"categories":[1],"tags":[],"class_list":["post-23089","post","type-post","status-publish","format-standard","hentry","category-sem-categoria"],"_links":{"self":[{"href":"https:\/\/blogdomarcellopatriota.com.br\/blog\/wp-json\/wp\/v2\/posts\/23089","targetHints":{"allow":["GET"]}}],"collection":[{"href":"https:\/\/blogdomarcellopatriota.com.br\/blog\/wp-json\/wp\/v2\/posts"}],"about":[{"href":"https:\/\/blogdomarcellopatriota.com.br\/blog\/wp-json\/wp\/v2\/types\/post"}],"author":[{"embeddable":true,"href":"https:\/\/blogdomarcellopatriota.com.br\/blog\/wp-json\/wp\/v2\/users\/2"}],"replies":[{"embeddable":true,"href":"https:\/\/blogdomarcellopatriota.com.br\/blog\/wp-json\/wp\/v2\/comments?post=23089"}],"version-history":[{"count":5,"href":"https:\/\/blogdomarcellopatriota.com.br\/blog\/wp-json\/wp\/v2\/posts\/23089\/revisions"}],"predecessor-version":[{"id":23094,"href":"https:\/\/blogdomarcellopatriota.com.br\/blog\/wp-json\/wp\/v2\/posts\/23089\/revisions\/23094"}],"wp:attachment":[{"href":"https:\/\/blogdomarcellopatriota.com.br\/blog\/wp-json\/wp\/v2\/media?parent=23089"}],"wp:term":[{"taxonomy":"category","embeddable":true,"href":"https:\/\/blogdomarcellopatriota.com.br\/blog\/wp-json\/wp\/v2\/categories?post=23089"},{"taxonomy":"post_tag","embeddable":true,"href":"https:\/\/blogdomarcellopatriota.com.br\/blog\/wp-json\/wp\/v2\/tags?post=23089"}],"curies":[{"name":"wp","href":"https:\/\/api.w.org\/{rel}","templated":true}]}}