{"id":23095,"date":"2020-01-19T08:49:34","date_gmt":"2020-01-19T11:49:34","guid":{"rendered":"http:\/\/blogdomarcellopatriota.com.br\/blog\/?p=23095"},"modified":"2020-01-17T08:50:23","modified_gmt":"2020-01-17T11:50:23","slug":"polo-uab-tabira-abre-processo-seletivo-para-licenciatura-em-fisicav","status":"publish","type":"post","link":"https:\/\/blogdomarcellopatriota.com.br\/blog\/polo-uab-tabira-abre-processo-seletivo-para-licenciatura-em-fisicav\/","title":{"rendered":"Polo UAB Tabira abre processo seletivo para Licenciatura em F\u00edsicav"},"content":{"rendered":"<p><strong><em><a href=\"https:\/\/i0.wp.com\/nilljunior.com.br\/wp-content\/uploads\/2020\/01\/UAB-Tabira-UPE.jpg\"><img fetchpriority=\"high\" decoding=\"async\" class=\"alignleft wp-image-166749\" src=\"https:\/\/i0.wp.com\/nilljunior.com.br\/wp-content\/uploads\/2020\/01\/UAB-Tabira-UPE.jpg?resize=400%2C262\" sizes=\"(max-width: 400px) 100vw, 400px\" srcset=\"https:\/\/i0.wp.com\/nilljunior.com.br\/wp-content\/uploads\/2020\/01\/UAB-Tabira-UPE.jpg?w=430 430w, https:\/\/i0.wp.com\/nilljunior.com.br\/wp-content\/uploads\/2020\/01\/UAB-Tabira-UPE.jpg?resize=300%2C197 300w\" alt=\"\" width=\"400\" height=\"262\" data-attachment-id=\"166749\" data-permalink=\"http:\/\/nilljunior.com.br\/polo-uab-tabira-inicia-matricula-dos-aprovados-no-vestibular-upe-2020-nesta-quarta-feira\/uab-tabira-upe\/\" data-orig-file=\"https:\/\/i0.wp.com\/nilljunior.com.br\/wp-content\/uploads\/2020\/01\/UAB-Tabira-UPE.jpg?fit=430%2C282\" data-orig-size=\"430,282\" data-comments-opened=\"1\" data-image-meta=\"{&quot;aperture&quot;:&quot;0&quot;,&quot;credit&quot;:&quot;&quot;,&quot;camera&quot;:&quot;&quot;,&quot;caption&quot;:&quot;&quot;,&quot;created_timestamp&quot;:&quot;0&quot;,&quot;copyright&quot;:&quot;&quot;,&quot;focal_length&quot;:&quot;0&quot;,&quot;iso&quot;:&quot;0&quot;,&quot;shutter_speed&quot;:&quot;0&quot;,&quot;title&quot;:&quot;&quot;,&quot;orientation&quot;:&quot;0&quot;}\" data-image-title=\"UAB-Tabira-UPE\" data-image-description=\"\" data-medium-file=\"https:\/\/i0.wp.com\/nilljunior.com.br\/wp-content\/uploads\/2020\/01\/UAB-Tabira-UPE.jpg?fit=300%2C197\" data-large-file=\"https:\/\/i0.wp.com\/nilljunior.com.br\/wp-content\/uploads\/2020\/01\/UAB-Tabira-UPE.jpg?fit=430%2C282\" \/><\/a>Gradua\u00e7\u00e3o \u00e9 na modalidade EaD \u2013 Ensino a dist\u00e2ncia da UFRPE<\/em><\/strong><\/p>\n<p>O processo seletivo para ingresso nos cursos de gradua\u00e7\u00e3o a dist\u00e2ncia da UFRPE, dar-se-\u00e1, exclusivamente com base nos resultados do Exame do Ensino m\u00e9dio \u2013 ENEM em um dos \u00faltimos cinco anos (2015-2019), e que, cumulativamente tenha obtido nota acima de 200 na prova de reda\u00e7\u00e3o. As inscri\u00e7\u00f5es estar\u00e3o abertas no per\u00edodo de 03\/02\/20 ao dia 12 \/02\/20, no site\u00a0<strong><a href=\"http:\/\/www.ead.ufrpe.br\/\">www.ead.ufrpe.br<\/a><\/strong><\/p>\n","protected":false},"excerpt":{"rendered":"<p>Gradua&ccedil;&atilde;o &eacute; na modalidade EaD &ndash; Ensino a dist&acirc;ncia da UFRPE O processo seletivo para ingresso nos cursos de gradua&ccedil;&atilde;o a dist&acirc;ncia da UFRPE, dar-se-&aacute;, exclusivamente com base nos resultados do Exame do Ensino m&eacute;dio &ndash; ENEM em um dos &uacute;ltimos cinco anos (2015-2019), e que, cumulativamente tenha obtido nota acima de 200 na prova &#8230; <a title=\"Polo UAB Tabira abre processo seletivo para Licenciatura em F\u00edsicav\" class=\"read-more\" href=\"https:\/\/blogdomarcellopatriota.com.br\/blog\/polo-uab-tabira-abre-processo-seletivo-para-licenciatura-em-fisicav\/\" aria-label=\"Read more about Polo UAB Tabira abre processo seletivo para Licenciatura em F\u00edsicav\">Ler mais<\/a><\/p>\n","protected":false},"author":2,"featured_media":0,"comment_status":"open","ping_status":"open","sticky":false,"template":"","format":"standard","meta":{"footnotes":""},"categories":[1],"tags":[],"class_list":["post-23095","post","type-post","status-publish","format-standard","hentry","category-sem-categoria"],"_links":{"self":[{"href":"https:\/\/blogdomarcellopatriota.com.br\/blog\/wp-json\/wp\/v2\/posts\/23095","targetHints":{"allow":["GET"]}}],"collection":[{"href":"https:\/\/blogdomarcellopatriota.com.br\/blog\/wp-json\/wp\/v2\/posts"}],"about":[{"href":"https:\/\/blogdomarcellopatriota.com.br\/blog\/wp-json\/wp\/v2\/types\/post"}],"author":[{"embeddable":true,"href":"https:\/\/blogdomarcellopatriota.com.br\/blog\/wp-json\/wp\/v2\/users\/2"}],"replies":[{"embeddable":true,"href":"https:\/\/blogdomarcellopatriota.com.br\/blog\/wp-json\/wp\/v2\/comments?post=23095"}],"version-history":[{"count":1,"href":"https:\/\/blogdomarcellopatriota.com.br\/blog\/wp-json\/wp\/v2\/posts\/23095\/revisions"}],"predecessor-version":[{"id":23096,"href":"https:\/\/blogdomarcellopatriota.com.br\/blog\/wp-json\/wp\/v2\/posts\/23095\/revisions\/23096"}],"wp:attachment":[{"href":"https:\/\/blogdomarcellopatriota.com.br\/blog\/wp-json\/wp\/v2\/media?parent=23095"}],"wp:term":[{"taxonomy":"category","embeddable":true,"href":"https:\/\/blogdomarcellopatriota.com.br\/blog\/wp-json\/wp\/v2\/categories?post=23095"},{"taxonomy":"post_tag","embeddable":true,"href":"https:\/\/blogdomarcellopatriota.com.br\/blog\/wp-json\/wp\/v2\/tags?post=23095"}],"curies":[{"name":"wp","href":"https:\/\/api.w.org\/{rel}","templated":true}]}}