{"id":23097,"date":"2020-01-19T08:51:14","date_gmt":"2020-01-19T11:51:14","guid":{"rendered":"http:\/\/blogdomarcellopatriota.com.br\/blog\/?p=23097"},"modified":"2020-01-17T08:52:39","modified_gmt":"2020-01-17T11:52:39","slug":"sta-terezinha-camara-convoca-sessao-extraordinaria-para-validar-novo-piso-dos-acs-e-ace","status":"publish","type":"post","link":"https:\/\/blogdomarcellopatriota.com.br\/blog\/sta-terezinha-camara-convoca-sessao-extraordinaria-para-validar-novo-piso-dos-acs-e-ace\/","title":{"rendered":"St\u00aa Terezinha \\ C\u00e2mara convoca Sess\u00e3o Extraordin\u00e1ria para validar novo piso dos ACS e ACE"},"content":{"rendered":"<p><strong><em><a href=\"https:\/\/i0.wp.com\/nilljunior.com.br\/wp-content\/uploads\/2020\/01\/C%C3%A2mara-de-Vereadores-ST.jpg\"><img fetchpriority=\"high\" decoding=\"async\" class=\"alignleft wp-image-166862\" src=\"https:\/\/i0.wp.com\/nilljunior.com.br\/wp-content\/uploads\/2020\/01\/C%C3%A2mara-de-Vereadores-ST.jpg?resize=400%2C224\" sizes=\"(max-width: 400px) 100vw, 400px\" srcset=\"https:\/\/i0.wp.com\/nilljunior.com.br\/wp-content\/uploads\/2020\/01\/C\u00e2mara-de-Vereadores-ST.jpg?resize=600%2C337 600w, https:\/\/i0.wp.com\/nilljunior.com.br\/wp-content\/uploads\/2020\/01\/C\u00e2mara-de-Vereadores-ST.jpg?resize=300%2C168 300w, https:\/\/i0.wp.com\/nilljunior.com.br\/wp-content\/uploads\/2020\/01\/C\u00e2mara-de-Vereadores-ST.jpg?resize=768%2C431 768w, https:\/\/i0.wp.com\/nilljunior.com.br\/wp-content\/uploads\/2020\/01\/C\u00e2mara-de-Vereadores-ST.jpg?w=800 800w\" alt=\"\" width=\"400\" height=\"225\" data-attachment-id=\"166862\" data-permalink=\"http:\/\/nilljunior.com.br\/santa-terezinha-camara-convoca-sessao-extraordinaria-para-validar-novo-piso-dos-acs-e-ace\/camara-de-vereadores-st\/\" data-orig-file=\"https:\/\/i0.wp.com\/nilljunior.com.br\/wp-content\/uploads\/2020\/01\/C\u00e2mara-de-Vereadores-ST.jpg?fit=800%2C449\" data-orig-size=\"800,449\" data-comments-opened=\"1\" data-image-meta=\"{&quot;aperture&quot;:&quot;0&quot;,&quot;credit&quot;:&quot;&quot;,&quot;camera&quot;:&quot;&quot;,&quot;caption&quot;:&quot;&quot;,&quot;created_timestamp&quot;:&quot;0&quot;,&quot;copyright&quot;:&quot;&quot;,&quot;focal_length&quot;:&quot;0&quot;,&quot;iso&quot;:&quot;0&quot;,&quot;shutter_speed&quot;:&quot;0&quot;,&quot;title&quot;:&quot;&quot;,&quot;orientation&quot;:&quot;0&quot;}\" data-image-title=\"C\u00e2mara-de-Vereadores-ST\" data-image-description=\"\" data-medium-file=\"https:\/\/i0.wp.com\/nilljunior.com.br\/wp-content\/uploads\/2020\/01\/C\u00e2mara-de-Vereadores-ST.jpg?fit=300%2C168\" data-large-file=\"https:\/\/i0.wp.com\/nilljunior.com.br\/wp-content\/uploads\/2020\/01\/C\u00e2mara-de-Vereadores-ST.jpg?fit=600%2C337\" \/><\/a>Vereadores tamb\u00e9m fizeram Emenda Modificativa para garantir pagamento retroativo a janeiro.<\/em><\/strong><\/p>\n<p><em>Por Andr\u00e9 Luis<\/em><\/p>\n<p>Nesta quarta-feira (15), O prefeito de Santa Terezinha, Vaninho de Danda, assinou o Projeto de Lei que fixa o piso salarial dos Agentes Comunit\u00e1rios de Sa\u00fade (ACS) e Agentes de Combate \u00e0s Endemias (ACE), visando atender o piso nacional. Os vencimentos passam a ser de R$1.400,00 em 2020 e de R$1.550,00, em 2021. O projeto foi enviado \u00e0 C\u00e2mara de Vereadores em car\u00e1ter de urg\u00eancia. Em contato com o blog, o presidente da C\u00e2mara de Vereadores do munic\u00edpio, Adalberto Gon\u00e7alves de Brito J\u00fanior (Dr. Junior), informou que convocou uma Sess\u00e3o Extraordin\u00e1ria para regularizar o Projeto de Lei enviado pelo executivo municipal. A sess\u00e3o acontecer\u00e1 na quarta-feira (22.01), \u00e0s 19h, no Plen\u00e1rio Pedro Ant\u00f4nio da Silva .<\/p>\n<p>O presidente informou ainda que os vereadores da oposi\u00e7\u00e3o fizeram uma Emenda Modificativa ao Projeto para que os efeitos financeiros sejam retroativos a 2 de janeiro. Segundo ele, a Emenda foi necess\u00e1ria para garantir aos ACSs e ACEs, o pagamento do novo piso desde o m\u00eas de janeiro.<\/p>\n<p>\u201cComo na reda\u00e7\u00e3o da Lei enviada pelo executivo dizia que a mesma passaria a valer a partir do momento da publica\u00e7\u00e3o, fizemos a Emenda para garantir o pagamento retroativo ao dia 02 de janeiro, se n\u00e3o eles iriam perder este m\u00eas, visto que a publica\u00e7\u00e3o do Projeto de Lei\u00a0 deve acontecer somente no final deste m\u00eas.\u201d Destacou J\u00fanior.<\/p>\n<p>A Emenda Modificativa foi proposta pelos vereadores:\u00a0Adalberto Gon\u00e7alves de Brito J\u00fanior, Arn\u00f4do Lustosa da Silva, Andr\u00e9 Ferreira de Oliveira, Francisco Val\u00e9rio Ferreira da Silva e Manoel Gon\u00e7alves da Silva.<\/p>\n","protected":false},"excerpt":{"rendered":"<p>Vereadores tamb&eacute;m fizeram Emenda Modificativa para garantir pagamento retroativo a janeiro. Por Andr&eacute; Luis Nesta quarta-feira (15), O prefeito de Santa Terezinha, Vaninho de Danda, assinou o Projeto de Lei que fixa o piso salarial dos Agentes Comunit&aacute;rios de Sa&uacute;de (ACS) e Agentes de Combate &agrave;s Endemias (ACE), visando atender o piso nacional. Os vencimentos &#8230; <a title=\"St\u00aa Terezinha \\ C\u00e2mara convoca Sess\u00e3o Extraordin\u00e1ria para validar novo piso dos ACS e ACE\" class=\"read-more\" href=\"https:\/\/blogdomarcellopatriota.com.br\/blog\/sta-terezinha-camara-convoca-sessao-extraordinaria-para-validar-novo-piso-dos-acs-e-ace\/\" aria-label=\"Read more about St\u00aa Terezinha \\ C\u00e2mara convoca Sess\u00e3o Extraordin\u00e1ria para validar novo piso dos ACS e ACE\">Ler mais<\/a><\/p>\n","protected":false},"author":2,"featured_media":0,"comment_status":"open","ping_status":"open","sticky":false,"template":"","format":"standard","meta":{"footnotes":""},"categories":[1],"tags":[],"class_list":["post-23097","post","type-post","status-publish","format-standard","hentry","category-sem-categoria"],"_links":{"self":[{"href":"https:\/\/blogdomarcellopatriota.com.br\/blog\/wp-json\/wp\/v2\/posts\/23097","targetHints":{"allow":["GET"]}}],"collection":[{"href":"https:\/\/blogdomarcellopatriota.com.br\/blog\/wp-json\/wp\/v2\/posts"}],"about":[{"href":"https:\/\/blogdomarcellopatriota.com.br\/blog\/wp-json\/wp\/v2\/types\/post"}],"author":[{"embeddable":true,"href":"https:\/\/blogdomarcellopatriota.com.br\/blog\/wp-json\/wp\/v2\/users\/2"}],"replies":[{"embeddable":true,"href":"https:\/\/blogdomarcellopatriota.com.br\/blog\/wp-json\/wp\/v2\/comments?post=23097"}],"version-history":[{"count":1,"href":"https:\/\/blogdomarcellopatriota.com.br\/blog\/wp-json\/wp\/v2\/posts\/23097\/revisions"}],"predecessor-version":[{"id":23098,"href":"https:\/\/blogdomarcellopatriota.com.br\/blog\/wp-json\/wp\/v2\/posts\/23097\/revisions\/23098"}],"wp:attachment":[{"href":"https:\/\/blogdomarcellopatriota.com.br\/blog\/wp-json\/wp\/v2\/media?parent=23097"}],"wp:term":[{"taxonomy":"category","embeddable":true,"href":"https:\/\/blogdomarcellopatriota.com.br\/blog\/wp-json\/wp\/v2\/categories?post=23097"},{"taxonomy":"post_tag","embeddable":true,"href":"https:\/\/blogdomarcellopatriota.com.br\/blog\/wp-json\/wp\/v2\/tags?post=23097"}],"curies":[{"name":"wp","href":"https:\/\/api.w.org\/{rel}","templated":true}]}}