{"id":23101,"date":"2020-01-17T09:02:51","date_gmt":"2020-01-17T12:02:51","guid":{"rendered":"http:\/\/blogdomarcellopatriota.com.br\/blog\/?p=23101"},"modified":"2020-01-17T09:02:51","modified_gmt":"2020-01-17T12:02:51","slug":"prefeitura-de-carnaiba-inaugura-adutora-em-serra-branca","status":"publish","type":"post","link":"https:\/\/blogdomarcellopatriota.com.br\/blog\/prefeitura-de-carnaiba-inaugura-adutora-em-serra-branca\/","title":{"rendered":"Prefeitura de Carna\u00edba inaugura adutora em Serra Branca"},"content":{"rendered":"<p><a href=\"https:\/\/i1.wp.com\/nilljunior.com.br\/wp-content\/uploads\/2020\/01\/WhatsApp-Image-2020-01-16-at-22.09.33.jpeg\"><img fetchpriority=\"high\" decoding=\"async\" class=\"alignleft wp-image-166892\" src=\"https:\/\/i1.wp.com\/nilljunior.com.br\/wp-content\/uploads\/2020\/01\/WhatsApp-Image-2020-01-16-at-22.09.33.jpeg?resize=400%2C270\" sizes=\"(max-width: 400px) 100vw, 400px\" srcset=\"https:\/\/i1.wp.com\/nilljunior.com.br\/wp-content\/uploads\/2020\/01\/WhatsApp-Image-2020-01-16-at-22.09.33.jpeg?resize=592%2C400 592w, https:\/\/i1.wp.com\/nilljunior.com.br\/wp-content\/uploads\/2020\/01\/WhatsApp-Image-2020-01-16-at-22.09.33.jpeg?resize=150%2C100 150w, https:\/\/i1.wp.com\/nilljunior.com.br\/wp-content\/uploads\/2020\/01\/WhatsApp-Image-2020-01-16-at-22.09.33.jpeg?resize=300%2C203 300w, https:\/\/i1.wp.com\/nilljunior.com.br\/wp-content\/uploads\/2020\/01\/WhatsApp-Image-2020-01-16-at-22.09.33.jpeg?resize=768%2C519 768w, https:\/\/i1.wp.com\/nilljunior.com.br\/wp-content\/uploads\/2020\/01\/WhatsApp-Image-2020-01-16-at-22.09.33.jpeg?w=1280 1280w\" alt=\"\" width=\"342\" height=\"231\" data-attachment-id=\"166892\" data-permalink=\"http:\/\/nilljunior.com.br\/prefeitura-de-carnaiba-inaugura-adutora-em-serra-branca\/whatsapp-image-2020-01-16-at-22-09-33\/\" data-orig-file=\"https:\/\/i1.wp.com\/nilljunior.com.br\/wp-content\/uploads\/2020\/01\/WhatsApp-Image-2020-01-16-at-22.09.33.jpeg?fit=1280%2C865\" data-orig-size=\"1280,865\" data-comments-opened=\"1\" data-image-meta=\"{&quot;aperture&quot;:&quot;0&quot;,&quot;credit&quot;:&quot;&quot;,&quot;camera&quot;:&quot;&quot;,&quot;caption&quot;:&quot;&quot;,&quot;created_timestamp&quot;:&quot;0&quot;,&quot;copyright&quot;:&quot;&quot;,&quot;focal_length&quot;:&quot;0&quot;,&quot;iso&quot;:&quot;0&quot;,&quot;shutter_speed&quot;:&quot;0&quot;,&quot;title&quot;:&quot;&quot;,&quot;orientation&quot;:&quot;0&quot;}\" data-image-title=\"WhatsApp Image 2020-01-16 at 22.09.33\" data-image-description=\"\" data-medium-file=\"https:\/\/i1.wp.com\/nilljunior.com.br\/wp-content\/uploads\/2020\/01\/WhatsApp-Image-2020-01-16-at-22.09.33.jpeg?fit=300%2C203\" data-large-file=\"https:\/\/i1.wp.com\/nilljunior.com.br\/wp-content\/uploads\/2020\/01\/WhatsApp-Image-2020-01-16-at-22.09.33.jpeg?fit=592%2C400\" \/><\/a>Na tarde desta quinta-feira (16.01), a Prefeitura de Carna\u00edba inaugurou a mais nova adutora de Serra Branca, que beneficiar\u00e1 mais de 225 fam\u00edlias. A a\u00e7\u00e3o foi executada em parceria com a comunidade local, que adquiriu uma bomba no valor de R$ 8.000,00.<\/p>\n<p>O restante da obra custou aproximadamente R$ 80.000,00, custeados atrav\u00e9s de recursos pr\u00f3prios do munic\u00edpio. Foram constru\u00eddos 3 km de adutora, al\u00e9m da m\u00e3o de obra e demais acess\u00f3rios. O po\u00e7o artesiano perfurado, tem vas\u00e3o de 6 mil litros, com 185 metros de profundidade.<\/p>\n<p>A Prefeitura de Carna\u00edba est\u00e1 realizando v\u00e1rias obras h\u00eddricas, levando \u00e1gua \u00e0s torneiras da popula\u00e7\u00e3o da zona rural do munic\u00edpio. O prefeito Anchieta Patriota, quando autorizou o in\u00edcio das obras, lembrou que \u201cessas a\u00e7\u00f5es fazem parte de uma das metas do nosso governo que \u00e9 a universaliza\u00e7\u00e3o do acesso \u00e0 \u00e1gua no Munic\u00edpio de Carna\u00edba, atrav\u00e9s de sistemas h\u00eddricos desenvolvido com a finalidade de garantir o abastecimento de fam\u00edlias que residem em \u00e1reas rurais\u201d.\u00a0Discursando \u00e0 popula\u00e7\u00e3o, Anchieta lembrou que al\u00e9m dessa adutora, novas obras ser\u00e3o executadas em Serra Branca, a exemplo das piscinas que est\u00e3o sendo implantadas na Escola Giselda Sim\u00f5es, e ser\u00e3o entregues \u00e0 popula\u00e7\u00e3o no pr\u00f3ximo dia 12 de fevereiro.<\/p>\n","protected":false},"excerpt":{"rendered":"<p>Na tarde desta quinta-feira (16.01), a Prefeitura de Carna&iacute;ba inaugurou a mais nova adutora de Serra Branca, que beneficiar&aacute; mais de 225 fam&iacute;lias. A a&ccedil;&atilde;o foi executada em parceria com a comunidade local, que adquiriu uma bomba no valor de R$ 8.000,00. O restante da obra custou aproximadamente R$ 80.000,00, custeados atrav&eacute;s de recursos pr&oacute;prios &#8230; <a title=\"Prefeitura de Carna\u00edba inaugura adutora em Serra Branca\" class=\"read-more\" href=\"https:\/\/blogdomarcellopatriota.com.br\/blog\/prefeitura-de-carnaiba-inaugura-adutora-em-serra-branca\/\" aria-label=\"Read more about Prefeitura de Carna\u00edba inaugura adutora em Serra Branca\">Ler mais<\/a><\/p>\n","protected":false},"author":2,"featured_media":0,"comment_status":"open","ping_status":"open","sticky":false,"template":"","format":"standard","meta":{"footnotes":""},"categories":[1],"tags":[],"class_list":["post-23101","post","type-post","status-publish","format-standard","hentry","category-sem-categoria"],"_links":{"self":[{"href":"https:\/\/blogdomarcellopatriota.com.br\/blog\/wp-json\/wp\/v2\/posts\/23101","targetHints":{"allow":["GET"]}}],"collection":[{"href":"https:\/\/blogdomarcellopatriota.com.br\/blog\/wp-json\/wp\/v2\/posts"}],"about":[{"href":"https:\/\/blogdomarcellopatriota.com.br\/blog\/wp-json\/wp\/v2\/types\/post"}],"author":[{"embeddable":true,"href":"https:\/\/blogdomarcellopatriota.com.br\/blog\/wp-json\/wp\/v2\/users\/2"}],"replies":[{"embeddable":true,"href":"https:\/\/blogdomarcellopatriota.com.br\/blog\/wp-json\/wp\/v2\/comments?post=23101"}],"version-history":[{"count":1,"href":"https:\/\/blogdomarcellopatriota.com.br\/blog\/wp-json\/wp\/v2\/posts\/23101\/revisions"}],"predecessor-version":[{"id":23102,"href":"https:\/\/blogdomarcellopatriota.com.br\/blog\/wp-json\/wp\/v2\/posts\/23101\/revisions\/23102"}],"wp:attachment":[{"href":"https:\/\/blogdomarcellopatriota.com.br\/blog\/wp-json\/wp\/v2\/media?parent=23101"}],"wp:term":[{"taxonomy":"category","embeddable":true,"href":"https:\/\/blogdomarcellopatriota.com.br\/blog\/wp-json\/wp\/v2\/categories?post=23101"},{"taxonomy":"post_tag","embeddable":true,"href":"https:\/\/blogdomarcellopatriota.com.br\/blog\/wp-json\/wp\/v2\/tags?post=23101"}],"curies":[{"name":"wp","href":"https:\/\/api.w.org\/{rel}","templated":true}]}}