{"id":23103,"date":"2020-01-17T09:27:11","date_gmt":"2020-01-17T12:27:11","guid":{"rendered":"http:\/\/blogdomarcellopatriota.com.br\/blog\/?p=23103"},"modified":"2020-01-17T09:33:50","modified_gmt":"2020-01-17T12:33:50","slug":"em-grade-estilo-ouro-velho-pb-comemorou-59-anos-de-emancipacao-politica","status":"publish","type":"post","link":"https:\/\/blogdomarcellopatriota.com.br\/blog\/em-grade-estilo-ouro-velho-pb-comemorou-59-anos-de-emancipacao-politica\/","title":{"rendered":"Em grade estilo, Ouro Velho-PB comemorou 59 anos de Emancipa\u00e7\u00e3o Pol\u00edtica"},"content":{"rendered":"<section class=\"post-date\"><\/section>\n<div class=\"contentPost\">\n<figure>\n<div class=\"cycle-slideshow\" data-cycle-fx=\"scrollHorz\" data-cycle-timeout=\"0\" data-cycle-prev=\".navPrev66951\" data-cycle-next=\".navNext66951\" data-cycle-speed=\"1000\"><img fetchpriority=\"high\" decoding=\"async\" class=\"alignnone\" src=\"https:\/\/scontent.fcpv6-1.fna.fbcdn.net\/v\/t1.0-9\/s960x960\/82735470_2559594037497043_7806599124907720704_o.jpg?_nc_cat=105&amp;_nc_oc=AQmiiOyPCBr2d8_14su_Ck9edw3ZTCUzUkTVTnEX-0f55tElk9MqEWuY5q1tUKek6GA&amp;_nc_pt=1&amp;_nc_ht=scontent.fcpv6-1.fna&amp;_nc_tp=1002&amp;oh=8a6b3257d4f2c4bc778a9817a457ec9d&amp;oe=5ED7FBF5\" alt=\"A imagem pode conter: 14 pessoas, incluindo Marta Bernardo, Fl\u00e1vio Henrique e Wendell Sidclei Nunes Ferreira Nunes, pessoas sorrindo, pessoas em p\u00e9, noite e atividades ao ar livre\" width=\"540\" height=\"359\" \/><\/div>\n<div class=\"cycle-slideshow\" data-cycle-fx=\"scrollHorz\" data-cycle-timeout=\"0\" data-cycle-prev=\".navPrev66951\" data-cycle-next=\".navNext66951\" data-cycle-speed=\"1000\">(Uma multid\u00e3o compareceu a festa de anivers\u00e1rio da cidade de Ouro Velho, na noite dessa quarta-feira (15)<\/div>\n<\/figure>\n<p><img decoding=\"async\" class=\"alignleft\" src=\"https:\/\/scontent.fcpv6-1.fna.fbcdn.net\/v\/t1.0-9\/s960x960\/82069368_2556977447758702_4251826518470164480_o.jpg?_nc_cat=100&amp;_nc_oc=AQlHJJ-89WBfBXTMxRAij3Am7-fPB3Jt8WM5uQ2m_rFBNgjtSFauFLROpdHm7Ay6_bs&amp;_nc_pt=1&amp;_nc_ht=scontent.fcpv6-1.fna&amp;_nc_tp=1002&amp;oh=d0751542e0f45cc1f23a4931dfb93cad&amp;oe=5EDA5837\" alt=\"A imagem pode conter: 17 pessoas, incluindo Taty Resende, Zilma Bernardo, Paula Silva, Marta Bernardo, Jo\u00e3o Carlos Rocha e Givaldo Olinda, pessoas sorrindo, pessoas em p\u00e9, noite e atividades ao ar livre\" width=\"383\" height=\"254\" \/>Os 59 anos de emancipa\u00e7\u00e3o pol\u00edtica do munic\u00edpio de Ouro Velho-PB foi comemorado em grande estilo nesta quarta-feira (15). Pela manh\u00e3 uma lin<span class=\"text_exposed_show\">da alvorada com a Banda de fanfarra Pedro Viana abriu as comemora\u00e7\u00f5es de anivers\u00e1rio da cidade.<br \/>\nEm frente \u00c0 prefeitura os mun\u00edcipes mais uma vez apreciaram a apresenta\u00e7\u00e3o da Banda e o tradicional coffee break oferecido pela equipe da prefeitura, com a Prefeita Nat\u00e1lia Lira e as demais autoridades da cidade.<\/span><\/p>\n<p>\u00c0s 21hs, houve a inaugura\u00e7\u00e3o da Pista de Cooper, e em seguida a inaugura\u00e7\u00e3o da Reforma da Secretaria de Educa\u00e7\u00e3o e a entrega de \u00f4nibus escolar .<br \/>\nSHOWS EM PRA\u00c7A P\u00daBLICA<br \/>\nA noite, finalizando as comemora\u00e7\u00f5es festivas dos 59 anos de Ouro Velho, a prefeita convida todos para a partir das 22h participar de shows em pra\u00e7a p\u00fablica de Walkyria Santos e Brasas do Forr\u00f3.<\/p>\n<p><img decoding=\"async\" class=\"alignleft\" src=\"https:\/\/scontent.fcpv6-1.fna.fbcdn.net\/v\/t1.0-9\/s960x960\/82795289_2556988851090895_787374583186456576_o.jpg?_nc_cat=102&amp;_nc_oc=AQkh88XRHJS4iM-hCLuoVsYkzk_4DiEJ5MApceGLavLUQA8ke-j4PmA6ubvltIJ3row&amp;_nc_pt=1&amp;_nc_ht=scontent.fcpv6-1.fna&amp;_nc_tp=1002&amp;oh=961c4c236cdb10b956d4ff2a62fa94ef&amp;oe=5E9EC307\" alt=\"A imagem pode conter: 6 pessoas, pessoas sorrindo, pessoas em p\u00e9 e atividades ao ar livre\" width=\"321\" height=\"213\" \/>A Prefeita , Nat\u00e1lia Lira, parabenizou nesta quarta-feira (15), o munic\u00edpio de Ouro Velho, pelos seus 59 anos de emancipa\u00e7\u00e3o pol\u00edtica. Nat\u00e1lia Lira destacou que desde que assumiu a gest\u00e3o municipal tem buscado melhorias para o munic\u00edpio, com a\u00e7\u00f5es e obras nos quatro cantos do munic\u00edpio, e a popula\u00e7\u00e3o tem reconhecido o trabalho da gest\u00e3o.<\/p>\n<p>F\u00f3rum e casa de juiz de Prata s\u00e3o cedidos \u00e0 Prefeitura por meio de assinatura de protocolo de inten\u00e7\u00f5es. O l\u00edder e m\u00e9dico Dr. J\u00fanior tamb\u00e9m parabenizou o munic\u00edpio pela passagem da data, e segundo ele, o principal presente para Ouro Velho \u00e9 continuar administrando de forma honesta os recursos pertencentes ao munic\u00edpio e trazendo desenvolvimento e obras para a cidade, como vem acontecendo nos \u00faltimos anos.<\/p>\n<p><img loading=\"lazy\" decoding=\"async\" class=\"aligncenter\" src=\"https:\/\/scontent.fcpv6-1.fna.fbcdn.net\/v\/t1.0-9\/s960x960\/82161716_2556998301089950_7963526634219241472_o.jpg?_nc_cat=103&amp;_nc_oc=AQm0e69VhXMxaxB9Ae1LXFklFKYgkzc9SOH9s_Tf78I55RCF2VuZNj4RNul2uD4Ss5o&amp;_nc_pt=1&amp;_nc_ht=scontent.fcpv6-1.fna&amp;_nc_tp=1002&amp;oh=99aad9431afd62817eec8cbfd00feaab&amp;oe=5ED39F02\" alt=\"A imagem pode conter: 5 pessoas, pessoas em p\u00e9, multid\u00e3o e atividades ao ar livre\" width=\"659\" height=\"437\" \/>O vice-prefeito Fl\u00e1vio Henrique (Ike), tamb\u00e9m deixou sua mensagem e afirmou que toda a popula\u00e7\u00e3o de Ouro Velho est\u00e1 de parab\u00e9ns nesta data, e destacou que a Gest\u00e3o da Prefeita Nat\u00e1lia tem dado uma nova cara ao munic\u00edpio, com obras e a\u00e7\u00f5es positivas para a popula\u00e7\u00e3o, al\u00e9m do compromisso e respeito.<\/p>\n<p>J\u00e1 a noite a prefeita Nat\u00e1lia ainda inaugurou a pista de Cooper que leva o nome de \u201cJos\u00e9 Bonif\u00e1cio\u201d, a reforma da sede da Secretaria de Educa\u00e7\u00e3o. Ela ainda entregou um \u00f4nibus escolar, totalizando um investimento de quase 350 mil reais. Ela anunciou v\u00e1rias obras para o munic\u00edpio.<\/p>\n<p><img loading=\"lazy\" decoding=\"async\" class=\"\" src=\"https:\/\/scontent.fcpv6-1.fna.fbcdn.net\/v\/t1.0-9\/s960x960\/82613442_2559607380829042_478558115252404224_o.jpg?_nc_cat=104&amp;_nc_oc=AQkGJiL-4822HOVqJdoLRB1Bac2l56fCiOhB47F4daGhcyMqGsBg309gwZlW6wqxQzc&amp;_nc_pt=1&amp;_nc_ht=scontent.fcpv6-1.fna&amp;_nc_tp=1002&amp;oh=f19f891a16a621f6a741cb51996b82e8&amp;oe=5EDADE39\" alt=\"A imagem pode conter: 6 pessoas, incluindo Liudmila Nunes, pessoas sorrindo, pessoas em p\u00e9\" width=\"321\" height=\"213\" \/><img loading=\"lazy\" decoding=\"async\" class=\"\" src=\"https:\/\/scontent.fcpv6-1.fna.fbcdn.net\/v\/t1.0-9\/s960x960\/83150939_2559601597496287_1126678249405939712_o.jpg?_nc_cat=111&amp;_nc_oc=AQl9RTTtJFPP24X_7NGqfvg1FaDJ43CF8Z5o_X1lEPHyLJfq3l7Gp_Z6qqpA-y9uEdU&amp;_nc_pt=1&amp;_nc_ht=scontent.fcpv6-1.fna&amp;_nc_tp=1002&amp;oh=046e193f17917d648196b76049d3f682&amp;oe=5EDB9D74\" alt=\"A imagem pode conter: 12 pessoas, incluindo Leandro Veras, F\u00e1bio Henrique Siqueira e Italo Rabelo, pessoas sorrindo, pessoas em p\u00e9 e noite\" width=\"318\" height=\"211\" \/><\/p>\n<p>Al\u00e9m das autoridades locais, a programa\u00e7\u00e3o tamb\u00e9m recebeu a visita do prefeito de S\u00e3o Sebasti\u00e3o do Umbuzeiro, Adriano Wolff, do ex-senador Efraim Morais, do deputado estadual Tovar e do deputado federal Rui Carneiro.<\/p>\n<h1 class=\"entry-title\"><span style=\"font-size: 14pt;\">Nat\u00e1lia e Dr. Junior\u00a0 anunciam apoio\u00a0ao Governador Jo\u00e3o Azevedo<\/span><\/h1>\n<\/div>\n<p>Ap\u00f3s realizar uma reuni\u00e3o com todo o seu grupo pol\u00edtico, a Prefeita de Ouro Velho, Nat\u00e1lia Lira, e o seu esposo, o m\u00e9dico e l\u00edder pol\u00edtico Dr. J\u00fanior, o grupo decidiu aderir a base de apoio do governador Jo\u00e3o Azevedo, para que possam trabalhar juntos pelo desenvolvimento do munic\u00edpio.<\/p>\n<p>Ao anunciar sua ades\u00e3o ao governador Jo\u00e3o Azevedo, a prefeita Nat\u00e1lia de Dr. J\u00fanior disse que o seu grupo pol\u00edtico est\u00e1 coeso e passar\u00e1 de agora em diante a trabalhar para fortalecer o governo estadual e municipal, pensando exclusivamente no bem comum da sociedade ourovelhense, na luta por mais obras estruturantes que venham impulsionar o seu desenvolvimento.<\/p>\n<p>\u201cDe agora em diante o governador Jo\u00e3o Azevedo ser\u00e1 nosso parceiro, e \u00e9 com a ajuda dele que iremos garantir um Ouro Velho mais justo, porque temos a convic\u00e7\u00e3o de que ele ter\u00e1 um olhar diferenciado para o nosso munic\u00edpio\u201d, afirmou a Prefeita Nat\u00e1lia de Dr. J\u00fanior.<\/p>\n","protected":false},"excerpt":{"rendered":"<p>(Uma multid&atilde;o compareceu a festa de anivers&aacute;rio da cidade de Ouro Velho, na noite dessa quarta-feira (15) Os 59 anos de emancipa&ccedil;&atilde;o pol&iacute;tica do munic&iacute;pio de Ouro Velho-PB foi comemorado em grande estilo nesta quarta-feira (15). Pela manh&atilde; uma linda alvorada com a Banda de fanfarra Pedro Viana abriu as comemora&ccedil;&otilde;es de anivers&aacute;rio da cidade. &#8230; <a title=\"Em grade estilo, Ouro Velho-PB comemorou 59 anos de Emancipa\u00e7\u00e3o Pol\u00edtica\" class=\"read-more\" href=\"https:\/\/blogdomarcellopatriota.com.br\/blog\/em-grade-estilo-ouro-velho-pb-comemorou-59-anos-de-emancipacao-politica\/\" aria-label=\"Read more about Em grade estilo, Ouro Velho-PB comemorou 59 anos de Emancipa\u00e7\u00e3o Pol\u00edtica\">Ler mais<\/a><\/p>\n","protected":false},"author":2,"featured_media":0,"comment_status":"open","ping_status":"open","sticky":false,"template":"","format":"standard","meta":{"footnotes":""},"categories":[1],"tags":[],"class_list":["post-23103","post","type-post","status-publish","format-standard","hentry","category-sem-categoria"],"_links":{"self":[{"href":"https:\/\/blogdomarcellopatriota.com.br\/blog\/wp-json\/wp\/v2\/posts\/23103","targetHints":{"allow":["GET"]}}],"collection":[{"href":"https:\/\/blogdomarcellopatriota.com.br\/blog\/wp-json\/wp\/v2\/posts"}],"about":[{"href":"https:\/\/blogdomarcellopatriota.com.br\/blog\/wp-json\/wp\/v2\/types\/post"}],"author":[{"embeddable":true,"href":"https:\/\/blogdomarcellopatriota.com.br\/blog\/wp-json\/wp\/v2\/users\/2"}],"replies":[{"embeddable":true,"href":"https:\/\/blogdomarcellopatriota.com.br\/blog\/wp-json\/wp\/v2\/comments?post=23103"}],"version-history":[{"count":6,"href":"https:\/\/blogdomarcellopatriota.com.br\/blog\/wp-json\/wp\/v2\/posts\/23103\/revisions"}],"predecessor-version":[{"id":23109,"href":"https:\/\/blogdomarcellopatriota.com.br\/blog\/wp-json\/wp\/v2\/posts\/23103\/revisions\/23109"}],"wp:attachment":[{"href":"https:\/\/blogdomarcellopatriota.com.br\/blog\/wp-json\/wp\/v2\/media?parent=23103"}],"wp:term":[{"taxonomy":"category","embeddable":true,"href":"https:\/\/blogdomarcellopatriota.com.br\/blog\/wp-json\/wp\/v2\/categories?post=23103"},{"taxonomy":"post_tag","embeddable":true,"href":"https:\/\/blogdomarcellopatriota.com.br\/blog\/wp-json\/wp\/v2\/tags?post=23103"}],"curies":[{"name":"wp","href":"https:\/\/api.w.org\/{rel}","templated":true}]}}