{"id":23111,"date":"2020-01-18T10:29:48","date_gmt":"2020-01-18T13:29:48","guid":{"rendered":"http:\/\/blogdomarcellopatriota.com.br\/blog\/?p=23111"},"modified":"2020-01-17T15:31:29","modified_gmt":"2020-01-17T18:31:29","slug":"carnaiba-anunciado-reajuste-no-piso-salarial-dos-professores-da-rede-municipal","status":"publish","type":"post","link":"https:\/\/blogdomarcellopatriota.com.br\/blog\/carnaiba-anunciado-reajuste-no-piso-salarial-dos-professores-da-rede-municipal\/","title":{"rendered":"CARNA\u00cdBA \\ anunciado reajuste no piso salarial dos professores da rede municipal"},"content":{"rendered":"<p><img decoding=\"async\" class=\"alignleft\" src=\"https:\/\/i0.wp.com\/nilljunior.com.br\/wp-content\/uploads\/2020\/01\/WhatsApp-Image-2020-01-17-at-10.06.08.jpeg?resize=400%2C194\" \/><\/p>\n<p>O Prefeito de Carna\u00edba, Anchieta Patriota e a Secret\u00e1ria de Educa\u00e7\u00e3o Cec\u00edlia Patriota,\u00a0ap\u00f3s discutirem o ajuste das contas da prefeitura (entre receitas e despesas),\u00a0mantendo-se fieis \u00e0 pol\u00edtica de valoriza\u00e7\u00e3o dos professores,\u00a0anunciaram na manh\u00e3 desta sexta-feira (17.01), o aumento de 12,84% no piso salarial 2020 dos professores da rede municipal.\u00a0 O reajuste contemplar\u00e1 o sal\u00e1rio-base e gratifica\u00e7\u00f5es de todos os docentes da rede, independentemente do n\u00edvel ou da classe em que estejam. O \u00edndice ser\u00e1 pago na folha referente ao m\u00eas de janeiro. Para Anchieta, o aumento representa o reconhecimento da gest\u00e3o municipal ao trabalho realizado pelos professores de Carna\u00edba. \u201cConforme nossas possibilidades, vamos garantir a valoriza\u00e7\u00e3o de nossos mestres e a melhoria das condi\u00e7\u00f5es de trabalho nas escolas\u201d, afirmou o prefeito. O pagamento do piso salarial obedece a Lei 11.738\/2008, cujo texto garante o vencimento m\u00ednimo aos profissionais da educa\u00e7\u00e3o b\u00e1sica com forma\u00e7\u00e3o em magist\u00e9rio, n\u00edvel m\u00e9dio, para jornada de at\u00e9 40 horas semanais. Os professores em in\u00edcio de carreira, com carga hor\u00e1ria e forma\u00e7\u00e3o equivalentes ao definido pela lei do piso, passam\u00a0do valor de R$ 2.557,73 para R$ 2.886,15 (jornada de 40 horas semanais) e de R$ 1.918,00 para R$ 2.164,61 (jornada de 30 horas semanais).<\/p>\n<p>O reajuste de 12,84% em seus respectivos valores implicar\u00e1 no aumento da folha de pagamento do FUNDEB de R$ 939.911,44 para R$ 1.039.430,59.<\/p>\n","protected":false},"excerpt":{"rendered":"<p>O Prefeito de Carna&iacute;ba, Anchieta Patriota e a Secret&aacute;ria de Educa&ccedil;&atilde;o Cec&iacute;lia Patriota,&nbsp;ap&oacute;s discutirem o ajuste das contas da prefeitura (entre receitas e despesas),&nbsp;mantendo-se fieis &agrave; pol&iacute;tica de valoriza&ccedil;&atilde;o dos professores,&nbsp;anunciaram na manh&atilde; desta sexta-feira (17.01), o aumento de 12,84% no piso salarial 2020 dos professores da rede municipal.&nbsp; O reajuste contemplar&aacute; o sal&aacute;rio-base e &#8230; <a title=\"CARNA\u00cdBA \\ anunciado reajuste no piso salarial dos professores da rede municipal\" class=\"read-more\" href=\"https:\/\/blogdomarcellopatriota.com.br\/blog\/carnaiba-anunciado-reajuste-no-piso-salarial-dos-professores-da-rede-municipal\/\" aria-label=\"Read more about CARNA\u00cdBA \\ anunciado reajuste no piso salarial dos professores da rede municipal\">Ler mais<\/a><\/p>\n","protected":false},"author":2,"featured_media":0,"comment_status":"open","ping_status":"open","sticky":false,"template":"","format":"standard","meta":{"footnotes":""},"categories":[1],"tags":[],"class_list":["post-23111","post","type-post","status-publish","format-standard","hentry","category-sem-categoria"],"_links":{"self":[{"href":"https:\/\/blogdomarcellopatriota.com.br\/blog\/wp-json\/wp\/v2\/posts\/23111","targetHints":{"allow":["GET"]}}],"collection":[{"href":"https:\/\/blogdomarcellopatriota.com.br\/blog\/wp-json\/wp\/v2\/posts"}],"about":[{"href":"https:\/\/blogdomarcellopatriota.com.br\/blog\/wp-json\/wp\/v2\/types\/post"}],"author":[{"embeddable":true,"href":"https:\/\/blogdomarcellopatriota.com.br\/blog\/wp-json\/wp\/v2\/users\/2"}],"replies":[{"embeddable":true,"href":"https:\/\/blogdomarcellopatriota.com.br\/blog\/wp-json\/wp\/v2\/comments?post=23111"}],"version-history":[{"count":1,"href":"https:\/\/blogdomarcellopatriota.com.br\/blog\/wp-json\/wp\/v2\/posts\/23111\/revisions"}],"predecessor-version":[{"id":23112,"href":"https:\/\/blogdomarcellopatriota.com.br\/blog\/wp-json\/wp\/v2\/posts\/23111\/revisions\/23112"}],"wp:attachment":[{"href":"https:\/\/blogdomarcellopatriota.com.br\/blog\/wp-json\/wp\/v2\/media?parent=23111"}],"wp:term":[{"taxonomy":"category","embeddable":true,"href":"https:\/\/blogdomarcellopatriota.com.br\/blog\/wp-json\/wp\/v2\/categories?post=23111"},{"taxonomy":"post_tag","embeddable":true,"href":"https:\/\/blogdomarcellopatriota.com.br\/blog\/wp-json\/wp\/v2\/tags?post=23111"}],"curies":[{"name":"wp","href":"https:\/\/api.w.org\/{rel}","templated":true}]}}