{"id":23116,"date":"2020-01-17T16:54:11","date_gmt":"2020-01-17T19:54:11","guid":{"rendered":"http:\/\/blogdomarcellopatriota.com.br\/blog\/?p=23116"},"modified":"2020-01-17T17:15:24","modified_gmt":"2020-01-17T20:15:24","slug":"sobrecarga-no-fornecimento-de-energia-eletrica-causa-prejuizos-em-itapetim","status":"publish","type":"post","link":"https:\/\/blogdomarcellopatriota.com.br\/blog\/sobrecarga-no-fornecimento-de-energia-eletrica-causa-prejuizos-em-itapetim\/","title":{"rendered":"Sobrecarga no fornecimento de energia el\u00e9trica causa preju\u00edzos em Itapetim"},"content":{"rendered":"<div class=\"wp-block-image\">\n<figure class=\"alignleft is-resized\"><img decoding=\"async\" class=\"wp-image-4310\" src=\"https:\/\/i0.wp.com\/blogdoeuflavionunes.com\/wp-content\/uploads\/2020\/01\/82156521_643279016484620_4302379868387016704_n-696x392.jpg?resize=350%2C225\" sizes=\"(max-width: 350px) 100vw, 350px\" srcset=\"https:\/\/i0.wp.com\/blogdoeuflavionunes.com\/wp-content\/uploads\/2020\/01\/82156521_643279016484620_4302379868387016704_n-696x392.jpg?w=700 700w, https:\/\/i0.wp.com\/blogdoeuflavionunes.com\/wp-content\/uploads\/2020\/01\/82156521_643279016484620_4302379868387016704_n-696x392.jpg?resize=300%2C193 300w\" alt=\"\" width=\"264\" height=\"170\" \/><\/figure>\n<\/div>\n<p>Clientes da Companhia Energ\u00e9tica de Pernambuco <em><strong>(Celpe)<\/strong><\/em> tiveram uma s\u00e9rie de preju\u00edzos em Itapetim. Conforme o Portal <strong>Rep\u00f3rter do Sert\u00e3o<\/strong>, tudo teve come\u00e7ou com uma queda no fornecimento de energia el\u00e9trica em parte do Centro. A equipe de plant\u00e3o foi chamada e resolveu o problema, no entanto ao religar a rede teria havido uma sobrecarga. A varia\u00e7\u00e3o de tens\u00e3o provocou a perda de aparelhos eletr\u00f4nicos em v\u00e1rias resid\u00eancias e estabelecimentos comerciais. \u201cA funcion\u00e1ria p\u00fablica Janeide Fonte, residente na Rua Pedro Pereira do Nascimento, no Centro, teve a geladeira, o receptor digital e um carregador de iphone do filho queimados\u201d, informou o portal. <strong>O Rep\u00f3rter do Sert\u00e3o<\/strong> entrou em contato com a Celpe para saber o que teria provocado a sobrecarga, mas ainda n\u00e3o recebeu resposta. O cliente pode acionar a justi\u00e7a.<\/p>\n","protected":false},"excerpt":{"rendered":"<p>Clientes da Companhia Energ&eacute;tica de Pernambuco (Celpe) tiveram uma s&eacute;rie de preju&iacute;zos em Itapetim. Conforme o Portal Rep&oacute;rter do Sert&atilde;o, tudo teve come&ccedil;ou com uma queda no fornecimento de energia el&eacute;trica em parte do Centro. A equipe de plant&atilde;o foi chamada e resolveu o problema, no entanto ao religar a rede teria havido uma sobrecarga. &#8230; <a title=\"Sobrecarga no fornecimento de energia el\u00e9trica causa preju\u00edzos em Itapetim\" class=\"read-more\" href=\"https:\/\/blogdomarcellopatriota.com.br\/blog\/sobrecarga-no-fornecimento-de-energia-eletrica-causa-prejuizos-em-itapetim\/\" aria-label=\"Read more about Sobrecarga no fornecimento de energia el\u00e9trica causa preju\u00edzos em Itapetim\">Ler mais<\/a><\/p>\n","protected":false},"author":2,"featured_media":0,"comment_status":"open","ping_status":"open","sticky":false,"template":"","format":"standard","meta":{"footnotes":""},"categories":[1],"tags":[],"class_list":["post-23116","post","type-post","status-publish","format-standard","hentry","category-sem-categoria"],"_links":{"self":[{"href":"https:\/\/blogdomarcellopatriota.com.br\/blog\/wp-json\/wp\/v2\/posts\/23116","targetHints":{"allow":["GET"]}}],"collection":[{"href":"https:\/\/blogdomarcellopatriota.com.br\/blog\/wp-json\/wp\/v2\/posts"}],"about":[{"href":"https:\/\/blogdomarcellopatriota.com.br\/blog\/wp-json\/wp\/v2\/types\/post"}],"author":[{"embeddable":true,"href":"https:\/\/blogdomarcellopatriota.com.br\/blog\/wp-json\/wp\/v2\/users\/2"}],"replies":[{"embeddable":true,"href":"https:\/\/blogdomarcellopatriota.com.br\/blog\/wp-json\/wp\/v2\/comments?post=23116"}],"version-history":[{"count":3,"href":"https:\/\/blogdomarcellopatriota.com.br\/blog\/wp-json\/wp\/v2\/posts\/23116\/revisions"}],"predecessor-version":[{"id":23125,"href":"https:\/\/blogdomarcellopatriota.com.br\/blog\/wp-json\/wp\/v2\/posts\/23116\/revisions\/23125"}],"wp:attachment":[{"href":"https:\/\/blogdomarcellopatriota.com.br\/blog\/wp-json\/wp\/v2\/media?parent=23116"}],"wp:term":[{"taxonomy":"category","embeddable":true,"href":"https:\/\/blogdomarcellopatriota.com.br\/blog\/wp-json\/wp\/v2\/categories?post=23116"},{"taxonomy":"post_tag","embeddable":true,"href":"https:\/\/blogdomarcellopatriota.com.br\/blog\/wp-json\/wp\/v2\/tags?post=23116"}],"curies":[{"name":"wp","href":"https:\/\/api.w.org\/{rel}","templated":true}]}}