{"id":23126,"date":"2020-01-17T17:19:51","date_gmt":"2020-01-17T20:19:51","guid":{"rendered":"http:\/\/blogdomarcellopatriota.com.br\/blog\/?p=23126"},"modified":"2020-01-18T07:39:14","modified_gmt":"2020-01-18T10:39:14","slug":"23126","status":"publish","type":"post","link":"https:\/\/blogdomarcellopatriota.com.br\/blog\/23126\/","title":{"rendered":"19\u00ba Encontro de Motociclistas de Afogados"},"content":{"rendered":"<p><img fetchpriority=\"high\" decoding=\"async\" class=\"alignleft\" src=\"https:\/\/1.bp.blogspot.com\/-ipthki-lXjw\/XiG3oSNfsDI\/AAAAAAACOrs\/zk3GNlH4t8c4c8qR5yAbxfFPed8nIyAZgCLcBGAsYHQ\/s1600\/7627dlhf.jpg\" width=\"419\" height=\"217\" \/><\/p>\n<p>Teve in\u00edcio nesta quinta-feira (16) o 19\u00ba Encontro de Motociclistas de Afogados da Ingazeira. O evento teve in\u00edcio na Rua Professor Vera Cruz, na sede dos Drag\u00f5es de A\u00e7o com um churrasco 0800 para os participantes que chegaram.<\/p>\n<p>O evento tem sequ\u00eancia nesta sexta-feira (17) e no s\u00e1bado (18). Na sexta, \u00e0s 09h, aconteceu a recep\u00e7\u00e3o aos motociclistas e \u00e0s 10h, as inscri\u00e7\u00f5es e entrega dos trof\u00e9us. o evento aconte no anel vi\u00e1rio (Campo do Nascente), onde est\u00e3o instaladas as barracas, pra\u00e7a de alimenta\u00e7\u00e3o e palco.<\/p>\n<p>Todas as noites, sempre a partir das 19h, apresenta\u00e7\u00f5es culturais. No domingo, \u00e0s 07h, caf\u00e9 da manh\u00e3 na sede dos Drag\u00f5es de A\u00e7o. 13h, churrasco de despedida e convite para 2021 tamb\u00e9m na sede dos Drag\u00f5es de A\u00e7o.<\/p>\n","protected":false},"excerpt":{"rendered":"<p>Teve in&iacute;cio nesta quinta-feira (16) o 19&ordm; Encontro de Motociclistas de Afogados da Ingazeira. O evento teve in&iacute;cio na Rua Professor Vera Cruz, na sede dos Drag&otilde;es de A&ccedil;o com um churrasco 0800 para os participantes que chegaram. O evento tem sequ&ecirc;ncia nesta sexta-feira (17) e no s&aacute;bado (18). Na sexta, &agrave;s 09h, aconteceu a &#8230; <a title=\"19\u00ba Encontro de Motociclistas de Afogados\" class=\"read-more\" href=\"https:\/\/blogdomarcellopatriota.com.br\/blog\/23126\/\" aria-label=\"Read more about 19\u00ba Encontro de Motociclistas de Afogados\">Ler mais<\/a><\/p>\n","protected":false},"author":2,"featured_media":0,"comment_status":"open","ping_status":"open","sticky":false,"template":"","format":"standard","meta":{"footnotes":""},"categories":[1],"tags":[],"class_list":["post-23126","post","type-post","status-publish","format-standard","hentry","category-sem-categoria"],"_links":{"self":[{"href":"https:\/\/blogdomarcellopatriota.com.br\/blog\/wp-json\/wp\/v2\/posts\/23126","targetHints":{"allow":["GET"]}}],"collection":[{"href":"https:\/\/blogdomarcellopatriota.com.br\/blog\/wp-json\/wp\/v2\/posts"}],"about":[{"href":"https:\/\/blogdomarcellopatriota.com.br\/blog\/wp-json\/wp\/v2\/types\/post"}],"author":[{"embeddable":true,"href":"https:\/\/blogdomarcellopatriota.com.br\/blog\/wp-json\/wp\/v2\/users\/2"}],"replies":[{"embeddable":true,"href":"https:\/\/blogdomarcellopatriota.com.br\/blog\/wp-json\/wp\/v2\/comments?post=23126"}],"version-history":[{"count":3,"href":"https:\/\/blogdomarcellopatriota.com.br\/blog\/wp-json\/wp\/v2\/posts\/23126\/revisions"}],"predecessor-version":[{"id":23133,"href":"https:\/\/blogdomarcellopatriota.com.br\/blog\/wp-json\/wp\/v2\/posts\/23126\/revisions\/23133"}],"wp:attachment":[{"href":"https:\/\/blogdomarcellopatriota.com.br\/blog\/wp-json\/wp\/v2\/media?parent=23126"}],"wp:term":[{"taxonomy":"category","embeddable":true,"href":"https:\/\/blogdomarcellopatriota.com.br\/blog\/wp-json\/wp\/v2\/categories?post=23126"},{"taxonomy":"post_tag","embeddable":true,"href":"https:\/\/blogdomarcellopatriota.com.br\/blog\/wp-json\/wp\/v2\/tags?post=23126"}],"curies":[{"name":"wp","href":"https:\/\/api.w.org\/{rel}","templated":true}]}}