{"id":23143,"date":"2020-01-19T09:04:39","date_gmt":"2020-01-19T12:04:39","guid":{"rendered":"http:\/\/blogdomarcellopatriota.com.br\/blog\/?p=23143"},"modified":"2020-01-19T14:41:29","modified_gmt":"2020-01-19T17:41:29","slug":"brejinho-88a-festa-de-janeiro-missa-encerramento-do-barracao-e-final-do-futebol","status":"publish","type":"post","link":"https:\/\/blogdomarcellopatriota.com.br\/blog\/brejinho-88a-festa-de-janeiro-missa-encerramento-do-barracao-e-final-do-futebol\/","title":{"rendered":"BREJINHO \\ 88\u00aa Festa de Janeiro: Missa, encerramento do Barrac\u00e3o e Final do Futebol"},"content":{"rendered":"<p><img fetchpriority=\"high\" decoding=\"async\" class=\"aligncenter\" src=\"https:\/\/scontent.ffor9-1.fna.fbcdn.net\/v\/t1.0-9\/s960x960\/82528958_2562784860511294_6110345892076716032_o.jpg?_nc_cat=109&amp;_nc_oc=AQn5YvflBvey4Uvh1Q6oZ-BC5NMA4ZT7E5nGu46xu9GqB9sDx0-JsJ8IPUv93EAUahI&amp;_nc_pt=1&amp;_nc_ht=scontent.ffor9-1.fna&amp;_nc_tp=1002&amp;oh=9de5734f97872439beb4cf05ac554675&amp;oe=5E9058F5\" alt=\"A imagem pode conter: 11 pessoas, incluindo Elisangela Lucena De Lira Isidro, Fia Candido, Gilson Pereira e Tania Santos Santos, pessoas sorrindo, pessoas em p\u00e9\" width=\"659\" height=\"437\" \/><img decoding=\"async\" class=\"\" src=\"https:\/\/scontent.ffor9-1.fna.fbcdn.net\/v\/t1.0-9\/s960x960\/83194498_2562786583844455_6127682325703557120_o.jpg?_nc_cat=105&amp;_nc_oc=AQlVsoUEvwJz08zGdV4L8Q3Egrp0DuSxgr5sZx9eGHqNdjxvykULghO8Xg5SsqJQ2q8&amp;_nc_pt=1&amp;_nc_ht=scontent.ffor9-1.fna&amp;_nc_tp=1002&amp;oh=5b9fac4d9fc06bfb5c25cf98b6c4a98a&amp;oe=5ED2797F\" alt=\"A imagem pode conter: 12 pessoas, incluindo Ednalva Maria Sousa, Fia Candido, Maria Helena Teles, Tania Santos Santos e Gilson Pereira, pessoas sorrindo, pessoas em p\u00e9, sapatos e \u00e1rea interna\" width=\"309\" height=\"205\" \/><img decoding=\"async\" class=\"\" src=\"https:\/\/scontent.ffor9-1.fna.fbcdn.net\/v\/t1.0-9\/s960x960\/82491219_2562786040511176_6032421407072190464_o.jpg?_nc_cat=104&amp;_nc_oc=AQmUWtjZUQvZ5-a68O22LiZitNAMZraR0xghzHYjOtHaHZrBjg8XhsAgDlABqt9uCgg&amp;_nc_pt=1&amp;_nc_ht=scontent.ffor9-1.fna&amp;_nc_tp=1002&amp;oh=4251f6109f625998fc4bbaed4ca229c6&amp;oe=5E9F795E\" alt=\"A imagem pode conter: 10 pessoas, incluindo Tania Santos Santos e Thaynna Diniz, pessoas sorrindo, pessoas em p\u00e9, sapatos e \u00e1rea interna\" width=\"337\" height=\"223\" \/><\/p>\n<p><img loading=\"lazy\" decoding=\"async\" class=\"alignleft\" src=\"https:\/\/scontent.ffor9-1.fna.fbcdn.net\/v\/t1.0-9\/s960x960\/82283745_2562786423844471_4714449566320033792_o.jpg?_nc_cat=109&amp;_nc_oc=AQkufC_hvnSdm5iFjkBfYpbCABFkcunJhx_175r3aL_la7wdnC6nO0bMaOFwSGy2myE&amp;_nc_pt=1&amp;_nc_ht=scontent.ffor9-1.fna&amp;_nc_tp=1002&amp;oh=ba84a04c124428bb48f662e59580418e&amp;oe=5EA4B7CE\" alt=\"A imagem pode conter: 9 pessoas, incluindo Maria Gracas Silva Silva, Maria Bernadete Guedes Machado, Tania Santos Santos e Rosineide Soares, pessoas sorrindo, pessoas em p\u00e9, sapatos e \u00e1rea interna\" width=\"378\" height=\"250\" \/><\/p>\n<p>As comemora\u00e7\u00f5es da 88\u00aa Festa de S\u00e3o sebasti\u00e3o da cidade de Brejinho, tiverem in\u00edcio no ultimo dia 11 de janeiro e vai at\u00e9 dia 20 segunda-feira, com a realiza\u00e7\u00e3o de missas todas as noites com padres convidados de outras par\u00f3quias, j\u00e1 celebraram na Matriz de S\u00e3o Sebasti\u00e3o os Padres : Pe. Valme, Pe.Cl\u00e9rio, Pe Elton, Pe. Wellingnton, Dom Egidio(dia 15), Pe. Andr\u00e9, Pe. Clodoaldo, Pe. Amauri e nesse domingo ser\u00e1 a vez de Padre Jos\u00e9 Viana e na segunda Padre Miguel Nunes.<\/p>\n<p>O padre Juacir Delmiro, celebrou uma Missa em A\u00e7\u00e3o de Gra\u00e7as, na Igreja Matriz de S\u00e3o Sebasti\u00e3o junto com o Padre Clodoaldo Fernando.Estiveram presentes nas solenidades a prefeita Tania Maria,\u00a0 \u00a0os vereadores: Guega de Jacinto, Galeguinho do Milh\u00e3o, Naldo de Valdinho e Ronaldo Delfino e o Ex. Prefeito Jos\u00e9 Vanderlei.<\/p>\n<p><img loading=\"lazy\" decoding=\"async\" class=\"\" src=\"https:\/\/scontent.ffor9-1.fna.fbcdn.net\/v\/t1.0-9\/s960x960\/82696733_2562789497177497_1500095762820759552_o.jpg?_nc_cat=102&amp;_nc_oc=AQnFE4qSRtsk4XcVSigOucsHVeOHnMplWvg9UQuuF5bOv4JA-3yz_uqwFPpzcfg2qag&amp;_nc_pt=1&amp;_nc_ht=scontent.ffor9-1.fna&amp;_nc_tp=1002&amp;oh=1fdce47260cacd5928b54e383b4deb79&amp;oe=5EA2F1BA\" alt=\"A imagem pode conter: 6 pessoas, c\u00e9u, multid\u00e3o, nuvem e atividades ao ar livre\" width=\"303\" height=\"227\" \/><img loading=\"lazy\" decoding=\"async\" class=\"\" src=\"https:\/\/scontent.ffor9-1.fna.fbcdn.net\/v\/t1.0-9\/s960x960\/83796884_2562789520510828_7063959834449674240_o.jpg?_nc_cat=105&amp;_nc_oc=AQlcgTzqDdHgjxk3efKiD6Oh5cn6Bzqjs6hr0ri3NWGQxWehzv9jewW3lwIAvUiOxM4&amp;_nc_pt=1&amp;_nc_ht=scontent.ffor9-1.fna&amp;_nc_tp=1002&amp;oh=258f8c90cee0a9baf6720acfddab6540&amp;oe=5ED19E42\" alt=\"A imagem pode conter: 13 pessoas, pessoas sorrindo, c\u00e9u e atividades ao ar livre\" width=\"330\" height=\"266\" \/><\/p>\n<figure style=\"width: 599px\" class=\"wp-caption aligncenter\"><img loading=\"lazy\" decoding=\"async\" src=\"https:\/\/scontent.ffor9-1.fna.fbcdn.net\/v\/t1.0-9\/s960x960\/83565806_2562801353842978_3852453568497844224_o.jpg?_nc_cat=110&amp;_nc_oc=AQkg7ljwfBBHxLcGv-5Nu4a-rX15ilRAzB-xGHHKAxUWXnSwjr_df_OxzEZvKux5Q9g&amp;_nc_pt=1&amp;_nc_ht=scontent.ffor9-1.fna&amp;_nc_tp=1002&amp;oh=19aeed99d206e30aa1d10c6e06e4da0b&amp;oe=5ED6701E\" alt=\"A imagem pode conter: 39 pessoas, incluindo Tafarel Sampaio, pessoas sorrindo, pessoas em p\u00e9\" width=\"609\" height=\"404\" \/><figcaption class=\"wp-caption-text\">(\u00a012\u00ba Campeonato Municipal de Futebol de Campo de Brejinho\/PE.)<\/figcaption><\/figure>\n<p>1\u00b0 Lugar&gt;&gt; *NATIVOS*; 2\u00b0 Lugar&gt;&gt; *GR\u00caMIO-I* (LAGOINHA); 3\u00b0 Lugar&gt;&gt; *CRUZEIRO*; 4\u00b0 Lugar&gt;&gt; *ATL\u00c9TICO JR.*.\u00a0 O Campeonato Municipal de Futebol de Campo de Brejinho\/PE \u00e9 uma realiza\u00e7\u00e3o da Prefeitura Municipal de Brejinho e da Secretaria Municipal de Educa\u00e7\u00e3o, Cultura, Esportes e Lazer de Brejinho\/PE, a qual distribuiu os seguintes pr\u00eamios:<\/p>\n<div class=\"text_exposed_show\">\n<p>1\u00ba LUGAR \u2013 R$ 1.500,00 + TROF\u00c9U E MEDALHAS;<br \/>\n2\u00ba LUGAR \u2013 R$ 1.000,00 + TROF\u00c9U E MEDALHAS;<br \/>\n3\u00ba LUGAR \u2013 R$ 600,00 + TROF\u00c9U E MEDALHAS;<br \/>\n4\u00ba LUGAR \u2013 R$ 400,00 + TROF\u00c9U;<br \/>\nARTILHEIRO \u2013 R$ 100,00 + MEDALHA;<br \/>\nMELHOR JOGADOR \u2013 R$ 100,00 + MEDALHA;<br \/>\nMELHOR GOLEIRO \u2013 R$ 100,00 + MEDALHA;<br \/>\nEQUIPE MAIS DISCIPLINADA DA COMPETI\u00c7\u00c3O &#8211; R$ 100,00;<br \/>\nEQUIPE MAIS ORGANIZADA NA CERIM\u00d4NIA DE ABERTURA &#8211; R$ 100,00.<br \/>\nTOTAL DAS PREMIA\u00c7\u00d5ES \u2013 R$ 6.000,00<br \/>\nSENDO R$ 4.000,00 EM DINHEIRO E R$ 2.000,00 EM TROF\u00c9US E MEDALHAS.<\/p>\n<\/div>\n<p><em>Se apresentaram no Barrac\u00e3o desde o dia 10 de janeiro ate ontem, sabado 19, os Artistas\\No <strong>dia 10<\/strong>-AMANDA GOMEZ e EXPRESSO ROEDEIRA.<\/em><br \/>\n<em><b>DIA 11\\<\/b>JACHSON MONTEIRO. e ROBINHO MALLVE.\u00a0<b>DIA 12\u00a0<\/b>BANDA THE BROTHERS.\u00a0<b>DIA 13\u00a0<\/b>LENILSON NUNES. e JL JOHNLENO.\u00a0\u00a0<b>DIA 14\u00a0<\/b>FORR\u00d3 DIA E NOVO GRUPO e FORROZ\u00c3O PEGADA SHOW.\u00a0\u00a0<b>DIA 15\u00a0<\/b>RONALDO E BANDA OS 4 MACHADOS e CHARLINHOS `DEZ`.\u00a0<b>DIA 16\u00a0<\/b>ALDINHO DO ACOORDEON EFORR\u00d3 KCETEIRO.\u00a0<b>DIA 17\u00a0<\/b>TUNINHO DOS TECLADOS e M\u00c1RCIO DINIZ. e\u00a0<b>DIA 18\u00a0<\/b>ACORDE MATUTO e TRIO XOTEANDO.<\/em><\/p>\n","protected":false},"excerpt":{"rendered":"<p>As comemora&ccedil;&otilde;es da 88&ordf; Festa de S&atilde;o sebasti&atilde;o da cidade de Brejinho, tiverem in&iacute;cio no ultimo dia 11 de janeiro e vai at&eacute; dia 20 segunda-feira, com a realiza&ccedil;&atilde;o de missas todas as noites com padres convidados de outras par&oacute;quias, j&aacute; celebraram na Matriz de S&atilde;o Sebasti&atilde;o os Padres : Pe. Valme, Pe.Cl&eacute;rio, Pe Elton, &#8230; <a title=\"BREJINHO \\ 88\u00aa Festa de Janeiro: Missa, encerramento do Barrac\u00e3o e Final do Futebol\" class=\"read-more\" href=\"https:\/\/blogdomarcellopatriota.com.br\/blog\/brejinho-88a-festa-de-janeiro-missa-encerramento-do-barracao-e-final-do-futebol\/\" aria-label=\"Read more about BREJINHO \\ 88\u00aa Festa de Janeiro: Missa, encerramento do Barrac\u00e3o e Final do Futebol\">Ler mais<\/a><\/p>\n","protected":false},"author":2,"featured_media":0,"comment_status":"open","ping_status":"open","sticky":false,"template":"","format":"standard","meta":{"footnotes":""},"categories":[1],"tags":[],"class_list":["post-23143","post","type-post","status-publish","format-standard","hentry","category-sem-categoria"],"_links":{"self":[{"href":"https:\/\/blogdomarcellopatriota.com.br\/blog\/wp-json\/wp\/v2\/posts\/23143","targetHints":{"allow":["GET"]}}],"collection":[{"href":"https:\/\/blogdomarcellopatriota.com.br\/blog\/wp-json\/wp\/v2\/posts"}],"about":[{"href":"https:\/\/blogdomarcellopatriota.com.br\/blog\/wp-json\/wp\/v2\/types\/post"}],"author":[{"embeddable":true,"href":"https:\/\/blogdomarcellopatriota.com.br\/blog\/wp-json\/wp\/v2\/users\/2"}],"replies":[{"embeddable":true,"href":"https:\/\/blogdomarcellopatriota.com.br\/blog\/wp-json\/wp\/v2\/comments?post=23143"}],"version-history":[{"count":10,"href":"https:\/\/blogdomarcellopatriota.com.br\/blog\/wp-json\/wp\/v2\/posts\/23143\/revisions"}],"predecessor-version":[{"id":23162,"href":"https:\/\/blogdomarcellopatriota.com.br\/blog\/wp-json\/wp\/v2\/posts\/23143\/revisions\/23162"}],"wp:attachment":[{"href":"https:\/\/blogdomarcellopatriota.com.br\/blog\/wp-json\/wp\/v2\/media?parent=23143"}],"wp:term":[{"taxonomy":"category","embeddable":true,"href":"https:\/\/blogdomarcellopatriota.com.br\/blog\/wp-json\/wp\/v2\/categories?post=23143"},{"taxonomy":"post_tag","embeddable":true,"href":"https:\/\/blogdomarcellopatriota.com.br\/blog\/wp-json\/wp\/v2\/tags?post=23143"}],"curies":[{"name":"wp","href":"https:\/\/api.w.org\/{rel}","templated":true}]}}