{"id":23153,"date":"2020-01-19T08:59:55","date_gmt":"2020-01-19T11:59:55","guid":{"rendered":"http:\/\/blogdomarcellopatriota.com.br\/blog\/?p=23153"},"modified":"2020-01-19T09:02:53","modified_gmt":"2020-01-19T12:02:53","slug":"eleitores-que-tiveram-titulo-cancelado-tem-ate-maio-para-regularizar-a-situacao","status":"publish","type":"post","link":"https:\/\/blogdomarcellopatriota.com.br\/blog\/eleitores-que-tiveram-titulo-cancelado-tem-ate-maio-para-regularizar-a-situacao\/","title":{"rendered":"Eleitores que tiveram t\u00edtulo cancelado t\u00eam at\u00e9 maio para regularizar a situa\u00e7\u00e3o"},"content":{"rendered":"<p><img fetchpriority=\"high\" decoding=\"async\" class=\"alignleft\" src=\"https:\/\/reporterdosertao.com\/wp-content\/uploads\/2020\/01\/titulo_de_eleitor-696x464.jpg\" width=\"341\" height=\"227\" \/>Os cidad\u00e3os que tiveram o t\u00edtulo de eleitor cancelado t\u00eam at\u00e9 o dia 6 de maio para regularizar a situa\u00e7\u00e3o. Ap\u00f3s o prazo, quem n\u00e3o estiver em dia com o documento, n\u00e3o poder\u00e1 votar nas elei\u00e7\u00f5es municipais de outubro, quando ser\u00e3o eleitos prefeitos, vice-prefeitos e vereadores nos 5.568 munic\u00edpios do pa\u00eds.<\/p>\n<p>No ano passado, 2,4 milh\u00f5es de t\u00edtulos foram cancelados porque os eleitores deixaram de votar e justificar aus\u00eancia por tr\u00eas elei\u00e7\u00f5es seguidas.<strong> Para a Justi\u00e7a Eleitoral, cada turno equivale a uma elei\u00e7\u00e3o<\/strong>.\u00a0 O prazo para fazer a solicita\u00e7\u00e3o termina no dia 6 de maio, \u00faltimo dia para\u00a0emiss\u00e3o do t\u00edtulo e altera\u00e7\u00e3o de domic\u00edlio eleitoral antes das elei\u00e7\u00f5es.\u00a0 Al\u00e9m de ficar impedido de votar, o cidad\u00e3o que teve o t\u00edtulo cancelado fica impedido de tirar passaporte, tomar posse em cargos p\u00fablicos, fazer matr\u00edcula em universidades p\u00fablicas, entre outras restri\u00e7\u00f5es. A situa\u00e7\u00e3o de cada eleitor pode ser verificada no site do\u00a0<a href=\"http:\/\/www.tse.jus.br\/eleitor\/titulo-de-eleitor\/situacao-eleitoral\/consulta-por-nome\" target=\"_blank\" rel=\"noopener noreferrer\">Tribunal Superior Eleitoral (TSE).\u00a0<\/a><\/p>\n","protected":false},"excerpt":{"rendered":"<p>Os cidad&atilde;os que tiveram o t&iacute;tulo de eleitor cancelado t&ecirc;m at&eacute; o dia 6 de maio para regularizar a situa&ccedil;&atilde;o. Ap&oacute;s o prazo, quem n&atilde;o estiver em dia com o documento, n&atilde;o poder&aacute; votar nas elei&ccedil;&otilde;es municipais de outubro, quando ser&atilde;o eleitos prefeitos, vice-prefeitos e vereadores nos 5.568 munic&iacute;pios do pa&iacute;s. No ano passado, 2,4 &#8230; <a title=\"Eleitores que tiveram t\u00edtulo cancelado t\u00eam at\u00e9 maio para regularizar a situa\u00e7\u00e3o\" class=\"read-more\" href=\"https:\/\/blogdomarcellopatriota.com.br\/blog\/eleitores-que-tiveram-titulo-cancelado-tem-ate-maio-para-regularizar-a-situacao\/\" aria-label=\"Read more about Eleitores que tiveram t\u00edtulo cancelado t\u00eam at\u00e9 maio para regularizar a situa\u00e7\u00e3o\">Ler mais<\/a><\/p>\n","protected":false},"author":2,"featured_media":0,"comment_status":"open","ping_status":"open","sticky":false,"template":"","format":"standard","meta":{"footnotes":""},"categories":[1],"tags":[],"class_list":["post-23153","post","type-post","status-publish","format-standard","hentry","category-sem-categoria"],"_links":{"self":[{"href":"https:\/\/blogdomarcellopatriota.com.br\/blog\/wp-json\/wp\/v2\/posts\/23153","targetHints":{"allow":["GET"]}}],"collection":[{"href":"https:\/\/blogdomarcellopatriota.com.br\/blog\/wp-json\/wp\/v2\/posts"}],"about":[{"href":"https:\/\/blogdomarcellopatriota.com.br\/blog\/wp-json\/wp\/v2\/types\/post"}],"author":[{"embeddable":true,"href":"https:\/\/blogdomarcellopatriota.com.br\/blog\/wp-json\/wp\/v2\/users\/2"}],"replies":[{"embeddable":true,"href":"https:\/\/blogdomarcellopatriota.com.br\/blog\/wp-json\/wp\/v2\/comments?post=23153"}],"version-history":[{"count":3,"href":"https:\/\/blogdomarcellopatriota.com.br\/blog\/wp-json\/wp\/v2\/posts\/23153\/revisions"}],"predecessor-version":[{"id":23156,"href":"https:\/\/blogdomarcellopatriota.com.br\/blog\/wp-json\/wp\/v2\/posts\/23153\/revisions\/23156"}],"wp:attachment":[{"href":"https:\/\/blogdomarcellopatriota.com.br\/blog\/wp-json\/wp\/v2\/media?parent=23153"}],"wp:term":[{"taxonomy":"category","embeddable":true,"href":"https:\/\/blogdomarcellopatriota.com.br\/blog\/wp-json\/wp\/v2\/categories?post=23153"},{"taxonomy":"post_tag","embeddable":true,"href":"https:\/\/blogdomarcellopatriota.com.br\/blog\/wp-json\/wp\/v2\/tags?post=23153"}],"curies":[{"name":"wp","href":"https:\/\/api.w.org\/{rel}","templated":true}]}}