{"id":23163,"date":"2020-01-20T05:02:23","date_gmt":"2020-01-20T08:02:23","guid":{"rendered":"http:\/\/blogdomarcellopatriota.com.br\/blog\/?p=23163"},"modified":"2020-01-19T15:05:52","modified_gmt":"2020-01-19T18:05:52","slug":"o-que-vem-por-ai-pelo-pajeu","status":"publish","type":"post","link":"https:\/\/blogdomarcellopatriota.com.br\/blog\/o-que-vem-por-ai-pelo-pajeu\/","title":{"rendered":"O QUE VEM POR AI PELO PAJEU&#8230;"},"content":{"rendered":"<header class=\"entry-header\">\n<h2 class=\"entry-title\">EM LINHAS GERAIS\u2026<\/h2>\n<\/header>\n<div class=\"entry-content clearfix\">\n<p><strong>AFOGADOS \u2013\u00a0<\/strong>A pouco mais de vinte dias do ano 2020. Na regi\u00e3o do Alto Paje\u00fa, algumas cidades j\u00e1 definiram os poss\u00edveis quadros para a disputa eleitoral de 2020. Em Afogados da Ingazeira, a oposi\u00e7\u00e3o dever\u00e1 surgir de dentro da chamada Frente Popular. Com o an\u00fancio da pr\u00e9-candidatura do ex-prefeito Totonho Valadares (MDB), resta apenas aguardar o prefeito Z\u00e9 Coimbra (PSB) declarar oficialmente o apoio \u00e0 pr\u00e9-candidatura do vice-prefeito Alessandro Palmeira (REDE) para a sua sucess\u00e3o. Est\u00e1 mais pr\u00e1 l\u00e1 do que pra c\u00e1, tal express\u00e3o \u00e9 direcionada ao ex-prefeito Totonho que n\u00e3o vem recebendo a aten\u00e7\u00e3o do prefeito Z\u00e9 Coimbra, basta lembrar que o socialista n\u00e3o prestigiou a festa de anivers\u00e1rio de Valadares e ainda por cima esteve ausente no ato de filia\u00e7\u00e3o do Cabe\u00e7a Branca ao MDB, evento realizado nas depend\u00eancias da C\u00e2mara Municipal, com as presen\u00e7as do senador Fernando Bezerra e do deputado federal Raul Henry, presidente estadual da legenda. Os fatos deixam claro que o atual Chefe do Executivo n\u00e3o quer muito papo com o seu antecessor. A Valadares resta uma defini\u00e7\u00e3o de prop\u00f3sito. A Coimbra, colocar os pingos nos \u2018is\u2019 e anunciar o que todo mundo j\u00e1 sabe\u2026<\/p>\n<p>\u2026\u2026\u2026\u2026\u2026\u2026\u2026\u2026\u2026\u2026\u2026.<\/p>\n<p><strong>IGUARACI \u2013<\/strong>\u00a0Com a gest\u00e3o bem avaliada, o prefeito Zenha Torres (PSB) ir\u00e1 para a reelei\u00e7\u00e3o. O atual Chefe do Executivo, conta com maioria na C\u00e2mara. Uma articula\u00e7\u00e3o governista acabou ganhando a presid\u00eancia da Mesa Diretora da Casa e a ades\u00e3o do vereador Manoel Ol\u00edmpio (PDT). Pela oposi\u00e7\u00e3o deve disputar um nome indicado pelo ex-prefeito Dess\u00f3les Monteiro (MDB) ou mesmo o comerciante Bibi Alves (Avante). Fala-se numa candidatura de terceira via que poder\u00e1 ser encabe\u00e7ada pelo engenheiro H\u00f3genes Alves, conhecido por Hoginho (DEM).<\/p>\n<p>\u2026\u2026\u2026\u2026\u2026\u2026\u2026\u2026\u2026\u2026\u2026\u2026<\/p>\n<p><strong>TABIRA \u2013<\/strong>\u00a0Cen\u00e1rio quase que indefinido. Pelo campo situacionista, o vice-prefeito Z\u00e9 Amaral e secret\u00e1rio municipal, Fl\u00e1vio Marques, disputam a predile\u00e7\u00e3o do prefeito Sebasti\u00e3o Dias (PTB), que vem al\u00e9m de desgastado politicamente, com uma administra\u00e7\u00e3o mal avaliada pela popula\u00e7\u00e3o. Pela oposi\u00e7\u00e3o, o ex-prefeito Dinca (MDB) pode indicar a esposa Nicinha para o embate eleitoral, ou o pr\u00f3prio Dinca pode concorrer o pleito. Na via intermedi\u00e1ria, aparece a vereadora Nelly Sampaio (PSC) que tem um grupo formado com cinco vereadores. Ressalte-se ainda nesse contexto, o nome do m\u00e9dico Gilson Brito, sobrinho da ex vice-prefeita Genedi Brito.<\/p>\n<p>*****<\/p>\n<p><strong>INGAZEIRA \u2013<\/strong>\u00a0O prefeito Lino Oleg\u00e1rio (PSB) n\u00e3o ir\u00e1 concorrer \u00e0 reelei\u00e7\u00e3o. Apesar de est\u00e1 desempenhando bem a sua fun\u00e7\u00e3o e com uma gest\u00e3o satisfat\u00f3ria, com pagamento em dia e algumas a\u00e7\u00f5es realizadas, Lino j\u00e1 declarou que ir\u00e1 apoiar o ex-prefeito Luciano Torres (PSB), de quem recebeu o bast\u00e3o em janeiro de 2017. Pela oposi\u00e7\u00e3o, M\u00e1rio Viana (MDB) pode vir novamente a disputar o peito. O emedebista deixou claro que poder\u00e1 apoiar qualquer outro nome no grupo, desde que apare\u00e7a igual ou melhor do que ele nas pesquisas de inten\u00e7\u00e3o de voto. Na via intermedi\u00e1ria (independente), o professor Orisvaldo j\u00e1 lan\u00e7ou sua pr\u00e9-candidatura.<\/p>\n<p>*****<\/p>\n<p><strong>SOLID\u00c3O \u2013<\/strong>\u00a0Cen\u00e1rio definido. A ex-prefeita Cida Oliveira (Podemos) enfrentar\u00e1 nas urnas o prefeito, Djalma da Padaria (PSB), que foi o candidato da sua sucess\u00e3o. Cida anunciou o nome de Djalma como seu candidato em 2013, tr\u00eas anos antes da elei\u00e7\u00e3o. A declara\u00e7\u00e3o gerou um desconforto no grupo, isso porque o vereador Zeverland era um dos postulantes ao cargo, sendo varrido do processo. O duelo promete ser acirrado e ir\u00e1 prevalecer a vontade popular.<\/p>\n<p>*****<\/p>\n<p><strong>SANTA TEREZINHA \u2013<\/strong>\u00a0Cen\u00e1rio parecido com Solid\u00e3o, onde o ex-prefeito Delson Lustosa poder\u00e1 disputar a prefeitura contra o atual prefeito Vaninho de Danda (Avante) a quem passou o bast\u00e3o em 2017. Vaninho foi o candidato da sucess\u00e3o de Delson, (Em cima da hora), mas ap\u00f3s assumir a prefeitura acabou rompendo os la\u00e7os pol\u00edticos com o antecessor. Agora os dois poder\u00e1 se enfrentar nas urnas, a menos que Delson indique seu filho para o embate. Nos bastidores se fala numa terceira via que est\u00e1 sendo constru\u00edda pelo ex vice-prefeito Dada de Aderval (PSB). Vaninho est\u00e1 otimista, conseguindo colocar as contas em dia, pagando sal\u00e1rios , 13\u00ba obras e a\u00e7\u00f5es no munic\u00edpio, Vaninho em contato com o blog disse que foi um dif\u00edcil, dificuldades financeiras, perda do Pai, mas est\u00e1 otimista para 2020.<\/p>\n<p>*****<\/p>\n<p><strong>S\u00c3O JOS\u00c9 DO EGITO \u2013\u00a0<\/strong>O prefeito Evandro Valadares (PSB) \u00e9 candidat\u00edssimo a reelei\u00e7\u00e3o. Na zona de conforto, aguarda uma defini\u00e7\u00e3o do grupo de oposi\u00e7\u00e3o que vem batendo cabe\u00e7a na escolha dos nomes para a composi\u00e7\u00e3o da chapa. Os ex-prefeitos Z\u00e9 Marcos e Rom\u00e9rio Guimar\u00e3es se articulam nos bastidores, mas nenhum deles ainda foi anunciado como o candidato do grupo. Pela terceira via, Rona Leite (PT) j\u00e1 anunciou que ser\u00e1 candidato pelo partido, a menos que o ex-prefeito Rom\u00e9rio encare o processo de discuss\u00e3o interna do partido. Enquanto n\u00e3o se definem, Evandro ganha terreno, costurando ades\u00f5es, como \u00e9 o caso do vereador Tadeu do Hospital que recentemente anunciou sua ida para o grupo governista.Mas a oposi\u00e7\u00e3o, no discurso continua unida.<\/p>\n<p><strong>*****<\/strong><\/p>\n<p><strong>TUPARETAMA \u2013<\/strong>\u00a0A oposi\u00e7\u00e3o tem dois nomes. O ex-prefeito Deva Pessoa (PSD) \u00a0se coloca como pr\u00e9-candidato, ao mesmo tempo em que o vereador e presidente da C\u00e2mara Municipal, Danilo Augusto (PDT) est\u00e1 com o mesmo objetivo. Pela situa\u00e7\u00e3o, o prefeito S\u00e1vio Torres (PTB) vem administrativamente bem avaliado pela popula\u00e7\u00e3o. S\u00e1vio vai para a reelei\u00e7\u00e3o, s\u00f3 n\u00e3o sabe quem ser\u00e1 seu vice. Se o atual vice Tanta Sales ou se vai de Di\u00f3genes Patriota, que em pesquisas internas \u00e9 o nome mais forte, Di\u00f3genes filho do Ex.Prefeito Vitalino Patriota pode ser o fiel da balan\u00e7a.<\/p>\n<p>*****<\/p>\n<p><strong>QUIXABA \u2013<\/strong>\u00a0Cen\u00e1rio pra l\u00e1 de indefinido, pelo menos para o grupo de oposi\u00e7\u00e3o, que torce pela reelei\u00e7\u00e3o do prefeito Ti\u00e3o de Gaud\u00eancio (Avante). Caso este decline apoio a candidatura do primo, o ex-prefeito Z\u00e9 Pretinho (Avante), o grupo oposicionista liderado pelo ex-prefeito Antonio Ramos (PSB) ter\u00e1 candidato. Por enquanto, somente o socialista se coloca como pr\u00e9-candidato.<\/p>\n<p><strong>ITAPETIM-<\/strong>\u00a0O Prefeito Adelmo Moura nada em C\u00e9u de Brigadeiro, ap\u00f3s uma pesquisa do Instituto Opini\u00e3o divulgada pelo Blog de Magno Martins , Adelmo, segundo pesquisa, \u00e9 Imbat\u00edvel, tem apenas um problema, escolher seu vice, o atual J\u00fanio Moreira, j\u00e1 \u00e9 vice pela segunda vez, foi vice de Arquimedes Machado e \u00e9 o atual vice de Adelmo, pela legisla\u00e7\u00e3o n\u00e3o pode ser pela 3\u00aa vez seguida, comenta-se que vai concorrer uma cadeira de Vereador. Na oposi\u00e7\u00e3o ningu\u00e9m se mexe, dois nomes despontam : Anderson lopes e Olavo Batista, mas o vereador Silvano Salvador pede passagem.<\/p>\n<p><strong>BREJINHO-<\/strong>\u00a0Chapa definida da situa\u00e7\u00e3o, a atual prefeita Tania Maria, que tem uma gest\u00e3o bem avaliada n\u00e3o vai para a reelei\u00e7\u00e3o e o Ex. Prefeito Jos\u00e9 Vanderlei, vai disputar a prefeitura ao lado de Zan Lucena(Chapa definida), na oposi\u00e7\u00e3o o nome que desponta \u00e9 de Gilsomar(Gilson Bento), que disputou a elei\u00e7\u00e3o passada na Vice de Chico Dudu. Chico est\u00e1 definindo sua ida para a situa\u00e7\u00e3o ao lado de Jos\u00e9 Vanderlei.<\/p>\n<\/div>\n","protected":false},"excerpt":{"rendered":"<p>EM LINHAS GERAIS&hellip; AFOGADOS &ndash;&nbsp;A pouco mais de vinte dias do ano 2020. Na regi&atilde;o do Alto Paje&uacute;, algumas cidades j&aacute; definiram os poss&iacute;veis quadros para a disputa eleitoral de 2020. Em Afogados da Ingazeira, a oposi&ccedil;&atilde;o dever&aacute; surgir de dentro da chamada Frente Popular. Com o an&uacute;ncio da pr&eacute;-candidatura do ex-prefeito Totonho Valadares (MDB), &#8230; <a title=\"O QUE VEM POR AI PELO PAJEU&#8230;\" class=\"read-more\" href=\"https:\/\/blogdomarcellopatriota.com.br\/blog\/o-que-vem-por-ai-pelo-pajeu\/\" aria-label=\"Read more about O QUE VEM POR AI PELO PAJEU&#8230;\">Ler mais<\/a><\/p>\n","protected":false},"author":2,"featured_media":0,"comment_status":"open","ping_status":"open","sticky":false,"template":"","format":"standard","meta":{"footnotes":""},"categories":[1],"tags":[],"class_list":["post-23163","post","type-post","status-publish","format-standard","hentry","category-sem-categoria"],"_links":{"self":[{"href":"https:\/\/blogdomarcellopatriota.com.br\/blog\/wp-json\/wp\/v2\/posts\/23163","targetHints":{"allow":["GET"]}}],"collection":[{"href":"https:\/\/blogdomarcellopatriota.com.br\/blog\/wp-json\/wp\/v2\/posts"}],"about":[{"href":"https:\/\/blogdomarcellopatriota.com.br\/blog\/wp-json\/wp\/v2\/types\/post"}],"author":[{"embeddable":true,"href":"https:\/\/blogdomarcellopatriota.com.br\/blog\/wp-json\/wp\/v2\/users\/2"}],"replies":[{"embeddable":true,"href":"https:\/\/blogdomarcellopatriota.com.br\/blog\/wp-json\/wp\/v2\/comments?post=23163"}],"version-history":[{"count":1,"href":"https:\/\/blogdomarcellopatriota.com.br\/blog\/wp-json\/wp\/v2\/posts\/23163\/revisions"}],"predecessor-version":[{"id":23164,"href":"https:\/\/blogdomarcellopatriota.com.br\/blog\/wp-json\/wp\/v2\/posts\/23163\/revisions\/23164"}],"wp:attachment":[{"href":"https:\/\/blogdomarcellopatriota.com.br\/blog\/wp-json\/wp\/v2\/media?parent=23163"}],"wp:term":[{"taxonomy":"category","embeddable":true,"href":"https:\/\/blogdomarcellopatriota.com.br\/blog\/wp-json\/wp\/v2\/categories?post=23163"},{"taxonomy":"post_tag","embeddable":true,"href":"https:\/\/blogdomarcellopatriota.com.br\/blog\/wp-json\/wp\/v2\/tags?post=23163"}],"curies":[{"name":"wp","href":"https:\/\/api.w.org\/{rel}","templated":true}]}}