{"id":23165,"date":"2020-01-20T14:16:17","date_gmt":"2020-01-20T17:16:17","guid":{"rendered":"http:\/\/blogdomarcellopatriota.com.br\/blog\/?p=23165"},"modified":"2020-01-20T14:18:37","modified_gmt":"2020-01-20T17:18:37","slug":"itapetinenses-alcancam-960-pontos-na-redacao-do-enem","status":"publish","type":"post","link":"https:\/\/blogdomarcellopatriota.com.br\/blog\/itapetinenses-alcancam-960-pontos-na-redacao-do-enem\/","title":{"rendered":"&#8216;Um&#8217; egipiciense, &#8216;Dois&#8217; Itapetinenses e &#8216;Uma&#8217; brejinhense e  alcan\u00e7aram mais de 940 pontos na reda\u00e7\u00e3o do Enem"},"content":{"rendered":"<figure style=\"width: 209px\" class=\"wp-caption alignleft\"><img decoding=\"async\" class=\"\" src=\"https:\/\/reporterdosertao.com\/wp-content\/uploads\/2020\/01\/83374605_597070641146726_3018291033222938624_n-696x696.jpg\" alt=\"\" width=\"219\" height=\"219\" \/><figcaption class=\"wp-caption-text\">(Bruno (\u00e0 esquerda) e Rodrigo (\u00e0 direita).)<\/figcaption><\/figure>\n<p><strong>ITAPETIM \\<\/strong> O tema da reda\u00e7\u00e3o do Enem 2019 n\u00e3o foi assim t\u00e3o complexo para os jovens Jos\u00e9 Bruno Lopes Bitu, de 19 anos, e Rodrigo Pereira do Nascimento, de 18, moradores de Itapetim, no Sert\u00e3o do Paje\u00fa pernambucano. Ambos alcan\u00e7aram <strong><span style=\"font-size: 14pt;\">960 pontos<\/span><\/strong> na reda\u00e7\u00e3o, que tratou da \u201cDemocratiza\u00e7\u00e3o do acesso ao cinema brasileiro\u201d.<\/p>\n<figure style=\"width: 201px\" class=\"wp-caption alignright\"><img fetchpriority=\"high\" decoding=\"async\" class=\"\" src=\"https:\/\/reporterdosertao.com\/wp-content\/uploads\/2020\/01\/42011a9b-73ff-479e-971f-7af8dc671a4d-696x1237.jpg\" alt=\"\" width=\"211\" height=\"374\" \/><figcaption class=\"wp-caption-text\">(Gisley Mirele fez 940 pontos na reda\u00e7\u00e3o do Enem.)<\/figcaption><\/figure>\n<p>Filho da odont\u00f3loga Jane Lopes e do veterin\u00e1rio Kl\u00e9ber Bitu, Bruno agora aguarda a abertura das inscri\u00e7\u00f5es do Sisu e do Prouni para tentar a faculdade de Medicina. O jovem fez o Ensino Fundamental no Col\u00e9gio Evolu\u00e7\u00e3o da Rede Particular e terminou o Ensino M\u00e9dio em 2017 na Escola T\u00e9cnica Estadual C\u00e9lia Siqueira em S\u00e3o Jos\u00e9 do Egito. Rodrigo \u00e9 filho da T\u00e9cnica em Sa\u00fade Bucal C\u00e9lia Maria Neves Pereira e do pedreiro Erasmo Pereira do Nascimento. Cursou o Fundamental nas escolas Santo Ant\u00f4nio e Ant\u00f4nio Pianc\u00f3 Sobrinho, ambas da Rede Municipal. No ano passado concluiu o Ensino M\u00e9dio na Escola de Refer\u00eancia em Ensino M\u00e9dio Teresa Torres (EREMTT), institui\u00e7\u00e3o da Rede Estadual. Em 2019, o garoto foi selecionado para o Programa Ganhe o Mundo do Governo do Estado e passou quatro meses estudando no Canad\u00e1.<\/p>\n<p><strong>BREJINHO<\/strong> \\ A jovem Gisley Mirele de Sousa, de 20 anos, residente em Brejinho-PE teve uma surpresa ao ver sua nota na reda\u00e7\u00e3o do Enem divulgada nesta sexta-feira (17). Gisley atingiu<span style=\"font-size: 14pt;\"><strong> 940 pontos<\/strong><\/span> na reda\u00e7\u00e3o que teve como tema \u201cA democratiza\u00e7\u00e3o do acesso ao cinema brasileiro\u201d. Mirele sempre estudou em escola p\u00fablica e atualmente cursa T\u00e9cnico em Edifica\u00e7\u00f5es no Instituto Federal da Para\u00edba (IFPB) \u2013 Campus Patos. Agora ela pensa em fazer direito utilizando a nota do Enem. A estudante foi aluna da Escola Jos\u00e9 Severino de Ara\u00fajo da Rede Estadual de Ensino e diz n\u00e3o existir segredo, apenas dedica\u00e7\u00e3o e determina\u00e7\u00e3o.\u00a0<em>\u201cN\u00e3o existe segredo, mas sim dedica\u00e7\u00e3o e determina\u00e7\u00e3o\u201d<\/em>, contou ao <strong>Rep\u00f3rter do Sert\u00e3o.<\/strong><\/p>\n<p><img decoding=\"async\" class=\"alignleft\" src=\"http:\/\/blogdoerbi.com.br\/wp-content\/uploads\/2020\/01\/WhatsApp-Image-2020-01-20-at-10.44.22.jpeg\" alt=\"Uma Brejinhense, 2 itapetinenses e um egipciense tiraram mais de 900 no ENEM 2019\" width=\"255\" height=\"191\" \/><\/p>\n<p><strong>SJEGITO\\<\/strong><\/p>\n<p>J\u00e1 Amauri Pereira de Lima Junior, estudante de S\u00e3o Jos\u00e9 do Egito alcan\u00e7ou a marca de <span style=\"font-size: 14pt;\"><strong>980 pontos<\/strong><\/span> na reda\u00e7\u00e3o. Amauri j\u00e1 havia sido aprovado pelo sistema seriado da Universidade de Pernambuco para o curso de engenharia de computa\u00e7\u00e3o.<\/p>\n<p>Os 4 jovens do Alto Paje\u00fa ultrapassaram os 940 pontos na nota do Exame Nacional do Ensino M\u00e9dio 2019. O resultado foi divulgado na \u00faltima sexta (17).<strong> (Blog do Erbi)<\/strong><\/p>\n","protected":false},"excerpt":{"rendered":"<p>ITAPETIM \\ O tema da reda&ccedil;&atilde;o do Enem 2019 n&atilde;o foi assim t&atilde;o complexo para os jovens Jos&eacute; Bruno Lopes Bitu, de 19 anos, e Rodrigo Pereira do Nascimento, de 18, moradores de Itapetim, no Sert&atilde;o do Paje&uacute; pernambucano. Ambos alcan&ccedil;aram 960 pontos na reda&ccedil;&atilde;o, que tratou da &ldquo;Democratiza&ccedil;&atilde;o do acesso ao cinema brasileiro&rdquo;. Filho &#8230; <a title=\"&#8216;Um&#8217; egipiciense, &#8216;Dois&#8217; Itapetinenses e &#8216;Uma&#8217; brejinhense e  alcan\u00e7aram mais de 940 pontos na reda\u00e7\u00e3o do Enem\" class=\"read-more\" href=\"https:\/\/blogdomarcellopatriota.com.br\/blog\/itapetinenses-alcancam-960-pontos-na-redacao-do-enem\/\" aria-label=\"Read more about &#8216;Um&#8217; egipiciense, &#8216;Dois&#8217; Itapetinenses e &#8216;Uma&#8217; brejinhense e  alcan\u00e7aram mais de 940 pontos na reda\u00e7\u00e3o do Enem\">Ler mais<\/a><\/p>\n","protected":false},"author":2,"featured_media":0,"comment_status":"open","ping_status":"open","sticky":false,"template":"","format":"standard","meta":{"footnotes":""},"categories":[1],"tags":[],"class_list":["post-23165","post","type-post","status-publish","format-standard","hentry","category-sem-categoria"],"_links":{"self":[{"href":"https:\/\/blogdomarcellopatriota.com.br\/blog\/wp-json\/wp\/v2\/posts\/23165","targetHints":{"allow":["GET"]}}],"collection":[{"href":"https:\/\/blogdomarcellopatriota.com.br\/blog\/wp-json\/wp\/v2\/posts"}],"about":[{"href":"https:\/\/blogdomarcellopatriota.com.br\/blog\/wp-json\/wp\/v2\/types\/post"}],"author":[{"embeddable":true,"href":"https:\/\/blogdomarcellopatriota.com.br\/blog\/wp-json\/wp\/v2\/users\/2"}],"replies":[{"embeddable":true,"href":"https:\/\/blogdomarcellopatriota.com.br\/blog\/wp-json\/wp\/v2\/comments?post=23165"}],"version-history":[{"count":10,"href":"https:\/\/blogdomarcellopatriota.com.br\/blog\/wp-json\/wp\/v2\/posts\/23165\/revisions"}],"predecessor-version":[{"id":23186,"href":"https:\/\/blogdomarcellopatriota.com.br\/blog\/wp-json\/wp\/v2\/posts\/23165\/revisions\/23186"}],"wp:attachment":[{"href":"https:\/\/blogdomarcellopatriota.com.br\/blog\/wp-json\/wp\/v2\/media?parent=23165"}],"wp:term":[{"taxonomy":"category","embeddable":true,"href":"https:\/\/blogdomarcellopatriota.com.br\/blog\/wp-json\/wp\/v2\/categories?post=23165"},{"taxonomy":"post_tag","embeddable":true,"href":"https:\/\/blogdomarcellopatriota.com.br\/blog\/wp-json\/wp\/v2\/tags?post=23165"}],"curies":[{"name":"wp","href":"https:\/\/api.w.org\/{rel}","templated":true}]}}