{"id":23171,"date":"2020-01-20T08:01:53","date_gmt":"2020-01-20T11:01:53","guid":{"rendered":"http:\/\/blogdomarcellopatriota.com.br\/blog\/?p=23171"},"modified":"2020-01-20T14:11:27","modified_gmt":"2020-01-20T17:11:27","slug":"brejinho-festa-de-janeiro-teve-bonde-do-brasil","status":"publish","type":"post","link":"https:\/\/blogdomarcellopatriota.com.br\/blog\/brejinho-festa-de-janeiro-teve-bonde-do-brasil\/","title":{"rendered":"BREJINHO \\ Um grande p\u00fablico na 1\u00aa noite da 88\u00aa Festa de Janeiro"},"content":{"rendered":"<p><img fetchpriority=\"high\" decoding=\"async\" class=\"aligncenter\" src=\"https:\/\/scontent.ffor9-1.fna.fbcdn.net\/v\/t1.0-9\/s960x960\/83567739_2564729846983462_9009927838874206208_o.jpg?_nc_cat=107&amp;_nc_oc=AQkofUq0rqzcA87sBADQFlfXxF8Cn4TJ6tJAvOPgYRSa6NaGYeeN4Q3qr7x7m1iHAlg&amp;_nc_pt=1&amp;_nc_ht=scontent.ffor9-1.fna&amp;_nc_tp=1002&amp;oh=ddc2bb3bc611961438d0f51d3e89d8c3&amp;oe=5EA0A392\" alt=\"A imagem pode conter: 15 pessoas, incluindo Gilson Pereira, Marta Cristina Pereira Cristina, Osmar Cleiton Rocha Cleiton, Val Patriota, Tania Santos Santos, Elisangela Lucena De Lira Isidro e Rosineide Soares, pessoas sorrindo, pessoas em p\u00e9 e atividades ao ar livre\" width=\"671\" height=\"445\" \/><img decoding=\"async\" class=\"alignleft\" src=\"https:\/\/scontent.ffor9-1.fna.fbcdn.net\/v\/t1.0-9\/s960x960\/82628110_2564725180317262_3030217629122953216_o.jpg?_nc_cat=101&amp;_nc_oc=AQlWHJRYiQm6lx8y0CDZd0ONKZqPoSGOL_PbiS_07PwJkSV2N169IDAHIdm6kC_Gj74&amp;_nc_pt=1&amp;_nc_ht=scontent.ffor9-1.fna&amp;_nc_tp=1002&amp;oh=87f71ceb942d6c8badd9e11d8c8c3206&amp;oe=5EDB1EA7\" alt=\"A imagem pode conter: 13 pessoas, incluindo Elisangela Lucena De Lira Isidro, Marta Cristina Pereira Cristina, Tania Santos Santos e Fia Candido, pessoas sorrindo, \u00e1rea interna\" width=\"395\" height=\"262\" \/><\/p>\n<p>A 88\u00aa Festa de Janeiro em Brejinho, ou antiga Festa de S\u00e3o Sebasti\u00e3o, atraiu milhares de pessoas. Depois de 10 noites no barrac\u00e3o, nesse domingo (19), uma grande estrutura com Palco e barracas foi montado na principal rua da cidade para v\u00e1rios show musicais.<\/p>\n<p>Os poetas Z\u00e9 Viola, Biu Dionizio, Raulino Silva e Severino Feitosa, abriram a festa, que seguiu com o Cantor Fagner Chagas, depois Jo\u00e3o Victor e a Banda Bonde do Brasil encerrou a programa\u00e7\u00e3o do domingo.<\/p>\n<p>Estavam presentes a Prefeita Tania Maria, os Ex. prefeitos <strong>Chico Dudu e Jose Vanderlei<\/strong>, vereadores e secret\u00e1rios. O Ex. Prefeito\u00a0 Chico Dudu al\u00e9m de subir no Palco Principal, ficou na Tenda da Prefeitura ao lado de\u00a0 Tania, Vanderlei , Zan e todo grupo pol\u00edtico da situa\u00e7\u00e3o.<\/p>\n<p>Os poetas Z\u00e9 Viola, Biu Dionizio, Raulino Silva e Severino Feitosa, abriram a festa, que seguiu com o Cantor Fagner Chagas, depois Jo\u00e3o Victor e a Banda Bonde do Brasil encerrou a programa\u00e7\u00e3o do domingo.<\/p>\n<p><img decoding=\"async\" class=\"aligncenter\" src=\"https:\/\/scontent.ffor9-1.fna.fbcdn.net\/v\/t1.0-9\/s960x960\/82378204_2565251243597989_4524688818736988160_o.jpg?_nc_cat=106&amp;_nc_oc=AQlcaSXKNeTjbOXrLY4XiJe7Ec_QAsTgmsv8-08twyRbxBCSJW7-ZarM7H7_eMtIsgA&amp;_nc_pt=1&amp;_nc_ht=scontent.ffor9-1.fna&amp;_nc_tp=1002&amp;oh=71ed8f80a605025d0df994f7321a9577&amp;oe=5E970D00\" alt=\"A imagem pode conter: 2 pessoas, multid\u00e3o e atividades ao ar livre\" width=\"676\" height=\"448\" \/><br \/>\n<img loading=\"lazy\" decoding=\"async\" class=\"\" src=\"https:\/\/scontent.ffor9-1.fna.fbcdn.net\/v\/t1.0-9\/s960x960\/82743945_2565248556931591_5956153589737979904_o.jpg?_nc_cat=107&amp;_nc_oc=AQmjcttYjQy6I1R2ApZxys9x2qfrD3lJ7ObEvZ9hvp0aXfQrC8J_K52xUUyI-vDXfcU&amp;_nc_pt=1&amp;_nc_ht=scontent.ffor9-1.fna&amp;_nc_tp=1002&amp;oh=24ef23be8bf757b1e495647d7ee7202b&amp;oe=5ED06308\" alt=\"A imagem pode conter: 17 pessoas, incluindo Aurivania Farias, pessoas sorrindo, pessoas em p\u00e9 e \u00e1rea interna\" width=\"327\" height=\"218\" \/><img loading=\"lazy\" decoding=\"async\" class=\"\" src=\"https:\/\/scontent.ffor9-1.fna.fbcdn.net\/v\/t1.0-9\/s960x960\/83360445_2565246090265171_1257653513320660992_o.jpg?_nc_cat=109&amp;_nc_oc=AQna4oSiRRl6l_yzHQ23d1r7awMemHDtpz-q4aB2St15BkWKAh4wfG2kYatbPtAkC8g&amp;_nc_pt=1&amp;_nc_ht=scontent.ffor9-1.fna&amp;_nc_tp=1002&amp;oh=e05ebdaa219727f61665089c322ff202&amp;oe=5EDA7754\" alt=\"A imagem pode conter: 11 pessoas, incluindo Sabina Tobias, Danillo Barbosa e Marconi Leite, pessoas sorrindo, pessoas em p\u00e9\" width=\"333\" height=\"221\" \/><\/p>\n<p><strong>Hoje segunda-feira Dia 20\/01<\/strong><span class=\"text_exposed_show\"><br \/>\n<em>09:30 da Noite \u2013 Lenilson Nunes<\/em><br \/>\n<em>11:00 da Noite \u2013 Luan Douglas<\/em><br \/>\n<em>01:00 da Manha \u2013 Mano Walter<\/em><\/span><\/p>\n","protected":false},"excerpt":{"rendered":"<p>A 88&ordf; Festa de Janeiro em Brejinho, ou antiga Festa de S&atilde;o Sebasti&atilde;o, atraiu milhares de pessoas. Depois de 10 noites no barrac&atilde;o, nesse domingo (19), uma grande estrutura com Palco e barracas foi montado na principal rua da cidade para v&aacute;rios show musicais. Os poetas Z&eacute; Viola, Biu Dionizio, Raulino Silva e Severino Feitosa, &#8230; <a title=\"BREJINHO \\ Um grande p\u00fablico na 1\u00aa noite da 88\u00aa Festa de Janeiro\" class=\"read-more\" href=\"https:\/\/blogdomarcellopatriota.com.br\/blog\/brejinho-festa-de-janeiro-teve-bonde-do-brasil\/\" aria-label=\"Read more about BREJINHO \\ Um grande p\u00fablico na 1\u00aa noite da 88\u00aa Festa de Janeiro\">Ler mais<\/a><\/p>\n","protected":false},"author":2,"featured_media":0,"comment_status":"open","ping_status":"open","sticky":false,"template":"","format":"standard","meta":{"footnotes":""},"categories":[1],"tags":[],"class_list":["post-23171","post","type-post","status-publish","format-standard","hentry","category-sem-categoria"],"_links":{"self":[{"href":"https:\/\/blogdomarcellopatriota.com.br\/blog\/wp-json\/wp\/v2\/posts\/23171","targetHints":{"allow":["GET"]}}],"collection":[{"href":"https:\/\/blogdomarcellopatriota.com.br\/blog\/wp-json\/wp\/v2\/posts"}],"about":[{"href":"https:\/\/blogdomarcellopatriota.com.br\/blog\/wp-json\/wp\/v2\/types\/post"}],"author":[{"embeddable":true,"href":"https:\/\/blogdomarcellopatriota.com.br\/blog\/wp-json\/wp\/v2\/users\/2"}],"replies":[{"embeddable":true,"href":"https:\/\/blogdomarcellopatriota.com.br\/blog\/wp-json\/wp\/v2\/comments?post=23171"}],"version-history":[{"count":6,"href":"https:\/\/blogdomarcellopatriota.com.br\/blog\/wp-json\/wp\/v2\/posts\/23171\/revisions"}],"predecessor-version":[{"id":23185,"href":"https:\/\/blogdomarcellopatriota.com.br\/blog\/wp-json\/wp\/v2\/posts\/23171\/revisions\/23185"}],"wp:attachment":[{"href":"https:\/\/blogdomarcellopatriota.com.br\/blog\/wp-json\/wp\/v2\/media?parent=23171"}],"wp:term":[{"taxonomy":"category","embeddable":true,"href":"https:\/\/blogdomarcellopatriota.com.br\/blog\/wp-json\/wp\/v2\/categories?post=23171"},{"taxonomy":"post_tag","embeddable":true,"href":"https:\/\/blogdomarcellopatriota.com.br\/blog\/wp-json\/wp\/v2\/tags?post=23171"}],"curies":[{"name":"wp","href":"https:\/\/api.w.org\/{rel}","templated":true}]}}