{"id":23178,"date":"2020-01-20T12:41:34","date_gmt":"2020-01-20T15:41:34","guid":{"rendered":"http:\/\/blogdomarcellopatriota.com.br\/blog\/?p=23178"},"modified":"2020-01-20T12:41:34","modified_gmt":"2020-01-20T15:41:34","slug":"pt-priorizara-proporcional-em-tabira-diz-carlos-veras","status":"publish","type":"post","link":"https:\/\/blogdomarcellopatriota.com.br\/blog\/pt-priorizara-proporcional-em-tabira-diz-carlos-veras\/","title":{"rendered":"PT priorizar\u00e1 proporcional em Tabira, diz Carlos Veras"},"content":{"rendered":"<div id=\"attachment_143252\" class=\"wp-caption alignleft\"><a href=\"https:\/\/i2.wp.com\/nilljunior.com.br\/wp-content\/uploads\/2019\/02\/CarlosVeras-Facebook.jpg\"><img fetchpriority=\"high\" decoding=\"async\" class=\"wp-image-143252\" src=\"https:\/\/i2.wp.com\/nilljunior.com.br\/wp-content\/uploads\/2019\/02\/CarlosVeras-Facebook.jpg?resize=400%2C267\" sizes=\"(max-width: 400px) 100vw, 400px\" srcset=\"https:\/\/i2.wp.com\/nilljunior.com.br\/wp-content\/uploads\/2019\/02\/CarlosVeras-Facebook.jpg?resize=600%2C400 600w, https:\/\/i2.wp.com\/nilljunior.com.br\/wp-content\/uploads\/2019\/02\/CarlosVeras-Facebook.jpg?resize=150%2C100 150w, https:\/\/i2.wp.com\/nilljunior.com.br\/wp-content\/uploads\/2019\/02\/CarlosVeras-Facebook.jpg?resize=300%2C200 300w, https:\/\/i2.wp.com\/nilljunior.com.br\/wp-content\/uploads\/2019\/02\/CarlosVeras-Facebook.jpg?resize=768%2C512 768w, https:\/\/i2.wp.com\/nilljunior.com.br\/wp-content\/uploads\/2019\/02\/CarlosVeras-Facebook.jpg?w=960 960w\" alt=\"\" width=\"400\" height=\"267\" data-attachment-id=\"143252\" data-permalink=\"http:\/\/nilljunior.com.br\/pt-de-tabira-promove-concentracao-para-assistir-posse-carlos-veras\/carlosveras-facebook\/\" data-orig-file=\"https:\/\/i2.wp.com\/nilljunior.com.br\/wp-content\/uploads\/2019\/02\/CarlosVeras-Facebook.jpg?fit=960%2C640\" data-orig-size=\"960,640\" data-comments-opened=\"1\" data-image-meta=\"{&quot;aperture&quot;:&quot;0&quot;,&quot;credit&quot;:&quot;&quot;,&quot;camera&quot;:&quot;&quot;,&quot;caption&quot;:&quot;&quot;,&quot;created_timestamp&quot;:&quot;0&quot;,&quot;copyright&quot;:&quot;&quot;,&quot;focal_length&quot;:&quot;0&quot;,&quot;iso&quot;:&quot;0&quot;,&quot;shutter_speed&quot;:&quot;0&quot;,&quot;title&quot;:&quot;&quot;,&quot;orientation&quot;:&quot;0&quot;}\" data-image-title=\"CarlosVeras-Facebook\" data-image-description=\"\" data-medium-file=\"https:\/\/i2.wp.com\/nilljunior.com.br\/wp-content\/uploads\/2019\/02\/CarlosVeras-Facebook.jpg?fit=300%2C200\" data-large-file=\"https:\/\/i2.wp.com\/nilljunior.com.br\/wp-content\/uploads\/2019\/02\/CarlosVeras-Facebook.jpg?fit=600%2C400\" \/><\/a><\/p>\n<p class=\"wp-caption-text\">\n<\/div>\n<p>Mesmo com o bloco governista j\u00e1 tendo iniciado as discuss\u00f5es da majorit\u00e1ria para substituir o prefeito Sebasti\u00e3o Dias (PTB), o Partido dos Trabalhadores vai atuar inicialmente na composi\u00e7\u00e3o de sua chapa de vereadores. A informa\u00e7\u00e3o foi passada pelo Deputado Federal Carlos Veras durante entrevista ao comunicador\u00a0<strong>Anchieta Santos<\/strong>\u00a0na\u00a0<strong>R\u00e1dio Cidade FM<\/strong>.<\/p>\n<p>\u201cUma vez que a nova legisla\u00e7\u00e3o eleitoral veta a coliga\u00e7\u00e3o proporcional, cada partido vai ter que apresentar uma chapa forte para a c\u00e2mara municipal e \u00e9 isso que o PT vai fazer\u201d, disse Carlos Veras. O parlamentar defendeu a unidade entre os partidos que formam o palanque governista para definir a chapa majorit\u00e1ria em Tabira. Ele disse que o PT apresentar\u00e1 um nome, mas o partido n\u00e3o fecha quest\u00e3o e poder\u00e1 votar em um candidato de outra sigla que integre o bloco governista.<\/p>\n","protected":false},"excerpt":{"rendered":"<p>Mesmo com o bloco governista j&aacute; tendo iniciado as discuss&otilde;es da majorit&aacute;ria para substituir o prefeito Sebasti&atilde;o Dias (PTB), o Partido dos Trabalhadores vai atuar inicialmente na composi&ccedil;&atilde;o de sua chapa de vereadores. A informa&ccedil;&atilde;o foi passada pelo Deputado Federal Carlos Veras durante entrevista ao comunicador&nbsp;Anchieta Santos&nbsp;na&nbsp;R&aacute;dio Cidade FM. &ldquo;Uma vez que a nova legisla&ccedil;&atilde;o &#8230; <a title=\"PT priorizar\u00e1 proporcional em Tabira, diz Carlos Veras\" class=\"read-more\" href=\"https:\/\/blogdomarcellopatriota.com.br\/blog\/pt-priorizara-proporcional-em-tabira-diz-carlos-veras\/\" aria-label=\"Read more about PT priorizar\u00e1 proporcional em Tabira, diz Carlos Veras\">Ler mais<\/a><\/p>\n","protected":false},"author":2,"featured_media":0,"comment_status":"open","ping_status":"open","sticky":false,"template":"","format":"standard","meta":{"footnotes":""},"categories":[1],"tags":[],"class_list":["post-23178","post","type-post","status-publish","format-standard","hentry","category-sem-categoria"],"_links":{"self":[{"href":"https:\/\/blogdomarcellopatriota.com.br\/blog\/wp-json\/wp\/v2\/posts\/23178","targetHints":{"allow":["GET"]}}],"collection":[{"href":"https:\/\/blogdomarcellopatriota.com.br\/blog\/wp-json\/wp\/v2\/posts"}],"about":[{"href":"https:\/\/blogdomarcellopatriota.com.br\/blog\/wp-json\/wp\/v2\/types\/post"}],"author":[{"embeddable":true,"href":"https:\/\/blogdomarcellopatriota.com.br\/blog\/wp-json\/wp\/v2\/users\/2"}],"replies":[{"embeddable":true,"href":"https:\/\/blogdomarcellopatriota.com.br\/blog\/wp-json\/wp\/v2\/comments?post=23178"}],"version-history":[{"count":1,"href":"https:\/\/blogdomarcellopatriota.com.br\/blog\/wp-json\/wp\/v2\/posts\/23178\/revisions"}],"predecessor-version":[{"id":23179,"href":"https:\/\/blogdomarcellopatriota.com.br\/blog\/wp-json\/wp\/v2\/posts\/23178\/revisions\/23179"}],"wp:attachment":[{"href":"https:\/\/blogdomarcellopatriota.com.br\/blog\/wp-json\/wp\/v2\/media?parent=23178"}],"wp:term":[{"taxonomy":"category","embeddable":true,"href":"https:\/\/blogdomarcellopatriota.com.br\/blog\/wp-json\/wp\/v2\/categories?post=23178"},{"taxonomy":"post_tag","embeddable":true,"href":"https:\/\/blogdomarcellopatriota.com.br\/blog\/wp-json\/wp\/v2\/tags?post=23178"}],"curies":[{"name":"wp","href":"https:\/\/api.w.org\/{rel}","templated":true}]}}