{"id":23195,"date":"2020-01-21T08:19:26","date_gmt":"2020-01-21T11:19:26","guid":{"rendered":"http:\/\/blogdomarcellopatriota.com.br\/blog\/?p=23195"},"modified":"2020-01-21T08:40:45","modified_gmt":"2020-01-21T11:40:45","slug":"brejinho-uma-multidao-no-encerramento-com-mano-walter-da-festa-de-sao-sebastiao-2020","status":"publish","type":"post","link":"https:\/\/blogdomarcellopatriota.com.br\/blog\/brejinho-uma-multidao-no-encerramento-com-mano-walter-da-festa-de-sao-sebastiao-2020\/","title":{"rendered":"BREJINHO \\ Uma multid\u00e3o no encerramento com Mano Walter da Festa de S\u00e3o Sebasti\u00e3o 2020"},"content":{"rendered":"<figure style=\"width: 619px\" class=\"wp-caption aligncenter\"><img fetchpriority=\"high\" decoding=\"async\" src=\"https:\/\/scontent.ffor9-1.fna.fbcdn.net\/v\/t1.0-9\/s960x960\/82827326_2566750800114700_4224705762795978752_o.jpg?_nc_cat=101&amp;_nc_oc=AQlMnOLdVYFHC9HTiRjWKlHt9mo8dEcpt8Jecb_C3kQ6qIsClzd5dZouJoYrt72EkT4&amp;_nc_pt=1&amp;_nc_ht=scontent.ffor9-1.fna&amp;_nc_tp=1002&amp;oh=e751a41134ace2c8945e86aeb6b8c35c&amp;oe=5ED1DB5C\" alt=\"A imagem pode conter: 2 pessoas, multid\u00e3o\" width=\"629\" height=\"417\" \/><figcaption class=\"wp-caption-text\">(Um publico estimado em mais de 12 mil pessoas prestigiaram a \u00faltima noite da Festa de S. sebasti\u00e3o 2020 em Brejinho)<\/figcaption><\/figure>\n<p><img decoding=\"async\" class=\"alignleft\" src=\"https:\/\/scontent.ffor9-1.fna.fbcdn.net\/v\/t1.0-9\/s960x960\/82806873_2566755530114227_2146762699084660736_o.jpg?_nc_cat=100&amp;_nc_oc=AQlKwyRdbDFmIjgiIbYLVRsT-JD45RsmhTTdONrAAohMC-DhlTkAMYQoS2CE9ZOtZEU&amp;_nc_pt=1&amp;_nc_ht=scontent.ffor9-1.fna&amp;_nc_tp=1002&amp;oh=f23ccaca81be8ab4e8b327c047403b18&amp;oe=5ED1065E\" alt=\"A imagem pode conter: 3 pessoas, incluindo Tania Santos Santos e Aglailson Victor, pessoas sorrindo, pessoas em p\u00e9\" width=\"394\" height=\"261\" \/>A tradicional Festa de Janeiro de Brejinho, teve in\u00edcio no \u00faltimo dia 10 terminou na madrugada desse dia 20, dia do Santo Padroeiro S\u00e3o Sebasti\u00e3o, passaram no Palco Princiapal\u00a0<em>Lenilson Nunes<\/em><em>, Luan Douglas\u00a0<\/em><em>e a grande atra\u00e7\u00e3o da noite; Mano Walter<\/em><\/p>\n<p>O Deputado estadual Aglailson Victor(PSB) esteve ao lado da\u00a0 prefeita Tania Maria, dos\u00a0<span class=\"text_exposed_show\">\u00a0Ex-prefeitos Jos\u00e9 Vanderlei e Chico Dudu, os vereadores: Guega de Jacinto, Galeguinho do Milh\u00e3o,Ronaldo Delfino, Galeguinho do Milh\u00e3o\u00a0 e In\u00e1cio Teixeira estiveram no palco principal.<\/span><\/p>\n<p>&nbsp;<\/p>\n<figure style=\"width: 640px\" class=\"wp-caption aligncenter\"><img decoding=\"async\" src=\"https:\/\/scontent.ffor9-1.fna.fbcdn.net\/v\/t1.0-9\/s960x960\/82508339_2566712160118564_2489626566775013376_o.jpg?_nc_cat=111&amp;_nc_oc=AQnDQyNjBuVIR0AWAqw0kOLks0q9UgIfgPtMAzFjDVkDkvdqqlOk_t6X_Pss2rfZ-U8&amp;_nc_pt=1&amp;_nc_ht=scontent.ffor9-1.fna&amp;_nc_tp=1002&amp;oh=d9a9e55dca32f1ff19af4d5f4904a815&amp;oe=5E9033CB\" alt=\"A imagem pode conter: 12 pessoas, incluindo Elisangela Lucena De Lira Isidro, Tania Santos Santos, Aglailson Victor e Dora Santos, pessoas sorrindo, pessoas em p\u00e9 e \u00e1rea interna\" width=\"650\" height=\"431\" \/><figcaption class=\"wp-caption-text\">(Zan Lucena, Tania Maria, Dep.Est. Aglaison Victor, Vanderlei e Chico Dudu)<\/figcaption><\/figure>\n<p><img loading=\"lazy\" decoding=\"async\" class=\"\" src=\"https:\/\/scontent.ffor9-1.fna.fbcdn.net\/v\/t1.0-9\/s960x960\/83097515_2566732003449913_3196076982488006656_o.jpg?_nc_cat=108&amp;_nc_oc=AQlSvDZs8mPMZuXIkn--zVTsfyzqPu2aSyDJIpi4fV2pm8MHiA3vccuA2J1AKW3KeAg&amp;_nc_pt=1&amp;_nc_ht=scontent.ffor9-1.fna&amp;_nc_tp=1002&amp;oh=a4dc6aed0036517101304a24ec834aa1&amp;oe=5E9085EA\" alt=\"A imagem pode conter: 2 pessoas, incluindo Marconi Leite, pessoas sorrindo, pessoas em p\u00e9\" width=\"318\" height=\"211\" \/><img loading=\"lazy\" decoding=\"async\" class=\"\" src=\"https:\/\/scontent.ffor9-1.fna.fbcdn.net\/v\/t1.0-9\/s960x960\/83171287_2566713676785079_2813173234936053760_o.jpg?_nc_cat=101&amp;_nc_oc=AQkoQj17uCOa7Y7dhpO_18BKTO3KFpbqeAJtMnQALXnlBEZIQcK8CKGNDjbcVTx3moM&amp;_nc_pt=1&amp;_nc_ht=scontent.ffor9-1.fna&amp;_nc_tp=1002&amp;oh=9cf54178895fa3bee9bbc1a7a48816f6&amp;oe=5E9ACCA6\" alt=\"A imagem pode conter: 2 pessoas, incluindo Jussara Araujo Siqueira, pessoas sorrindo, pessoas em p\u00e9\" width=\"308\" height=\"204\" \/><\/p>\n<figure style=\"width: 667px\" class=\"wp-caption aligncenter\"><img loading=\"lazy\" decoding=\"async\" src=\"https:\/\/scontent.ffor9-1.fna.fbcdn.net\/v\/t1.0-9\/s960x960\/82872473_2566761203446993_68068355398959104_o.jpg?_nc_cat=106&amp;_nc_oc=AQmWWZND9LjfmloahSjmrWZ2UGlfjPHaJc4wbkVeHzMS1Go7FrZyz39uaeDU8ex4Lzg&amp;_nc_pt=1&amp;_nc_ht=scontent.ffor9-1.fna&amp;_nc_tp=1002&amp;oh=afa09adc05cd8d4a9a0c352a87b6284f&amp;oe=5ED0853E\" alt=\"A imagem pode conter: 2 pessoas, incluindo Marcelo Patriota, pessoas sorrindo, pessoas em p\u00e9 e texto\" width=\"677\" height=\"449\" \/><figcaption class=\"wp-caption-text\">(Mano Walter atendeu os f\u00e3s antes e no final do show, ficou at\u00e9 as 3 e meia da manh\u00e3 fazendo fotos)<\/figcaption><\/figure>\n<p>O <strong>Blog do Marcelllo Patriota<\/strong> apurou que a 88\u00aa Festa de S.SEBASTI\u00c3O 2020\u00a0 j\u00e1 mostra um crescimento na estrutura e na atratividade das pessoas. A Secretaria Municipal de Sa\u00fade, disponibilizou atendimento de emerg\u00eancia, com equipe presente na festa com condutor socorrista e t\u00e9cnica de enfermagem, bem como os respectivos equipamentos para o atendimento de urg\u00eancia e ambul\u00e2ncia de plant\u00e3o e equipe de prontid\u00e3o.\u00a0A Pol\u00edcia Militar\u00a0 providenciou e disponibilizou toda estrutura operacional necess\u00e1ria \u00e0 seguran\u00e7a do evento e fez\u00a0a execu\u00e7\u00e3o das a\u00e7\u00f5es relacionadas ao policiamento ostensivo. A Prefeitura disponibilizou\u00a0Bombeiros Civis,\u00a0 banheiros qu\u00edmicos m\u00f3veis. A Vigil\u00e2ncia Sanit\u00e1ria\u00a0orientou e fiscalizou os barraqueiros, vendedores ambulantes, Carrinhos de venda de alimentos e similares\u00a0e donos de restaurantes. Conselho tutelar se fez presente.<\/p>\n","protected":false},"excerpt":{"rendered":"<p>A tradicional Festa de Janeiro de Brejinho, teve in&iacute;cio no &uacute;ltimo dia 10 terminou na madrugada desse dia 20, dia do Santo Padroeiro S&atilde;o Sebasti&atilde;o, passaram no Palco Princiapal&nbsp;Lenilson Nunes, Luan Douglas&nbsp;e a grande atra&ccedil;&atilde;o da noite; Mano Walter O Deputado estadual Aglailson Victor(PSB) esteve ao lado da&nbsp; prefeita Tania Maria, dos&nbsp;&nbsp;Ex-prefeitos Jos&eacute; Vanderlei e &#8230; <a title=\"BREJINHO \\ Uma multid\u00e3o no encerramento com Mano Walter da Festa de S\u00e3o Sebasti\u00e3o 2020\" class=\"read-more\" href=\"https:\/\/blogdomarcellopatriota.com.br\/blog\/brejinho-uma-multidao-no-encerramento-com-mano-walter-da-festa-de-sao-sebastiao-2020\/\" aria-label=\"Read more about BREJINHO \\ Uma multid\u00e3o no encerramento com Mano Walter da Festa de S\u00e3o Sebasti\u00e3o 2020\">Ler mais<\/a><\/p>\n","protected":false},"author":2,"featured_media":0,"comment_status":"open","ping_status":"open","sticky":false,"template":"","format":"standard","meta":{"footnotes":""},"categories":[1],"tags":[],"class_list":["post-23195","post","type-post","status-publish","format-standard","hentry","category-sem-categoria"],"_links":{"self":[{"href":"https:\/\/blogdomarcellopatriota.com.br\/blog\/wp-json\/wp\/v2\/posts\/23195","targetHints":{"allow":["GET"]}}],"collection":[{"href":"https:\/\/blogdomarcellopatriota.com.br\/blog\/wp-json\/wp\/v2\/posts"}],"about":[{"href":"https:\/\/blogdomarcellopatriota.com.br\/blog\/wp-json\/wp\/v2\/types\/post"}],"author":[{"embeddable":true,"href":"https:\/\/blogdomarcellopatriota.com.br\/blog\/wp-json\/wp\/v2\/users\/2"}],"replies":[{"embeddable":true,"href":"https:\/\/blogdomarcellopatriota.com.br\/blog\/wp-json\/wp\/v2\/comments?post=23195"}],"version-history":[{"count":6,"href":"https:\/\/blogdomarcellopatriota.com.br\/blog\/wp-json\/wp\/v2\/posts\/23195\/revisions"}],"predecessor-version":[{"id":23201,"href":"https:\/\/blogdomarcellopatriota.com.br\/blog\/wp-json\/wp\/v2\/posts\/23195\/revisions\/23201"}],"wp:attachment":[{"href":"https:\/\/blogdomarcellopatriota.com.br\/blog\/wp-json\/wp\/v2\/media?parent=23195"}],"wp:term":[{"taxonomy":"category","embeddable":true,"href":"https:\/\/blogdomarcellopatriota.com.br\/blog\/wp-json\/wp\/v2\/categories?post=23195"},{"taxonomy":"post_tag","embeddable":true,"href":"https:\/\/blogdomarcellopatriota.com.br\/blog\/wp-json\/wp\/v2\/tags?post=23195"}],"curies":[{"name":"wp","href":"https:\/\/api.w.org\/{rel}","templated":true}]}}