{"id":23204,"date":"2020-01-21T00:43:33","date_gmt":"2020-01-21T03:43:33","guid":{"rendered":"http:\/\/blogdomarcellopatriota.com.br\/blog\/?p=23204"},"modified":"2020-01-21T10:07:20","modified_gmt":"2020-01-21T13:07:20","slug":"giro-pelos-blogs21-01-2020","status":"publish","type":"post","link":"https:\/\/blogdomarcellopatriota.com.br\/blog\/giro-pelos-blogs21-01-2020\/","title":{"rendered":"*********Giro pelos Blog&#8217;S======(21.01.2020)*****"},"content":{"rendered":"<p class=\"blog-post-meta\"><span style=\"font-size: 24pt;\">Coluna do Blog Magno Martins<\/span><\/p>\n<p><strong>Minhas trincheiras n\u00e3o ter\u00e3o fim<\/strong><\/p>\n<p>Desde ontem, esta coluna deixa de ser publicada na Folha de Pernambuco, jornal do empres\u00e1rio Eduardo Monteiro, do qual participei, com muita alegria, do seu alicerce, abrindo novo paradigma na comunica\u00e7\u00e3o do Estado, quebrando, ao mesmo tempo, o velho tabu de que n\u00e3o havia espa\u00e7o para uma chamada terceira via na m\u00eddia impressa do Estado, ref\u00e9m da dicotomia Di\u00e1rio de Pernambuco x Jornal do Commercio.<\/p>\n<p>A Folha veio, inovou e venceu. Emprestei minha modesta colabora\u00e7\u00e3o em duas etapas, uma delas interrompida bruscamente, outra pela ida a Bras\u00edlia como editor do Jornal de Bras\u00edlia, arrendado tamb\u00e9m por Eduardo. A ele, s\u00f3 tenho que agradecer pelas oportunidades, mas a coluna vai continuar neste espa\u00e7o, como sempre esteve, \u00e0 meia noite e depois respostada \u00e0s seis da manh\u00e3.<\/p>\n<p>At\u00e9 porque se traduz no carro chefe deste blog, trazendo an\u00e1lise isenta, com boa dose de pimenta, sem perder meu estilo de defensor de grandes causas e bandeiras da sociedade.<\/p>\n<p>Encaro o Jornalismo como miss\u00e3o cidad\u00e3, trincheira e tribuna dos que n\u00e3o t\u00eam voz, vivem penando num Pa\u00eds com o tra\u00e7o perverso das desigualdades sociais. N\u00e3o tolero injusti\u00e7as, mas s\u00e3o regra ao inv\u00e9s de exce\u00e7\u00e3o nesta regi\u00e3o relegada \u00e0 sorte e ao abandono.<\/p>\n<p>Nesse tempo todo, perdi o n\u00famero de causas que defendi. Pela minha pena, a luz se acendeu no final do t\u00fanel em muitas jornadas que pareciam adormecidas ou inquebrant\u00e1veis. No dia em que n\u00e3o puder mais fazer jornalismo assim, n\u00e3o sirvo \u00e0 sociedade, n\u00e3o honro o juramento do diploma de bacharel em Jornalismo, voca\u00e7\u00e3o que Deus me deu, aperfei\u00e7oada ao longo do tempo sob inspira\u00e7\u00e3o do meu amado pai Gast\u00e3o Cequinha, com ra\u00edzes nas barrancas do Rio Paje\u00fa.<\/p>\n<p><strong>Estrela bolsonarista \u2013\u00a0<\/strong>Regina Duarte virou secret\u00e1ria de Cultura de Bolsonaro. O apelido de namoradinha do Brasil vem dos anos 70 quando encantou o Pa\u00eds em novelas e pe\u00e7as de teatro. Seu ingresso na vida p\u00fablica deixa pairar no ar muitas d\u00favidas. Passa a servir um Governo que n\u00e3o tem l\u00e1 essas coisas de compromissos com a cultura e pode ser mais uma estrela para gerar apenas m\u00eddia como foram Pel\u00e9 e Gilberto Gil no passado.<\/p>\n<p><strong>Caiu fora \u2013<\/strong>\u00a0Em Araripina, o ex-prefeito Alexandre Arraes (PSB) n\u00e3o conseguiu segurar o vereador Jo\u00e3o Dias, o mais influente do seu grupo de dois, em apoio \u00e0 candidatura de Bringel Filho (PSDB) \u00e0 sucess\u00e3o do prefeito Raimundo Pimentel (PSL). O parlamentar debandou para o grupo de Ti\u00e3o, o chamado \u201cBar\u00e3o do Gesso\u201d, por ser o maior donat\u00e1rio de imensas glebas de gipsita do Araripe.<\/p>\n<p><strong>Alian\u00e7a e sanfona \u2013<\/strong>\u00a0Presidente da Embratur, o pernambucano Gilson Neto recebeu a miss\u00e3o de Bolsonaro para estruturar o novo partido Alian\u00e7a pelo Brasil em territ\u00f3rio nordestino. No \u00faltimo fim de semana, mobilizou uma multid\u00e3o em Jo\u00e3o Pessoa colhendo assinaturas de apoio ao registro da legenda, com direito a uma canjinha em sua sanfona. A pr\u00f3xima etapa inclui Pernambuco e Cear\u00e1.<\/p>\n<p><strong>A favor e contra \u2013<\/strong>\u00a0No Rio de Janeiro, porque ningu\u00e9m \u00e9 de ferro, o deputado Felipe Carreras garante que, ao contr\u00e1rio de Gonzaga Patriota, votar\u00e1 em Danilo Cabral para l\u00edder do partido na C\u00e2mara. Como Patriota, entretanto, o atual l\u00edder Tadeu Alencar vota no carioca Alessandro Molon, nome, ali\u00e1s, for\u00e7adamente apoiado por ele por causa de um entendimento fechado l\u00e1 atr\u00e1s em apoio \u00e0 sua escolha como l\u00edder para o exerc\u00edcio que est\u00e1 sendo encerrado.<\/p>\n<p><strong>CURTAS<\/strong><\/p>\n<p><strong>UNIDADE \u2013<\/strong>\u00a0As oposi\u00e7\u00f5es come\u00e7am a despertar para a necessidade de unidade na sucess\u00e3o do prefeito Geraldo J\u00falio no Recife. L\u00edder da oposi\u00e7\u00e3o na Assembleia, Marco Aur\u00e9lio, do PRTB, ainda est\u00e1 no p\u00e1reo, mas ontem deu indicativos de que pode liderar um movimento em favor de um bloco conciso em torno do nome da delegada Patr\u00edcia Domingos, ainda sem filia\u00e7\u00e3o partid\u00e1ria.<\/p>\n<p><strong>O ARREPENDIDO \u2013\u00a0<\/strong>Em Carpina, o Pal\u00e1cio acena em apoio \u00e0 reelei\u00e7\u00e3o do prefeito Manoel Botafogo (PDT) contrariando o chefe de gabinete do governador, Milton Coelho. Suplente de deputado federal pela Frente Popular, Coelho tem compromisso velado com a oposi\u00e7\u00e3o, apoiando o trabalhista Joaquim Lapa, que lidera todas as pesquisas de inten\u00e7\u00e3o de voto para prefeito. Pavio curto, Botafogo tem mania de romper com o Governo e depois se arrepender.<\/p>\n<p><strong>BRIGA DAS SAIAS \u2013<\/strong>\u00a0J\u00e1 em Caruaru, a surpresa da fase pr\u00e9-campanha pela Prefeitura pode se revelar no grupo do deputado Tony Gel (MDB). O que corre nos bastidores \u00e9 que ele n\u00e3o ser\u00e1 o candidato, mas apresentar\u00e1 a esposa Miriam Lacerda para um duelo saia contra saia \u2013 a advers\u00e1ria \u00e9 Raquel Lyra (PSDB). Miriam j\u00e1 disputou em 2012 e perdeu para Jos\u00e9 Queiroz, novamente candidato.<\/p>\n<p><strong>Perguntar n\u00e3o ofende: Joaquim Francisco est\u00e1 no p\u00e1reo para valer na corrida sucess\u00f3ria do Recife?<\/strong><\/p>\n<p><span style=\"font-size: 24pt;\">Coluna do FinFa<\/span><\/p>\n<p><img fetchpriority=\"high\" decoding=\"async\" class=\"aligncenter\" src=\"http:\/\/blogdofinfa.com.br\/wp-content\/uploads\/2020\/01\/d4cc3fe9-5eba-4213-8e74-eb16bff84c03-800x533.jpg\" width=\"529\" height=\"352\" \/><\/p>\n<p><strong>Sucesso \u2013\u00a0<\/strong>A Banda Magnif\u00edcos e cantor iguaraciense Maciel Melo, encerraram na noite de ontem (20), a tradicional Festa de Janeiro 2020 da cidade de Iguaracy. A festa \u00e9 uma realiza\u00e7\u00e3o da Prefeitura Municipal com apoio do Governo de Pernambuco e Fundarpe, atrav\u00e9s da Secretaria de Cultura. O prefeito Zeinha Torres, o vice-prefeito Dr. Pedro Alves, estavam radiante diante do sucesso da festa, que teve in\u00edcio no \u00faltimo dia 10, e fechou com chave de ouro, a multid\u00e3o se espalhou pela Pra\u00e7a Ant\u00f4nio Rabelo.<\/p>\n<p><img decoding=\"async\" class=\"aligncenter\" src=\"https:\/\/scontent.ffor9-1.fna.fbcdn.net\/v\/t1.0-9\/s960x960\/82508339_2566712160118564_2489626566775013376_o.jpg?_nc_cat=111&amp;_nc_oc=AQnDQyNjBuVIR0AWAqw0kOLks0q9UgIfgPtMAzFjDVkDkvdqqlOk_t6X_Pss2rfZ-U8&amp;_nc_pt=1&amp;_nc_ht=scontent.ffor9-1.fna&amp;_nc_tp=1002&amp;oh=d9a9e55dca32f1ff19af4d5f4904a815&amp;oe=5E9033CB\" alt=\"A imagem pode conter: 12 pessoas, incluindo Elisangela Lucena De Lira Isidro, Tania Santos Santos, Aglailson Victor e Dora Santos, pessoas sorrindo, pessoas em p\u00e9 e \u00e1rea interna\" width=\"597\" height=\"396\" \/><\/p>\n<p><strong>Confirmou apoio<\/strong>\u00a0\u2013 Em Brejinho-PE, o ex prefeito Jos\u00e9 Vanderlei que \u00e9 pr\u00e9-candidato a prefeito nas elei\u00e7\u00f5es deste ano, com o apoio da atual prefeita T\u00e2nia Maria,\u00a0 confirmou o apoio do ex-prefeito Chico Dudu, com essa ades\u00e3o, Vanderley, se torna super competitivo com a volta do carism\u00e1tico Chico, junto com sua fam\u00edlia.<\/p>\n<p><strong>Lideran\u00e7a Emergente<\/strong>\u00a0-Aos poucos uma figura bastante discreta vai se destacando no cen\u00e1rio da pol\u00edtica pernambucana.\u00a0Trata-se de Fernando Dueire, filho de ex-deputado com uma militante das causas sociais, e irm\u00e3o da combativa conselheira do Tribunal de Contas e ex-deputada, Tereza Duere. Segundo se comenta,<br \/>\nFernando hoje \u00e9 ouvido tanto pelo Pal\u00e1cio, quanto pela oposi\u00e7\u00e3o. Dueire \u00e9 ponderado, pragm\u00e1tico, da escola \u201cMacielista\u201d, e muito tem contribu\u00eddo com o mandato do senador Jarbas Vasconcelos, de quem \u00e9 suplente, bem como com as gest\u00f5es de Paulo C\u00e2mara e Geraldo J\u00falio.<\/p>\n<p>&nbsp;<\/p>\n<p><strong>Negou \u2013\u00a0<\/strong>O deputado federal Tadeu Alencar (PSB) se posicionou em rela\u00e7\u00e3o \u00e0 informa\u00e7\u00e3o publicada no Blog da Noelia Brito, nesta sexta-feira (17). Segundo a publica\u00e7\u00e3o, em raz\u00e3o de maus resultados em pesquisas qualitativas feitas pelo PSB e do agravamento da briga familiar envolvendo os Campos, os Arraes e os Andrade Lima, teria sido convocada uma reuni\u00e3o na noite desta quinta (16), onde \u201cse cogitou a substitui\u00e7\u00e3o do deputado Jo\u00e3o Campos, que j\u00e1 era dado como candidato certo do PSB \u00e0 sucess\u00e3o de Geraldo Julio, que sonha em ser o pr\u00f3ximo governador de Pernambuco, por outro nome do PSB. Em substitui\u00e7\u00e3o a Jo\u00e3o Campos, outro integrante do condom\u00ednio pol\u00edtico-familiar socialista, o deputado Tadeu Alencar, figuraria como o preferido de Renata Campos, comandante do grupo pol\u00edtico que governa Pernambuco e Recife\u201d.<strong>\u00a0(Folha PE)<\/strong><\/p>\n<p><strong>Ingazeira \u2013\u00a0<\/strong>O Governo Municipal atrav\u00e9s da Secret\u00e1ria de Sa\u00fade, por meio da equipe da UBS I, com o apoio de nutricionistas, psic\u00f3logas e ACS\u2019s, realizaram na \u00faltima sexta-feira (17\/01), sala de espera em alus\u00e3o ao Janeiro Branco, incentivando os cuidados com a sa\u00fade mental.<\/p>\n<p><strong>FPM \u2013\u00a0<\/strong>Nesta segunda-feira, 20 de janeiro, os cofres dos Munic\u00edpios de todo o pa\u00eds v\u00e3o receber o repasse do Fundo de Participa\u00e7\u00e3o dos Munic\u00edpios (FPM) referente ao segundo dec\u00eandio do m\u00eas de janeiro. O valor total corresponde a R$ 1.220.210.392,58, j\u00e1 descontada a reten\u00e7\u00e3o do Fundo de Manuten\u00e7\u00e3o do Desenvolvimento da Educa\u00e7\u00e3o B\u00e1sica e de Valoriza\u00e7\u00e3o dos Profissionais da Educa\u00e7\u00e3o (Fundeb). Em valores brutos, que inclui o Fundeb, o repasse chega a R$ 1.525.262.990,73. Dados da Secretaria do Tesouro Nacional mostram que, comparado ao mesmo dec\u00eandio do ano anterior, o n\u00famero apresentou uma queda de 2,72%, desconsiderando os efeitos da infla\u00e7\u00e3o. Comparando o acumulado do m\u00eas o valor tamb\u00e9m apresentou queda, desta vez de 8,45%. J\u00e1 o acumulado do ano, comparado ao mesmo per\u00edodo do ano anterior, o FPM tamb\u00e9m apresenta queda.<\/p>\n<p><img decoding=\"async\" class=\"aligncenter\" src=\"http:\/\/blogdofinfa.com.br\/wp-content\/uploads\/2020\/01\/WhatsApp-Image-2020-01-20-at-19.35.36-800x498.jpeg\" width=\"573\" height=\"356\" \/><\/p>\n<p><strong>Mais um \u2013\u00a0<\/strong>O prefeito de Itapetim-PE, Adelmo Moura,acompanhado do vice-prefeito Junio Moreira, dos vereadores Jacinto Lucena e Clodoaldo Lucena, estiveram na resid\u00eancia de Maria de F\u00e1tima e suairm\u00e3 Gra\u00e7as, para iniciar a constru\u00e7\u00e3o de mais um Sistema Simplificado de Abastecimento de \u00c1gua do S\u00edtio Bonito. \u201d Nossa luta pelo fim do sofrimento com a falta d\u2019\u00e1gua \u00e9 incans\u00e1vel. Vamos continuar realizando obras para melhorar cada vez mais a qualidade de vida dos itapetinenses\u201d,disse o prefeito.<\/p>\n<p><img loading=\"lazy\" decoding=\"async\" class=\"alignleft wp-image-150637\" src=\"http:\/\/blogdofinfa.com.br\/wp-content\/uploads\/2020\/01\/WhatsApp-Image-2020-01-20-at-19.35.58-257x300.jpeg\" sizes=\"(max-width: 257px) 100vw, 257px\" srcset=\"http:\/\/blogdofinfa.com.br\/wp-content\/uploads\/2020\/01\/WhatsApp-Image-2020-01-20-at-19.35.58-257x300.jpeg 257w, http:\/\/blogdofinfa.com.br\/wp-content\/uploads\/2020\/01\/WhatsApp-Image-2020-01-20-at-19.35.58-768x896.jpeg 768w, http:\/\/blogdofinfa.com.br\/wp-content\/uploads\/2020\/01\/WhatsApp-Image-2020-01-20-at-19.35.58-514x600.jpeg 514w, http:\/\/blogdofinfa.com.br\/wp-content\/uploads\/2020\/01\/WhatsApp-Image-2020-01-20-at-19.35.58.jpeg 823w\" alt=\"\" width=\"158\" height=\"184\" \/><strong>Apoiando \u2013<\/strong><\/p>\n<p>O Governo Municipal de S\u00e3o Jos\u00e9 do Egito, atrav\u00e9s da Ag\u00eancia de Desenvolvimento Econ\u00f4mico, Secretaria de Assist\u00eancia Social e Diretoria da Mulher, est\u00e1 apoiando a realiza\u00e7\u00e3o de mais um curso para capacita\u00e7\u00e3o no mercado de trabalho. Realizado pelo Grupo Aprendiz, o curso montagem e manuten\u00e7\u00e3o de energia solar e e\u00f3lica acontecer\u00e1 em S\u00e3o Jos\u00e9 do Egito, maiores informa\u00e7\u00f5es na ADESJE das 08h as 14h, de Segunda a Sexta-feira.<\/p>\n<header class=\"entry-header\">\n<h2 class=\"entry-title\">COLUNA DO ITAMAR FRAN\u00c7A<\/h2>\n<\/header>\n<div class=\"entry-content clearfix\">\n<p><strong><img loading=\"lazy\" decoding=\"async\" class=\"wp-image-17030 aligncenter\" src=\"http:\/\/blogdoitamar.com.br\/wp-content\/uploads\/2020\/01\/TxS.gif\" alt=\"\" width=\"405\" height=\"156\" \/>E TOME FARPAS!<\/strong><\/p>\n<p>Que a rivalidade existe entre o ex-prefeito de Afogados da Ingazeira, Totonho Valadares (MDB) e o vice-prefeito Alessandro Palmeira (REDE), isso n\u00e3o \u00e9 novidade. Os dois s\u00e3o pr\u00e9-candidatos a sucess\u00e3o do prefeito Z\u00e9 Coimbra (PSB). Nos \u00faltimos dias, os \u00e2nimos se acirraram com mais troca de farpas. Bastou Palmeira acenar para o Partido dos Trabalhadores (PT), para Valadares afirmar que o atual vice-prefeito n\u00e3o tem representatividade para falar em nome da Frente Popular. O Cabe\u00e7a Branca citou a falta de protagonismo do partido ao qual Palmeira est\u00e1 filiado (Rede da Sustentabilidade) e a falta de estrutura para falar em nome do grupo governista. Palmeira ter\u00e1 que ter muito jogo de cintura, porque ter\u00e1 pela frente um dos mais experientes pol\u00edticos da cidade, com tr\u00eas mandatos de prefeito e bom tinino em argumenta\u00e7\u00e3o\u2026<\/p>\n<p>*****************************<\/p>\n<p><strong>PSB DE COIMBRA<\/strong><\/p>\n<p>Se o prefeito de Afogados da Ingazeira, Z\u00e9 Coimbra (PSB) n\u00e3o sair do arm\u00e1rio e botar queixo, o PSB ter\u00e1 dificuldade para reeleger os vereadores Renaldo Lima, Raimundo do Foto e Luiz Besour\u00e3o. Ambos aguardam uma iniciativa por parte de Coimbra (PSB) no sentido de fortalecer a legenda no munic\u00edpio, atraindo pr\u00e9-candidatos proporcionais. O PSB elegeu tr\u00eas vereadores nas elei\u00e7\u00f5es municipais de 2016 e de l\u00e1 pra c\u00e1 sequer arregimentou um pr\u00e9-candidato. Com a forma\u00e7\u00e3o de grupos dentro da Frente Popular, Coimbra enfrenta dificuldade para formar um time forte no PSB. Liderado pelo jovem Cassimiro Xavier, o Patriota supera o partido do prefeito em se tratando de quadros. H\u00e1 informa\u00e7\u00e3o que o socialista convidou alguns membros do Patriota para o PSB, mas obteve \u00eaxito na sua investida. O PSB ao contr\u00e1rio de outros munic\u00edpios opera com um n\u00famero aqu\u00e9m, na C\u00e2mara, pois s\u00f3 conseguiu eleger 3 vereadores em 2016.<\/p>\n<p>*****************************<\/p>\n<p><strong>NEM QUE A VACA TUSSA!!!!<\/strong><\/p>\n<p>Por falar nisso o advogado e suplente de vereador M\u00e1rio Siqueira Martins (Psol) formou um grupo de pr\u00e9-candidatos e j\u00e1 declarou que n\u00e3o ingressa no PSB de Coimbra nem que\u00a0 vaca tussa. M\u00e1rio est\u00e1 com os p\u00e9s dentro do\u00a0<strong>Progressista,\u00a0<\/strong>que \u00e9 liderado pelo advogado Steno Ferraz. O PROS que estava nos planos iniciais de M\u00e1rio se esvaiu no meio do caminho.<\/p>\n<p><strong>ZAP-ZAP<\/strong><\/p>\n<p>Lideran\u00e7as pol\u00edticas da oposi\u00e7\u00e3o em Cust\u00f3dia lamentam os ataques pessoais sofridos em grupos de whatsapp da cidade. Eles alegam que n\u00e3o existe intera\u00e7\u00e3o, isso porque n\u00e3o podem reclamar da gest\u00e3o do prefeito Manuca (PSD). \u00a0\u201cO gabinete do \u00f3dio trabalha para atacar advers\u00e1rios e esconder embaixo do tapete as den\u00fancias da gest\u00e3o Manuca. Basta entrar em algum grupo de whatsapp e cobrar por exemplo, a falta de medicamentos no hospital que imediatamente os defensores do prefeito partem para ataques pessoais. \u00a0Eles, n\u00e3o tem poder de argumenta\u00e7\u00e3o e baixam logo o n\u00edvel\u201d, escreveu o pr\u00e9-candidato a prefeito Marc\u00edlio Ferraz.<\/p>\n<p>*****************************<\/p>\n<p><strong>PREFEITOS NA REELEI\u00c7\u00c3O<\/strong><\/p>\n<p>Praticamente\u00a0<strong>80%<\/strong>\u00a0dos\u00a0prefeitos do\u00a0Alto Paje\u00fa, no exerc\u00edcio do cargo, est\u00e3o aptos a uma candidatura \u00e0 reelei\u00e7\u00e3o no pleito de 4 de outubro. Dos 14 prefeitos, apenas tr\u00eas n\u00e3o ir\u00e3o para a reelei\u00e7\u00e3o: T\u00e2nia Maria (Brejinho), Ti\u00e3o de Gaud\u00eancio (Quixaba) e Lino Oleg\u00e1rio (Ingazeira). Os demais j\u00e1 anunciaram a pretens\u00e3o: Romonilson (Belmonte), M\u00e1rio Flor Bet\u00e2nia), Marconi Santana (Flores), Sandra da Farm\u00e1cia (Calumbi), Zeinha Torres (Iguaraci), Evandro Valadares S\u00e3o Jos\u00e9 do Egito), Adelmo Moura (Itapetim), Vaninho de Danda (Santa Terezinha), S\u00e1vio Torres (Tuparetama), Djalma da Padaria (Solid\u00e3o), Anchieta Patriota (Carna\u00edba) e possivelmente Jo\u00e3o Batista (Triunfo). Apenas 4 dos prefeitos j\u00e1 est\u00e3o no segundo mandato e n\u00e3o poder\u00e3o se candidatar nas elei\u00e7\u00f5es deste ano: Z\u00e9 Coimbra (Afogados da Ingazeira), Luciano Duque (Serra Talhada), T\u00e1ssio Bezerra (Santa Cruz da Baixa Verde) e Sebasti\u00e3o Dias (Tabira).<\/p>\n<p>*****************************<\/p>\n<p><strong>BAIXOU\u00a0<\/strong><\/p>\n<p>Durante o \u00faltimo final de semana o Hospital Regional Em\u00edlia C\u00e2mara \u2013 HREC registrou 10 atendimentos m\u00e9dicos por ocorr\u00eancias de acidente com moto. Em meio a mais uma edi\u00e7\u00e3o do Encontro dos Motociclistas realizado no munic\u00edpio, esse n\u00famero foi considerado pouco, isso porque no final da semana passada a mesma Unidade Hospitalar registrou cerca de 26 atendimentos, mesmo com a Opera\u00e7\u00e3o Lei Seca instalada em diversos pontos da cidade.<\/p>\n<p><strong>MODELO LARANJAL\u2026<\/strong><\/p>\n<p>Amparados nas frouxas regras eleitorais criadas por eles pr\u00f3prios, os partidos pol\u00edticos indicam que repetir\u00e3o nas elei\u00e7\u00f5es municipais de outubro o modelo usado em 2018 para a aplica\u00e7\u00e3o do dinheiro p\u00fablico reservado para as campanhas. Os R$ 2,035 bilh\u00f5es do fundo eleitoral, sancionado por Bolsonaro, sexta-feira (17), ser\u00e3o distribu\u00eddos com base em duas diretrizes.<\/p>\n<p>*****************************<\/p>\n<p><strong>AT\u00c9 FEVEREIRO<\/strong><\/p>\n<p>Os criadores do Alian\u00e7a pelo Brasil, partido que o presidente Bolsonaro quer tirar do papel, acreditam que ser\u00e1 poss\u00edvel ter todas as assinaturas necess\u00e1rias a favor da cria\u00e7\u00e3o da legenda no in\u00edcio do pr\u00f3ximo m\u00eas. S\u00e3o necess\u00e1rios 492 mil apoiamentos distribu\u00eddos proporcionalmente pelo Brasil para que o registro possa ser feito ao Tribunal Superior Eleitoral (TSE).<\/p>\n<p>*****************************<\/p>\n<p><strong>FUS\u00c3O DE MUNIC\u00cdPIOS<\/strong><\/p>\n<p>O Minist\u00e9rio da Economia n\u00e3o desistiu de tentar emplacar a proposta para a fus\u00e3o de munic\u00edpios, diz a Folha. A medida prev\u00ea que cidades com menos de 5 mil habitantes e arrecada\u00e7\u00e3o pr\u00f3pria menor que 10% da receita total ser\u00e3o incorporados pelos munic\u00edpios vizinhos. Levantamento da pasta de Paulo Guedes mostra que, entre os 30 menores munic\u00edpios, os gastos com prefeitos, secret\u00e1rios e vereadores \u00e9 de R$ 20 milh\u00f5es por ano.<\/p>\n<\/div>\n<p>&nbsp;<\/p>\n","protected":false},"excerpt":{"rendered":"<p>Coluna do Blog Magno Martins Minhas trincheiras n&atilde;o ter&atilde;o fim Desde ontem, esta coluna deixa de ser publicada na Folha de Pernambuco, jornal do empres&aacute;rio Eduardo Monteiro, do qual participei, com muita alegria, do seu alicerce, abrindo novo paradigma na comunica&ccedil;&atilde;o do Estado, quebrando, ao mesmo tempo, o velho tabu de que n&atilde;o havia espa&ccedil;o &#8230; <a title=\"*********Giro pelos Blog&#8217;S======(21.01.2020)*****\" class=\"read-more\" href=\"https:\/\/blogdomarcellopatriota.com.br\/blog\/giro-pelos-blogs21-01-2020\/\" aria-label=\"Read more about *********Giro pelos Blog&#8217;S======(21.01.2020)*****\">Ler mais<\/a><\/p>\n","protected":false},"author":2,"featured_media":0,"comment_status":"open","ping_status":"open","sticky":false,"template":"","format":"standard","meta":{"footnotes":""},"categories":[1],"tags":[],"class_list":["post-23204","post","type-post","status-publish","format-standard","hentry","category-sem-categoria"],"_links":{"self":[{"href":"https:\/\/blogdomarcellopatriota.com.br\/blog\/wp-json\/wp\/v2\/posts\/23204","targetHints":{"allow":["GET"]}}],"collection":[{"href":"https:\/\/blogdomarcellopatriota.com.br\/blog\/wp-json\/wp\/v2\/posts"}],"about":[{"href":"https:\/\/blogdomarcellopatriota.com.br\/blog\/wp-json\/wp\/v2\/types\/post"}],"author":[{"embeddable":true,"href":"https:\/\/blogdomarcellopatriota.com.br\/blog\/wp-json\/wp\/v2\/users\/2"}],"replies":[{"embeddable":true,"href":"https:\/\/blogdomarcellopatriota.com.br\/blog\/wp-json\/wp\/v2\/comments?post=23204"}],"version-history":[{"count":6,"href":"https:\/\/blogdomarcellopatriota.com.br\/blog\/wp-json\/wp\/v2\/posts\/23204\/revisions"}],"predecessor-version":[{"id":23210,"href":"https:\/\/blogdomarcellopatriota.com.br\/blog\/wp-json\/wp\/v2\/posts\/23204\/revisions\/23210"}],"wp:attachment":[{"href":"https:\/\/blogdomarcellopatriota.com.br\/blog\/wp-json\/wp\/v2\/media?parent=23204"}],"wp:term":[{"taxonomy":"category","embeddable":true,"href":"https:\/\/blogdomarcellopatriota.com.br\/blog\/wp-json\/wp\/v2\/categories?post=23204"},{"taxonomy":"post_tag","embeddable":true,"href":"https:\/\/blogdomarcellopatriota.com.br\/blog\/wp-json\/wp\/v2\/tags?post=23204"}],"curies":[{"name":"wp","href":"https:\/\/api.w.org\/{rel}","templated":true}]}}