{"id":23213,"date":"2020-01-21T11:45:51","date_gmt":"2020-01-21T14:45:51","guid":{"rendered":"http:\/\/blogdomarcellopatriota.com.br\/blog\/?p=23213"},"modified":"2020-01-21T11:45:51","modified_gmt":"2020-01-21T14:45:51","slug":"prefeitura-de-tuparetama-nao-esta-repassando-parcelas-dos-consignados-de-servidores-dizem-vereadores","status":"publish","type":"post","link":"https:\/\/blogdomarcellopatriota.com.br\/blog\/prefeitura-de-tuparetama-nao-esta-repassando-parcelas-dos-consignados-de-servidores-dizem-vereadores\/","title":{"rendered":"Prefeitura de Tuparetama n\u00e3o est\u00e1 repassando parcelas dos consignados de servidores, dizem vereadores"},"content":{"rendered":"<p><strong><em><a href=\"https:\/\/i2.wp.com\/nilljunior.com.br\/wp-content\/uploads\/2020\/01\/WhatsApp-Image-2020-01-20-at-19.33.50.jpeg\"><img fetchpriority=\"high\" decoding=\"async\" class=\"alignleft wp-image-167122\" src=\"https:\/\/i2.wp.com\/nilljunior.com.br\/wp-content\/uploads\/2020\/01\/WhatsApp-Image-2020-01-20-at-19.33.50.jpeg?resize=400%2C300\" sizes=\"(max-width: 400px) 100vw, 400px\" srcset=\"https:\/\/i2.wp.com\/nilljunior.com.br\/wp-content\/uploads\/2020\/01\/WhatsApp-Image-2020-01-20-at-19.33.50.jpeg?resize=533%2C400 533w, https:\/\/i2.wp.com\/nilljunior.com.br\/wp-content\/uploads\/2020\/01\/WhatsApp-Image-2020-01-20-at-19.33.50.jpeg?resize=300%2C225 300w, https:\/\/i2.wp.com\/nilljunior.com.br\/wp-content\/uploads\/2020\/01\/WhatsApp-Image-2020-01-20-at-19.33.50.jpeg?w=640 640w\" alt=\"\" width=\"400\" height=\"300\" data-attachment-id=\"167122\" data-permalink=\"http:\/\/nilljunior.com.br\/prefeitura-de-tuparetama-nao-esta-repassando-parcelas-dos-consignados-de-servidores-diz-vereadores\/whatsapp-image-2020-01-20-at-19-33-50\/\" data-orig-file=\"https:\/\/i2.wp.com\/nilljunior.com.br\/wp-content\/uploads\/2020\/01\/WhatsApp-Image-2020-01-20-at-19.33.50.jpeg?fit=640%2C480\" data-orig-size=\"640,480\" data-comments-opened=\"1\" data-image-meta=\"{&quot;aperture&quot;:&quot;0&quot;,&quot;credit&quot;:&quot;&quot;,&quot;camera&quot;:&quot;&quot;,&quot;caption&quot;:&quot;&quot;,&quot;created_timestamp&quot;:&quot;0&quot;,&quot;copyright&quot;:&quot;&quot;,&quot;focal_length&quot;:&quot;0&quot;,&quot;iso&quot;:&quot;0&quot;,&quot;shutter_speed&quot;:&quot;0&quot;,&quot;title&quot;:&quot;&quot;,&quot;orientation&quot;:&quot;0&quot;}\" data-image-title=\"WhatsApp Image 2020-01-20 at 19.33.50\" data-image-description=\"\" data-medium-file=\"https:\/\/i2.wp.com\/nilljunior.com.br\/wp-content\/uploads\/2020\/01\/WhatsApp-Image-2020-01-20-at-19.33.50.jpeg?fit=300%2C225\" data-large-file=\"https:\/\/i2.wp.com\/nilljunior.com.br\/wp-content\/uploads\/2020\/01\/WhatsApp-Image-2020-01-20-at-19.33.50.jpeg?fit=533%2C400\" \/><\/a><\/em>A den\u00fancia \u00e9 da bancada de oposi\u00e7\u00e3o da C\u00e2mara de Vereadores.<\/strong><\/p>\n<p><strong><em>&#8216;Oposi\u00e7\u00e3o diz que apresentar\u00e1 pedido de abertura de uma CPI para apurar irregularidades.&#8217;<\/em><\/strong><\/p>\n<p>Nesta segunda-feira (20.01), os vereadores da bancada de oposi\u00e7\u00e3o de Tuparetama \u2013 Pl\u00e9cio Galv\u00e3o, Orlando Ferreira, Evaldo Davi e Danilo Augusto, estiveram reunidos com gerentes das ag\u00eancias do Banco do Brasil, Sicoob e Caixa em S\u00e3o Jos\u00e9 do Egito. O objetivo foi apurar den\u00fancias recebidas de servidores municipais a respeito de irregularidades no repasse dos pagamentos de parcelas de empr\u00e9stimos consignados.<\/p>\n<p>Segundo os vereadores: servidores que tentam renovar as opera\u00e7\u00f5es de empr\u00e9stimo consignado n\u00e3o conseguem. O motivo do impedimento \u00e9 que est\u00e3o com o nome sujo pelo fato de que os valores descontados nos seus contracheques n\u00e3o est\u00e3o sendo repassados pela Prefeitura aos bancos.<\/p>\n<p>Segundo apuraram, o d\u00e9bito j\u00e1 \u00e9 de cerca de R$ 500 mil, referente a cinco meses de atraso no Banco do Brasil. S\u00f3 que a d\u00edvida tamb\u00e9m ocorre em outros bancos e somada ultrapassa os R$ 600 mil.<\/p>\n<p>\u201cAo atrasar o repasse em todas as ag\u00eancias, a Prefeitura n\u00e3o s\u00f3 comete uma irregularidade grav\u00edssima como tamb\u00e9m causa constrangimentos ao servidor que est\u00e1 recebendo cartas de cobran\u00e7a, sem culpa, pois o valor da parcela j\u00e1 foi retirado do seu sal\u00e1rio\u201d explicam os vereadores.<\/p>\n<p>Ainda segundo eles: \u201ce ele ainda poder\u00e1 sofrer um segundo desconto da parcela do seu empr\u00e9stimo consignado, sendo duplamente penalizado no seu bolso em decorr\u00eancia desse comportamento danoso e ilegal do atual gestor do munic\u00edpio\u201d.<\/p>\n<p>Os vereadores tamb\u00e9m informaram que j\u00e1 comunicaram o fato ao Minist\u00e9rio P\u00fablico solicitando a abertura de inqu\u00e9rito para a devida apura\u00e7\u00e3o.<\/p>\n<p>Os vereadores informaram que na sess\u00e3o extraordin\u00e1ria marcada para a pr\u00f3xima quarta-feira (23.01) ser\u00e1 apresentado o pedido de abertura de uma CPI \u2013 Comiss\u00e3o Parlamentar de Inqu\u00e9rito \u2013 com o objetivo de apurar as irregularidades e garantir que os funcion\u00e1rios sejam respeitados e que as parcelas de seus empr\u00e9stimos, descontadas em seus sal\u00e1rios, sejam devidamente repassadas \u00e0s ag\u00eancias banc\u00e1rias.<\/p>\n<p>\u201cVale destacar que n\u00e3o h\u00e1 nenhuma not\u00edcia sobre o dinheiro descontado no contracheque dos servidores e n\u00e3o repassados, al\u00e9m desse \u201cdesaparecimento do dinheiro\u201d outra consequ\u00eancia da atitude ilegal \u00e9 a suspens\u00e3o por parte do Banco do Brasil do contrato que permitia aos servidores realizarem ou renovarem seus empr\u00e9stimos\u201d afirmam os vereadores.<\/p>\n","protected":false},"excerpt":{"rendered":"<p>A den&uacute;ncia &eacute; da bancada de oposi&ccedil;&atilde;o da C&acirc;mara de Vereadores. &lsquo;Oposi&ccedil;&atilde;o diz que apresentar&aacute; pedido de abertura de uma CPI para apurar irregularidades.&rsquo; Nesta segunda-feira (20.01), os vereadores da bancada de oposi&ccedil;&atilde;o de Tuparetama &ndash; Pl&eacute;cio Galv&atilde;o, Orlando Ferreira, Evaldo Davi e Danilo Augusto, estiveram reunidos com gerentes das ag&ecirc;ncias do Banco do Brasil, &#8230; <a title=\"Prefeitura de Tuparetama n\u00e3o est\u00e1 repassando parcelas dos consignados de servidores, dizem vereadores\" class=\"read-more\" href=\"https:\/\/blogdomarcellopatriota.com.br\/blog\/prefeitura-de-tuparetama-nao-esta-repassando-parcelas-dos-consignados-de-servidores-dizem-vereadores\/\" aria-label=\"Read more about Prefeitura de Tuparetama n\u00e3o est\u00e1 repassando parcelas dos consignados de servidores, dizem vereadores\">Ler mais<\/a><\/p>\n","protected":false},"author":2,"featured_media":0,"comment_status":"open","ping_status":"open","sticky":false,"template":"","format":"standard","meta":{"footnotes":""},"categories":[1],"tags":[],"class_list":["post-23213","post","type-post","status-publish","format-standard","hentry","category-sem-categoria"],"_links":{"self":[{"href":"https:\/\/blogdomarcellopatriota.com.br\/blog\/wp-json\/wp\/v2\/posts\/23213","targetHints":{"allow":["GET"]}}],"collection":[{"href":"https:\/\/blogdomarcellopatriota.com.br\/blog\/wp-json\/wp\/v2\/posts"}],"about":[{"href":"https:\/\/blogdomarcellopatriota.com.br\/blog\/wp-json\/wp\/v2\/types\/post"}],"author":[{"embeddable":true,"href":"https:\/\/blogdomarcellopatriota.com.br\/blog\/wp-json\/wp\/v2\/users\/2"}],"replies":[{"embeddable":true,"href":"https:\/\/blogdomarcellopatriota.com.br\/blog\/wp-json\/wp\/v2\/comments?post=23213"}],"version-history":[{"count":1,"href":"https:\/\/blogdomarcellopatriota.com.br\/blog\/wp-json\/wp\/v2\/posts\/23213\/revisions"}],"predecessor-version":[{"id":23214,"href":"https:\/\/blogdomarcellopatriota.com.br\/blog\/wp-json\/wp\/v2\/posts\/23213\/revisions\/23214"}],"wp:attachment":[{"href":"https:\/\/blogdomarcellopatriota.com.br\/blog\/wp-json\/wp\/v2\/media?parent=23213"}],"wp:term":[{"taxonomy":"category","embeddable":true,"href":"https:\/\/blogdomarcellopatriota.com.br\/blog\/wp-json\/wp\/v2\/categories?post=23213"},{"taxonomy":"post_tag","embeddable":true,"href":"https:\/\/blogdomarcellopatriota.com.br\/blog\/wp-json\/wp\/v2\/tags?post=23213"}],"curies":[{"name":"wp","href":"https:\/\/api.w.org\/{rel}","templated":true}]}}