{"id":23215,"date":"2020-01-21T11:48:43","date_gmt":"2020-01-21T14:48:43","guid":{"rendered":"http:\/\/blogdomarcellopatriota.com.br\/blog\/?p=23215"},"modified":"2020-01-21T11:48:43","modified_gmt":"2020-01-21T14:48:43","slug":"tabira-vice-prefeito-jose-amaral-reafirma-pre-candidatura","status":"publish","type":"post","link":"https:\/\/blogdomarcellopatriota.com.br\/blog\/tabira-vice-prefeito-jose-amaral-reafirma-pre-candidatura\/","title":{"rendered":"TABIRA \\ Vice-prefeito Jos\u00e9 Amaral reafirma pr\u00e9-candidatura"},"content":{"rendered":"<p><a href=\"https:\/\/i1.wp.com\/nilljunior.com.br\/wp-content\/uploads\/2016\/08\/jose-amaral.jpg\"><img fetchpriority=\"high\" decoding=\"async\" class=\"alignleft wp-image-79259\" src=\"https:\/\/i1.wp.com\/nilljunior.com.br\/wp-content\/uploads\/2016\/08\/jose-amaral.jpg?resize=400%2C287\" sizes=\"(max-width: 400px) 100vw, 400px\" srcset=\"https:\/\/i1.wp.com\/nilljunior.com.br\/wp-content\/uploads\/2016\/08\/jose-amaral.jpg?w=551 551w, https:\/\/i1.wp.com\/nilljunior.com.br\/wp-content\/uploads\/2016\/08\/jose-amaral.jpg?resize=300%2C216 300w\" alt=\"\" width=\"400\" height=\"287\" data-attachment-id=\"79259\" data-permalink=\"http:\/\/nilljunior.com.br\/ze-amaral-diz-nao-saber-se-chapa-de-sebastiao-ganha-ou-perde-com-seu-nome-como-vice\/jose-amaral\/\" data-orig-file=\"https:\/\/i1.wp.com\/nilljunior.com.br\/wp-content\/uploads\/2016\/08\/jose-amaral.jpg?fit=551%2C396\" data-orig-size=\"551,396\" data-comments-opened=\"1\" data-image-meta=\"{&quot;aperture&quot;:&quot;0&quot;,&quot;credit&quot;:&quot;&quot;,&quot;camera&quot;:&quot;&quot;,&quot;caption&quot;:&quot;&quot;,&quot;created_timestamp&quot;:&quot;0&quot;,&quot;copyright&quot;:&quot;&quot;,&quot;focal_length&quot;:&quot;0&quot;,&quot;iso&quot;:&quot;0&quot;,&quot;shutter_speed&quot;:&quot;0&quot;,&quot;title&quot;:&quot;&quot;,&quot;orientation&quot;:&quot;0&quot;}\" data-image-title=\"jose-amaral\" data-image-description=\"\" data-medium-file=\"https:\/\/i1.wp.com\/nilljunior.com.br\/wp-content\/uploads\/2016\/08\/jose-amaral.jpg?fit=300%2C216\" data-large-file=\"https:\/\/i1.wp.com\/nilljunior.com.br\/wp-content\/uploads\/2016\/08\/jose-amaral.jpg?fit=551%2C396\" \/><\/a>Depois de admitir a algumas lideran\u00e7as da pol\u00edtica de Tabira que estaria desistindo de disputar a elei\u00e7\u00e3o municipal de 2020, o vice-prefeito Jos\u00e9 Amaral mudou de opini\u00e3o.Procurado pela reportagem dos programas R\u00e1dio Vivo e Cidade Alerta ele disse: \u201ceu sou candidato para ter s\u00f3 o meu voto. Vou com o meu partido sozinho. Eu disse a eles [que n\u00e3o seria mais candidato] para pensarem que eu estava morrendo. Sou candidato com apoio do pov\u00e3o e sou candidato nem que seja s\u00f3 com o voto da minha fam\u00edlia\u201d, concluiu.\u00a0<em>A informa\u00e7\u00e3o \u00e9 de <strong>Anchieta Santos<\/strong> para o blog<\/em><\/p>\n","protected":false},"excerpt":{"rendered":"<p>Depois de admitir a algumas lideran&ccedil;as da pol&iacute;tica de Tabira que estaria desistindo de disputar a elei&ccedil;&atilde;o municipal de 2020, o vice-prefeito Jos&eacute; Amaral mudou de opini&atilde;o.Procurado pela reportagem dos programas R&aacute;dio Vivo e Cidade Alerta ele disse: &ldquo;eu sou candidato para ter s&oacute; o meu voto. Vou com o meu partido sozinho. Eu disse &#8230; <a title=\"TABIRA \\ Vice-prefeito Jos\u00e9 Amaral reafirma pr\u00e9-candidatura\" class=\"read-more\" href=\"https:\/\/blogdomarcellopatriota.com.br\/blog\/tabira-vice-prefeito-jose-amaral-reafirma-pre-candidatura\/\" aria-label=\"Read more about TABIRA \\ Vice-prefeito Jos\u00e9 Amaral reafirma pr\u00e9-candidatura\">Ler mais<\/a><\/p>\n","protected":false},"author":2,"featured_media":0,"comment_status":"open","ping_status":"open","sticky":false,"template":"","format":"standard","meta":{"footnotes":""},"categories":[1],"tags":[],"class_list":["post-23215","post","type-post","status-publish","format-standard","hentry","category-sem-categoria"],"_links":{"self":[{"href":"https:\/\/blogdomarcellopatriota.com.br\/blog\/wp-json\/wp\/v2\/posts\/23215","targetHints":{"allow":["GET"]}}],"collection":[{"href":"https:\/\/blogdomarcellopatriota.com.br\/blog\/wp-json\/wp\/v2\/posts"}],"about":[{"href":"https:\/\/blogdomarcellopatriota.com.br\/blog\/wp-json\/wp\/v2\/types\/post"}],"author":[{"embeddable":true,"href":"https:\/\/blogdomarcellopatriota.com.br\/blog\/wp-json\/wp\/v2\/users\/2"}],"replies":[{"embeddable":true,"href":"https:\/\/blogdomarcellopatriota.com.br\/blog\/wp-json\/wp\/v2\/comments?post=23215"}],"version-history":[{"count":1,"href":"https:\/\/blogdomarcellopatriota.com.br\/blog\/wp-json\/wp\/v2\/posts\/23215\/revisions"}],"predecessor-version":[{"id":23216,"href":"https:\/\/blogdomarcellopatriota.com.br\/blog\/wp-json\/wp\/v2\/posts\/23215\/revisions\/23216"}],"wp:attachment":[{"href":"https:\/\/blogdomarcellopatriota.com.br\/blog\/wp-json\/wp\/v2\/media?parent=23215"}],"wp:term":[{"taxonomy":"category","embeddable":true,"href":"https:\/\/blogdomarcellopatriota.com.br\/blog\/wp-json\/wp\/v2\/categories?post=23215"},{"taxonomy":"post_tag","embeddable":true,"href":"https:\/\/blogdomarcellopatriota.com.br\/blog\/wp-json\/wp\/v2\/tags?post=23215"}],"curies":[{"name":"wp","href":"https:\/\/api.w.org\/{rel}","templated":true}]}}