{"id":23217,"date":"2020-01-21T22:58:33","date_gmt":"2020-01-22T01:58:33","guid":{"rendered":"http:\/\/blogdomarcellopatriota.com.br\/blog\/?p=23217"},"modified":"2020-01-22T09:14:04","modified_gmt":"2020-01-22T12:14:04","slug":"estiagem-faz-governo-estadual-decretar-situacao-de-emergencia-em-61-cidades-nenhuma-no-pajeu","status":"publish","type":"post","link":"https:\/\/blogdomarcellopatriota.com.br\/blog\/estiagem-faz-governo-estadual-decretar-situacao-de-emergencia-em-61-cidades-nenhuma-no-pajeu\/","title":{"rendered":"Estiagem faz governo estadual decretar situa\u00e7\u00e3o de emerg\u00eancia em 61 cidades, nenhuma no Paje\u00fa"},"content":{"rendered":"<p><img decoding=\"async\" class=\"alignleft\" src=\"http:\/\/blogdoerbi.com.br\/wp-content\/uploads\/2020\/01\/download-3-1.jpg\" alt=\"Estiagem faz governo estadual decretar situa\u00e7\u00e3o de emerg\u00eancia em 61 cidades, nenhuma no Paje\u00fa\" \/><\/p>\n<p>O governo estadual decretou situa\u00e7\u00e3o de emerg\u00eancia em 61 cidades de Pernambuco afetadas pela estiagem, o que equivale a<br \/>\nquase um ter\u00e7o dos 185 munic\u00edpios do estado. O decreto publicado no Di\u00e1rio Oficial deste s\u00e1bado (18) determina que elas sejam mantidas no Sistema Nacional de Prote\u00e7\u00e3o e Defesa Civil pelo per\u00edodo de 180 dias. Assinado pelo governador Paulo C\u00e2mara (PSB), o decreto leva em considera\u00e7\u00e3o \u201ca preserva\u00e7\u00e3o do bem-estar da popula\u00e7\u00e3o e das atividades socioecon\u00f4micas das regi\u00f5es atingidas por eventos adversos, bem como a ado\u00e7\u00e3o imediata das medidas que se fizerem<br \/>\nnecess\u00e1rias para, em regime de coopera\u00e7\u00e3o, enfrentar situa\u00e7\u00f5es emergenciais\u201d. Al\u00e9m disso, a falta de chuva nas regi\u00f5es afetadas causou a redu\u00e7\u00e3o das reservas h\u00eddricas, \u201cprovocada pela m\u00e1 distribui\u00e7\u00e3o pluviom\u00e9trica na regi\u00e3o\u201d, ocasionando impactos na agropecu\u00e1ria, especialmente do Agreste. No decreto, o governador tamb\u00e9m disse que os habitantes dos munic\u00edpios afetados \u201cn\u00e3o t\u00eam condi\u00e7\u00f5es satisfat\u00f3rias de superar os danos e preju\u00edzos provocados\u201d pela estiagem.<\/p>\n","protected":false},"excerpt":{"rendered":"<p>O governo estadual decretou situa&ccedil;&atilde;o de emerg&ecirc;ncia em 61 cidades de Pernambuco afetadas pela estiagem, o que equivale a quase um ter&ccedil;o dos 185 munic&iacute;pios do estado. O decreto publicado no Di&aacute;rio Oficial deste s&aacute;bado (18) determina que elas sejam mantidas no Sistema Nacional de Prote&ccedil;&atilde;o e Defesa Civil pelo per&iacute;odo de 180 dias. Assinado &#8230; <a title=\"Estiagem faz governo estadual decretar situa\u00e7\u00e3o de emerg\u00eancia em 61 cidades, nenhuma no Paje\u00fa\" class=\"read-more\" href=\"https:\/\/blogdomarcellopatriota.com.br\/blog\/estiagem-faz-governo-estadual-decretar-situacao-de-emergencia-em-61-cidades-nenhuma-no-pajeu\/\" aria-label=\"Read more about Estiagem faz governo estadual decretar situa\u00e7\u00e3o de emerg\u00eancia em 61 cidades, nenhuma no Paje\u00fa\">Ler mais<\/a><\/p>\n","protected":false},"author":2,"featured_media":0,"comment_status":"open","ping_status":"open","sticky":false,"template":"","format":"standard","meta":{"footnotes":""},"categories":[1],"tags":[],"class_list":["post-23217","post","type-post","status-publish","format-standard","hentry","category-sem-categoria"],"_links":{"self":[{"href":"https:\/\/blogdomarcellopatriota.com.br\/blog\/wp-json\/wp\/v2\/posts\/23217","targetHints":{"allow":["GET"]}}],"collection":[{"href":"https:\/\/blogdomarcellopatriota.com.br\/blog\/wp-json\/wp\/v2\/posts"}],"about":[{"href":"https:\/\/blogdomarcellopatriota.com.br\/blog\/wp-json\/wp\/v2\/types\/post"}],"author":[{"embeddable":true,"href":"https:\/\/blogdomarcellopatriota.com.br\/blog\/wp-json\/wp\/v2\/users\/2"}],"replies":[{"embeddable":true,"href":"https:\/\/blogdomarcellopatriota.com.br\/blog\/wp-json\/wp\/v2\/comments?post=23217"}],"version-history":[{"count":1,"href":"https:\/\/blogdomarcellopatriota.com.br\/blog\/wp-json\/wp\/v2\/posts\/23217\/revisions"}],"predecessor-version":[{"id":23218,"href":"https:\/\/blogdomarcellopatriota.com.br\/blog\/wp-json\/wp\/v2\/posts\/23217\/revisions\/23218"}],"wp:attachment":[{"href":"https:\/\/blogdomarcellopatriota.com.br\/blog\/wp-json\/wp\/v2\/media?parent=23217"}],"wp:term":[{"taxonomy":"category","embeddable":true,"href":"https:\/\/blogdomarcellopatriota.com.br\/blog\/wp-json\/wp\/v2\/categories?post=23217"},{"taxonomy":"post_tag","embeddable":true,"href":"https:\/\/blogdomarcellopatriota.com.br\/blog\/wp-json\/wp\/v2\/tags?post=23217"}],"curies":[{"name":"wp","href":"https:\/\/api.w.org\/{rel}","templated":true}]}}