{"id":23219,"date":"2020-01-21T14:42:11","date_gmt":"2020-01-21T17:42:11","guid":{"rendered":"http:\/\/blogdomarcellopatriota.com.br\/blog\/?p=23219"},"modified":"2020-01-21T15:02:17","modified_gmt":"2020-01-21T18:02:17","slug":"acidente-deixa-duas-vitimas-fatais-na-pe-320-em-afogados-da-ingazeira","status":"publish","type":"post","link":"https:\/\/blogdomarcellopatriota.com.br\/blog\/acidente-deixa-duas-vitimas-fatais-na-pe-320-em-afogados-da-ingazeira\/","title":{"rendered":"Acidente deixa duas v\u00edtimas fatais na PE-320 em Afogados da Ingazeira"},"content":{"rendered":"<p><em><a href=\"https:\/\/i0.wp.com\/nilljunior.com.br\/wp-content\/uploads\/2020\/01\/acidente-trevo-ibitiranga.jpg\"><img fetchpriority=\"high\" decoding=\"async\" class=\"alignleft wp-image-167154\" src=\"https:\/\/i0.wp.com\/nilljunior.com.br\/wp-content\/uploads\/2020\/01\/acidente-trevo-ibitiranga.jpg?resize=400%2C225\" sizes=\"(max-width: 400px) 100vw, 400px\" srcset=\"https:\/\/i0.wp.com\/nilljunior.com.br\/wp-content\/uploads\/2020\/01\/acidente-trevo-ibitiranga.jpg?resize=600%2C338 600w, https:\/\/i0.wp.com\/nilljunior.com.br\/wp-content\/uploads\/2020\/01\/acidente-trevo-ibitiranga.jpg?resize=300%2C169 300w, https:\/\/i0.wp.com\/nilljunior.com.br\/wp-content\/uploads\/2020\/01\/acidente-trevo-ibitiranga.jpg?resize=768%2C433 768w, https:\/\/i0.wp.com\/nilljunior.com.br\/wp-content\/uploads\/2020\/01\/acidente-trevo-ibitiranga.jpg?w=1280 1280w\" alt=\"\" width=\"400\" height=\"225\" data-attachment-id=\"167154\" data-permalink=\"http:\/\/nilljunior.com.br\/acidente-deixa-duas-vitimas-fatais-na-pe-320-em-afogados-da-ingazeira\/acidente-trevo-ibitiranga\/\" data-orig-file=\"https:\/\/i0.wp.com\/nilljunior.com.br\/wp-content\/uploads\/2020\/01\/acidente-trevo-ibitiranga.jpg?fit=1280%2C721\" data-orig-size=\"1280,721\" data-comments-opened=\"1\" data-image-meta=\"{&quot;aperture&quot;:&quot;0&quot;,&quot;credit&quot;:&quot;&quot;,&quot;camera&quot;:&quot;&quot;,&quot;caption&quot;:&quot;&quot;,&quot;created_timestamp&quot;:&quot;0&quot;,&quot;copyright&quot;:&quot;&quot;,&quot;focal_length&quot;:&quot;0&quot;,&quot;iso&quot;:&quot;0&quot;,&quot;shutter_speed&quot;:&quot;0&quot;,&quot;title&quot;:&quot;&quot;,&quot;orientation&quot;:&quot;0&quot;}\" data-image-title=\"acidente-trevo-ibitiranga\" data-image-description=\"\" data-medium-file=\"https:\/\/i0.wp.com\/nilljunior.com.br\/wp-content\/uploads\/2020\/01\/acidente-trevo-ibitiranga.jpg?fit=300%2C169\" data-large-file=\"https:\/\/i0.wp.com\/nilljunior.com.br\/wp-content\/uploads\/2020\/01\/acidente-trevo-ibitiranga.jpg?fit=600%2C338\" \/><\/a><strong>Por Andr\u00e9 Luis<\/strong><\/em><\/p>\n<p>Um grave acidente na PE-320 no trevo de Ibitiranga no in\u00edcio da tarde desta ter\u00e7a-feira (21.01), deixou duas v\u00edtimas fatais. Segundo informa\u00e7\u00f5es, as irm\u00e3s, Janiele Emanuele da Concei\u00e7\u00e3o Amorim, de 28 anos e Geisse Elke Pereira Amorim, idade ainda n\u00e3o confirmada, trafegavam em uma moto na PE-320, quando na altura do trevo que liga Afogados a Ibitiranga, chocaram-se frontalmente com um Gol, placas HZM 5750, que vinha no sentido contr\u00e1rio.<\/p>\n<p><img decoding=\"async\" class=\"alignright\" src=\"https:\/\/1.bp.blogspot.com\/-Y9F58k0h01c\/XicsiZdctMI\/AAAAAAABgNs\/EDX6OouRzV46l4TWW6CWY0i9g3kbT1PsQCLcBGAsYHQ\/s1600\/WhatsApp%2BImage%2B2020-01-21%2Bat%2B13.29.49.jpeg\" width=\"278\" height=\"266\" \/>Ainda segundo informa\u00e7\u00f5es as jovens, que s\u00e3o de Triunfo, estariam indo para a festa de Ibitiranga.<\/p>\n<p>Segundo o rep\u00f3rter da R\u00e1dio Paje\u00fa, Celso Brand\u00e3o, uma prima das v\u00edtimas passava no local no momento do acidente e quando parou para ver, reconheceu as v\u00edtimas.<\/p>\n<p>Ainda segundo Brand\u00e3o, Elas pararam para entrar no sentido Ibitiranga, e n\u00e3o notaram o carro Gol, HZM 5750, que era conduzido por Daniel do Ferro Velho, que deu entrada no HREC com escoria\u00e7\u00f5es. Ele j\u00e1 foi liberado, mas est\u00e1 em estado de choque.<\/p>\n","protected":false},"excerpt":{"rendered":"<p>Por Andr&eacute; Luis Um grave acidente na PE-320 no trevo de Ibitiranga no in&iacute;cio da tarde desta ter&ccedil;a-feira (21.01), deixou duas v&iacute;timas fatais. Segundo informa&ccedil;&otilde;es, as irm&atilde;s, Janiele Emanuele da Concei&ccedil;&atilde;o Amorim, de 28 anos e Geisse Elke Pereira Amorim, idade ainda n&atilde;o confirmada, trafegavam em uma moto na PE-320, quando na altura do trevo &#8230; <a title=\"Acidente deixa duas v\u00edtimas fatais na PE-320 em Afogados da Ingazeira\" class=\"read-more\" href=\"https:\/\/blogdomarcellopatriota.com.br\/blog\/acidente-deixa-duas-vitimas-fatais-na-pe-320-em-afogados-da-ingazeira\/\" aria-label=\"Read more about Acidente deixa duas v\u00edtimas fatais na PE-320 em Afogados da Ingazeira\">Ler mais<\/a><\/p>\n","protected":false},"author":2,"featured_media":0,"comment_status":"open","ping_status":"open","sticky":false,"template":"","format":"standard","meta":{"footnotes":""},"categories":[1],"tags":[],"class_list":["post-23219","post","type-post","status-publish","format-standard","hentry","category-sem-categoria"],"_links":{"self":[{"href":"https:\/\/blogdomarcellopatriota.com.br\/blog\/wp-json\/wp\/v2\/posts\/23219","targetHints":{"allow":["GET"]}}],"collection":[{"href":"https:\/\/blogdomarcellopatriota.com.br\/blog\/wp-json\/wp\/v2\/posts"}],"about":[{"href":"https:\/\/blogdomarcellopatriota.com.br\/blog\/wp-json\/wp\/v2\/types\/post"}],"author":[{"embeddable":true,"href":"https:\/\/blogdomarcellopatriota.com.br\/blog\/wp-json\/wp\/v2\/users\/2"}],"replies":[{"embeddable":true,"href":"https:\/\/blogdomarcellopatriota.com.br\/blog\/wp-json\/wp\/v2\/comments?post=23219"}],"version-history":[{"count":2,"href":"https:\/\/blogdomarcellopatriota.com.br\/blog\/wp-json\/wp\/v2\/posts\/23219\/revisions"}],"predecessor-version":[{"id":23221,"href":"https:\/\/blogdomarcellopatriota.com.br\/blog\/wp-json\/wp\/v2\/posts\/23219\/revisions\/23221"}],"wp:attachment":[{"href":"https:\/\/blogdomarcellopatriota.com.br\/blog\/wp-json\/wp\/v2\/media?parent=23219"}],"wp:term":[{"taxonomy":"category","embeddable":true,"href":"https:\/\/blogdomarcellopatriota.com.br\/blog\/wp-json\/wp\/v2\/categories?post=23219"},{"taxonomy":"post_tag","embeddable":true,"href":"https:\/\/blogdomarcellopatriota.com.br\/blog\/wp-json\/wp\/v2\/tags?post=23219"}],"curies":[{"name":"wp","href":"https:\/\/api.w.org\/{rel}","templated":true}]}}