{"id":23225,"date":"2020-01-22T07:53:40","date_gmt":"2020-01-22T10:53:40","guid":{"rendered":"http:\/\/blogdomarcellopatriota.com.br\/blog\/?p=23225"},"modified":"2020-01-22T07:53:40","modified_gmt":"2020-01-22T10:53:40","slug":"inmet-emite-alerta-de-chuvas-intensas-em-mais-de-30-cidades-de-pe","status":"publish","type":"post","link":"https:\/\/blogdomarcellopatriota.com.br\/blog\/inmet-emite-alerta-de-chuvas-intensas-em-mais-de-30-cidades-de-pe\/","title":{"rendered":"Inmet emite alerta de chuvas intensas em mais de 30 cidades de PE"},"content":{"rendered":"<p><img fetchpriority=\"high\" decoding=\"async\" class=\"alignleft\" src=\"http:\/\/www.diariodosertao.com.br\/img\/upload\/images\/noticias\/20150418132554\/aesa-preve981.jpg\" alt=\"Resultado de imagem para chuvas no pajeu\" width=\"465\" height=\"314\" \/>Nesta ter\u00e7a-feira (21.01), o Instituto Nacional de Meteorologia (Inmet) emitiu um alerta de chuvas intensas para 37 cidades do Sert\u00e3o do Paje\u00fa e do Araripe Pernambucano. As chuvas devem ir at\u00e9 esta <strong>quarta-feira (22.01).<\/strong><\/p>\n<p>De acordo com o Inmet, as chuvas, que devem ter entre 20 e 30 mm\/h ou at\u00e9 50 mm\/dia, podem vir acompanhadas por ventos intensos de 40 a 60 km\/h.<\/p>\n<p>Em Caruaru, uma chuva 51mm, deixou ruas e casas alagadas nesta ter\u00e7a-feira. Tamb\u00e9m foram assinaladas quedas de energia em bairros da cidade.<\/p>\n<p>Outras cidades como Santa Cruz do Capibaribe, Brejo da Madre de Deus, Riacho das Almas, e outros munic\u00edpios do Agreste, tamb\u00e9m registraram chuvas nesta ter\u00e7a (21).<\/p>\n<p>Afogados da Ingazeira, Carna\u00edba, Tabira, SJEgito, Itapetim, brejinho, Tuparetama, St\u00aa Terezinha e outras cidades do Paje\u00fa est\u00e3o na lista do Inmet pra chuva cair.<\/p>\n<p>Afogados, por exemplo, amanheceu com o clima mais ameno e o c\u00e9u parcialmente nublado. Como dizemos por aqui: \u2018t\u00e1 bonito pra chover\u2019.<\/p>\n","protected":false},"excerpt":{"rendered":"<p>Nesta ter&ccedil;a-feira (21.01), o Instituto Nacional de Meteorologia (Inmet) emitiu um alerta de chuvas intensas para 37 cidades do Sert&atilde;o do Paje&uacute; e do Araripe Pernambucano. As chuvas devem ir at&eacute; esta quarta-feira (22.01). De acordo com o Inmet, as chuvas, que devem ter entre 20 e 30 mm\/h ou at&eacute; 50 mm\/dia, podem vir &#8230; <a title=\"Inmet emite alerta de chuvas intensas em mais de 30 cidades de PE\" class=\"read-more\" href=\"https:\/\/blogdomarcellopatriota.com.br\/blog\/inmet-emite-alerta-de-chuvas-intensas-em-mais-de-30-cidades-de-pe\/\" aria-label=\"Read more about Inmet emite alerta de chuvas intensas em mais de 30 cidades de PE\">Ler mais<\/a><\/p>\n","protected":false},"author":2,"featured_media":0,"comment_status":"open","ping_status":"open","sticky":false,"template":"","format":"standard","meta":{"footnotes":""},"categories":[1],"tags":[],"class_list":["post-23225","post","type-post","status-publish","format-standard","hentry","category-sem-categoria"],"_links":{"self":[{"href":"https:\/\/blogdomarcellopatriota.com.br\/blog\/wp-json\/wp\/v2\/posts\/23225","targetHints":{"allow":["GET"]}}],"collection":[{"href":"https:\/\/blogdomarcellopatriota.com.br\/blog\/wp-json\/wp\/v2\/posts"}],"about":[{"href":"https:\/\/blogdomarcellopatriota.com.br\/blog\/wp-json\/wp\/v2\/types\/post"}],"author":[{"embeddable":true,"href":"https:\/\/blogdomarcellopatriota.com.br\/blog\/wp-json\/wp\/v2\/users\/2"}],"replies":[{"embeddable":true,"href":"https:\/\/blogdomarcellopatriota.com.br\/blog\/wp-json\/wp\/v2\/comments?post=23225"}],"version-history":[{"count":1,"href":"https:\/\/blogdomarcellopatriota.com.br\/blog\/wp-json\/wp\/v2\/posts\/23225\/revisions"}],"predecessor-version":[{"id":23226,"href":"https:\/\/blogdomarcellopatriota.com.br\/blog\/wp-json\/wp\/v2\/posts\/23225\/revisions\/23226"}],"wp:attachment":[{"href":"https:\/\/blogdomarcellopatriota.com.br\/blog\/wp-json\/wp\/v2\/media?parent=23225"}],"wp:term":[{"taxonomy":"category","embeddable":true,"href":"https:\/\/blogdomarcellopatriota.com.br\/blog\/wp-json\/wp\/v2\/categories?post=23225"},{"taxonomy":"post_tag","embeddable":true,"href":"https:\/\/blogdomarcellopatriota.com.br\/blog\/wp-json\/wp\/v2\/tags?post=23225"}],"curies":[{"name":"wp","href":"https:\/\/api.w.org\/{rel}","templated":true}]}}