{"id":23229,"date":"2020-01-22T09:27:20","date_gmt":"2020-01-22T12:27:20","guid":{"rendered":"http:\/\/blogdomarcellopatriota.com.br\/blog\/?p=23229"},"modified":"2020-01-22T14:56:50","modified_gmt":"2020-01-22T17:56:50","slug":"em-nota-a-prefeita-tania-fez-um-balanco-positivo-das-festas-de-janeiro2020-em-brejinho-pe","status":"publish","type":"post","link":"https:\/\/blogdomarcellopatriota.com.br\/blog\/em-nota-a-prefeita-tania-fez-um-balanco-positivo-das-festas-de-janeiro2020-em-brejinho-pe\/","title":{"rendered":"BREJINHO  | Em nota a Prefeita Tania fez um balan\u00e7o positivo das Festas de Janeiro \\ 2020"},"content":{"rendered":"<p><img fetchpriority=\"high\" decoding=\"async\" class=\"\" src=\"https:\/\/scontent.fcpv6-1.fna.fbcdn.net\/v\/t1.0-9\/s960x960\/82530152_749193592255433_3353800276225032192_o.jpg?_nc_cat=106&amp;_nc_oc=AQlHz3sxDd2Zmr57YN5jI3IZ8sYLvUWLqJFpGE1Ow3lgnoVeg3bdsbaGolgdYC2eq8Q&amp;_nc_pt=1&amp;_nc_ht=scontent.fcpv6-1.fna&amp;_nc_tp=1002&amp;oh=0c4e85d0e87d55473a30efbadb678242&amp;oe=5ED26484\" alt=\"A imagem pode conter: 7 pessoas, incluindo Tania Santos Santos, pessoas sorrindo, pessoas em p\u00e9\" width=\"668\" height=\"477\" \/><\/p>\n<p>Uma tradi\u00e7\u00e3o que completou 88 anos em 2020. A tradicional Festa de Janeiro de Brejinho deste ano, mostrou que a Prefeitura de Brejinho vem investindo cada vez mais neste evento que j\u00e1 se consolidou como uma das maiores e bem organizada festa da regi\u00e3o do Paje\u00fa.<br \/>\nN\u00e3o faltou a poesia dos cantadores de viola e nem a diversidade de shows musi<span class=\"text_exposed_show\">cais, para agradar todos os presentes que segundo c\u00e1lculos da Pol\u00edcia Militar foi estimado em 30\u00a0 mil pessoas nos dois principais dias da festa.<\/span><\/p>\n<p><span class=\"text_exposed_show\">&#8220;Venho aqui agradecer a todos que prestigiaram a 88\u00aa Festa de Janeiro\/2020, especialmente nos dias 19 e 20. Pude ver em cada olhar a satisfa\u00e7\u00e3o de estarem participando de um show de qualidade. Voc\u00eas s\u00e3o merecedores!\u00a0\u00a0<\/span>Agrade\u00e7o a Deus por ter nos permitido fazer uma grande festa na paz, onde todos se divertiram e puderam respeitar o espa\u00e7o do outro. Estou convencida da certeza do dever cumprido (o de que n\u00e3o deixei a desejar nas festas realizada<span class=\"text_exposed_show\">s nos povoados de Lagoinha, Vila de F\u00e1tima, Placa de Piedade de Lagoa do Campo), tampouco daqui na sede do Munic\u00edpio.\u00a0<\/span>Por isso, deixo aqui, os meus mais sinceros agradecimentos aos brejinhenses, ao povo das cidades circunvizinhas, aos visitantes, aos filhos ausentes e \u00e0 comiss\u00e3o organizadora.&#8221;Pontuou Tania em sua Rede Social.<\/p>\n<p><span class=\"text_exposed_show\">A Prefeita T\u00e2nia Maria, afirmou que em seu \u00faltimo ano de mandato est\u00e1 com a sensa\u00e7\u00e3o que est\u00e1\u00a0 cumprindo seu dever , realizou todos os eventos tradicionais do Munic\u00edpio e investiu para que se tornassem cada vez maiores.<\/span><\/p>\n","protected":false},"excerpt":{"rendered":"<p>Uma tradi&ccedil;&atilde;o que completou 88 anos em 2020. A tradicional Festa de Janeiro de Brejinho deste ano, mostrou que a Prefeitura de Brejinho vem investindo cada vez mais neste evento que j&aacute; se consolidou como uma das maiores e bem organizada festa da regi&atilde;o do Paje&uacute;. N&atilde;o faltou a poesia dos cantadores de viola e &#8230; <a title=\"BREJINHO  | Em nota a Prefeita Tania fez um balan\u00e7o positivo das Festas de Janeiro \\ 2020\" class=\"read-more\" href=\"https:\/\/blogdomarcellopatriota.com.br\/blog\/em-nota-a-prefeita-tania-fez-um-balanco-positivo-das-festas-de-janeiro2020-em-brejinho-pe\/\" aria-label=\"Read more about BREJINHO  | Em nota a Prefeita Tania fez um balan\u00e7o positivo das Festas de Janeiro \\ 2020\">Ler mais<\/a><\/p>\n","protected":false},"author":2,"featured_media":0,"comment_status":"open","ping_status":"open","sticky":false,"template":"","format":"standard","meta":{"footnotes":""},"categories":[1],"tags":[],"class_list":["post-23229","post","type-post","status-publish","format-standard","hentry","category-sem-categoria"],"_links":{"self":[{"href":"https:\/\/blogdomarcellopatriota.com.br\/blog\/wp-json\/wp\/v2\/posts\/23229","targetHints":{"allow":["GET"]}}],"collection":[{"href":"https:\/\/blogdomarcellopatriota.com.br\/blog\/wp-json\/wp\/v2\/posts"}],"about":[{"href":"https:\/\/blogdomarcellopatriota.com.br\/blog\/wp-json\/wp\/v2\/types\/post"}],"author":[{"embeddable":true,"href":"https:\/\/blogdomarcellopatriota.com.br\/blog\/wp-json\/wp\/v2\/users\/2"}],"replies":[{"embeddable":true,"href":"https:\/\/blogdomarcellopatriota.com.br\/blog\/wp-json\/wp\/v2\/comments?post=23229"}],"version-history":[{"count":3,"href":"https:\/\/blogdomarcellopatriota.com.br\/blog\/wp-json\/wp\/v2\/posts\/23229\/revisions"}],"predecessor-version":[{"id":23249,"href":"https:\/\/blogdomarcellopatriota.com.br\/blog\/wp-json\/wp\/v2\/posts\/23229\/revisions\/23249"}],"wp:attachment":[{"href":"https:\/\/blogdomarcellopatriota.com.br\/blog\/wp-json\/wp\/v2\/media?parent=23229"}],"wp:term":[{"taxonomy":"category","embeddable":true,"href":"https:\/\/blogdomarcellopatriota.com.br\/blog\/wp-json\/wp\/v2\/categories?post=23229"},{"taxonomy":"post_tag","embeddable":true,"href":"https:\/\/blogdomarcellopatriota.com.br\/blog\/wp-json\/wp\/v2\/tags?post=23229"}],"curies":[{"name":"wp","href":"https:\/\/api.w.org\/{rel}","templated":true}]}}