{"id":23232,"date":"2020-01-22T09:35:11","date_gmt":"2020-01-22T12:35:11","guid":{"rendered":"http:\/\/blogdomarcellopatriota.com.br\/blog\/?p=23232"},"modified":"2020-01-22T09:35:11","modified_gmt":"2020-01-22T12:35:11","slug":"tuparetama-irmaos-kaynan-e-kawe-lancam-clipe","status":"publish","type":"post","link":"https:\/\/blogdomarcellopatriota.com.br\/blog\/tuparetama-irmaos-kaynan-e-kawe-lancam-clipe\/","title":{"rendered":"TUPARETAMA | Irm\u00e3os Kaynan e Kaw\u00ea lan\u00e7am clipe"},"content":{"rendered":"<p><iframe title=\"VOC\u00ca LONGE DE MIM \/ KAYNAN &amp; KAW\u00ca ( CLIPE  OFICIAL)\" width=\"1200\" height=\"675\" src=\"https:\/\/www.youtube.com\/embed\/8qky7sBEBCU?feature=oembed\" frameborder=\"0\" allow=\"accelerometer; autoplay; clipboard-write; encrypted-media; gyroscope; picture-in-picture\" allowfullscreen><\/iframe><\/p>\n<div>Jovens artistas de Tuparetama, cidade do sert\u00e3o de Pernambuco, os Irm\u00e3os Kaynan e Kaw\u00ea lan\u00e7aram o primeiro clipe da m\u00fasica de trabalho, \u201cVoc\u00ea longe de mim\u201d. A grava\u00e7\u00e3o aconteceu no \u00faltimo dia 11 de janeiro, na praia de Coqueirinho litoral Sul da Para\u00edba. Confira o v\u00eddeo acima.<\/div>\n<div>Os adolescentes de 16 e 14 anos de idade come\u00e7aram a cantar desde cedo aos 6 anos. Naturais de Tuparetama, filhos do radialista Silvano Cardoso, eles j\u00e1 se apresentaram em eventos da regi\u00e3o como o Balaio Cultural e outros.<\/div>\n<p>&nbsp;<\/p>\n","protected":false},"excerpt":{"rendered":"<p>Jovens artistas de Tuparetama, cidade do sert&atilde;o de Pernambuco, os Irm&atilde;os Kaynan e Kaw&ecirc; lan&ccedil;aram o primeiro clipe da m&uacute;sica de trabalho, &ldquo;Voc&ecirc; longe de mim&rdquo;. A grava&ccedil;&atilde;o aconteceu no &uacute;ltimo dia 11 de janeiro, na praia de Coqueirinho litoral Sul da Para&iacute;ba. Confira o v&iacute;deo acima. Os adolescentes de 16 e 14 anos de &#8230; <a title=\"TUPARETAMA | Irm\u00e3os Kaynan e Kaw\u00ea lan\u00e7am clipe\" class=\"read-more\" href=\"https:\/\/blogdomarcellopatriota.com.br\/blog\/tuparetama-irmaos-kaynan-e-kawe-lancam-clipe\/\" aria-label=\"Read more about TUPARETAMA | Irm\u00e3os Kaynan e Kaw\u00ea lan\u00e7am clipe\">Ler mais<\/a><\/p>\n","protected":false},"author":2,"featured_media":0,"comment_status":"open","ping_status":"open","sticky":false,"template":"","format":"standard","meta":{"footnotes":""},"categories":[1],"tags":[],"class_list":["post-23232","post","type-post","status-publish","format-standard","hentry","category-sem-categoria"],"_links":{"self":[{"href":"https:\/\/blogdomarcellopatriota.com.br\/blog\/wp-json\/wp\/v2\/posts\/23232","targetHints":{"allow":["GET"]}}],"collection":[{"href":"https:\/\/blogdomarcellopatriota.com.br\/blog\/wp-json\/wp\/v2\/posts"}],"about":[{"href":"https:\/\/blogdomarcellopatriota.com.br\/blog\/wp-json\/wp\/v2\/types\/post"}],"author":[{"embeddable":true,"href":"https:\/\/blogdomarcellopatriota.com.br\/blog\/wp-json\/wp\/v2\/users\/2"}],"replies":[{"embeddable":true,"href":"https:\/\/blogdomarcellopatriota.com.br\/blog\/wp-json\/wp\/v2\/comments?post=23232"}],"version-history":[{"count":1,"href":"https:\/\/blogdomarcellopatriota.com.br\/blog\/wp-json\/wp\/v2\/posts\/23232\/revisions"}],"predecessor-version":[{"id":23234,"href":"https:\/\/blogdomarcellopatriota.com.br\/blog\/wp-json\/wp\/v2\/posts\/23232\/revisions\/23234"}],"wp:attachment":[{"href":"https:\/\/blogdomarcellopatriota.com.br\/blog\/wp-json\/wp\/v2\/media?parent=23232"}],"wp:term":[{"taxonomy":"category","embeddable":true,"href":"https:\/\/blogdomarcellopatriota.com.br\/blog\/wp-json\/wp\/v2\/categories?post=23232"},{"taxonomy":"post_tag","embeddable":true,"href":"https:\/\/blogdomarcellopatriota.com.br\/blog\/wp-json\/wp\/v2\/tags?post=23232"}],"curies":[{"name":"wp","href":"https:\/\/api.w.org\/{rel}","templated":true}]}}