{"id":23244,"date":"2020-01-22T14:43:02","date_gmt":"2020-01-22T17:43:02","guid":{"rendered":"http:\/\/blogdomarcellopatriota.com.br\/blog\/?p=23244"},"modified":"2020-01-22T15:04:12","modified_gmt":"2020-01-22T18:04:12","slug":"jovem-vitima-de-acidente-de-moto-em-afogados-era-professora-em-serra","status":"publish","type":"post","link":"https:\/\/blogdomarcellopatriota.com.br\/blog\/jovem-vitima-de-acidente-de-moto-em-afogados-era-professora-em-serra\/","title":{"rendered":"Umas das irm\u00e3s v\u00edtima de acidente de moto em Afogados, era professora em Serra"},"content":{"rendered":"<div class=\"wp-block-image\">\n<figure class=\"alignleft is-resized\"><img decoding=\"async\" class=\"wp-image-4394\" src=\"https:\/\/i0.wp.com\/blogdoeuflavionunes.com\/wp-content\/uploads\/2020\/01\/82520798_2817292484960417_6246974733112311808_n.png?resize=350%2C225\" sizes=\"(max-width: 350px) 100vw, 350px\" srcset=\"https:\/\/i0.wp.com\/blogdoeuflavionunes.com\/wp-content\/uploads\/2020\/01\/82520798_2817292484960417_6246974733112311808_n.png?w=700 700w, https:\/\/i0.wp.com\/blogdoeuflavionunes.com\/wp-content\/uploads\/2020\/01\/82520798_2817292484960417_6246974733112311808_n.png?resize=300%2C193 300w\" alt=\"\" width=\"264\" height=\"170\" \/><\/figure>\n<\/div>\n<p>O\u00a0<strong>Farol de Noticias\u00a0<\/strong><\/p>\n<p>A Prefeitura de Serra Talhada lamentou a morte da professora Janiele Emanuele. <em>Ela e a irm\u00e3<\/em> perderam a vida em um grave acidente registrado ontem (21) em Afogados da Ingazeira. Janiele lecionava na Escola Nossa Senhora da Penha. (as irm\u00e3s, Janiele Emanuele da Concei\u00e7\u00e3o Amorim, de 28 anos e Geisse Elke Pereira Amorim de 26 anos). A professora Janiele assumiu o cargo na Rede Municipal de Ensino no \u00faltimo concurso p\u00fablico realizado pela Prefeitura. Em mar\u00e7o deste, ela completaria um ano como servidora do munic\u00edpio.<\/p>\n<p>O acidente ocorreu no trevo que d\u00e1 acesso ao distrito carnaibano de Ibitiranga. A moto em que as irm\u00e3s trafegavam colidiu violentamente contra um carro. Elas deram entrada no Hospital Regional j\u00e1 em \u00f3bito.<\/p>\n<p><img fetchpriority=\"high\" decoding=\"async\" class=\"alignleft\" src=\"https:\/\/i1.wp.com\/faroldenoticias.com.br\/wp-content\/uploads\/2020\/01\/Janiele-e-Geisse.3jpg.jpg?resize=424%2C754&amp;ssl=1\" width=\"189\" height=\"336\" \/><\/p>\n<p><img decoding=\"async\" class=\"alignleft\" src=\"https:\/\/i1.wp.com\/faroldenoticias.com.br\/wp-content\/uploads\/2020\/01\/Janiele-e-Geisse.jpg?resize=500%2C686&amp;ssl=1\" width=\"160\" height=\"219\" \/><\/p>\n<p>Ela morreu na hora juntamente com a irm\u00e3, Geise Amorim. A trag\u00e9dia envolvendo as duas jovens chocou toda a regi\u00e3o.<\/p>\n<p>Curtindo as f\u00e9rias, poucos dias atr\u00e1s, Janiele postou a seguinte mensagem nas suas redes sociais: \u201cAproveita a tua vida, dela tu s\u00f3 vai levar as lembran\u00e7as e os momentos vividos\u201d.\u00a0 Elas eram naturais de Triunfo-PE.<\/p>\n","protected":false},"excerpt":{"rendered":"<p>O&nbsp;Farol de Noticias&nbsp; A Prefeitura de Serra Talhada lamentou a morte da professora Janiele Emanuele. Ela e a irm&atilde; perderam a vida em um grave acidente registrado ontem (21) em Afogados da Ingazeira. Janiele lecionava na Escola Nossa Senhora da Penha. (as irm&atilde;s, Janiele Emanuele da Concei&ccedil;&atilde;o Amorim, de 28 anos e Geisse Elke Pereira &#8230; <a title=\"Umas das irm\u00e3s v\u00edtima de acidente de moto em Afogados, era professora em Serra\" class=\"read-more\" href=\"https:\/\/blogdomarcellopatriota.com.br\/blog\/jovem-vitima-de-acidente-de-moto-em-afogados-era-professora-em-serra\/\" aria-label=\"Read more about Umas das irm\u00e3s v\u00edtima de acidente de moto em Afogados, era professora em Serra\">Ler mais<\/a><\/p>\n","protected":false},"author":2,"featured_media":0,"comment_status":"open","ping_status":"open","sticky":false,"template":"","format":"standard","meta":{"footnotes":""},"categories":[1],"tags":[],"class_list":["post-23244","post","type-post","status-publish","format-standard","hentry","category-sem-categoria"],"_links":{"self":[{"href":"https:\/\/blogdomarcellopatriota.com.br\/blog\/wp-json\/wp\/v2\/posts\/23244","targetHints":{"allow":["GET"]}}],"collection":[{"href":"https:\/\/blogdomarcellopatriota.com.br\/blog\/wp-json\/wp\/v2\/posts"}],"about":[{"href":"https:\/\/blogdomarcellopatriota.com.br\/blog\/wp-json\/wp\/v2\/types\/post"}],"author":[{"embeddable":true,"href":"https:\/\/blogdomarcellopatriota.com.br\/blog\/wp-json\/wp\/v2\/users\/2"}],"replies":[{"embeddable":true,"href":"https:\/\/blogdomarcellopatriota.com.br\/blog\/wp-json\/wp\/v2\/comments?post=23244"}],"version-history":[{"count":6,"href":"https:\/\/blogdomarcellopatriota.com.br\/blog\/wp-json\/wp\/v2\/posts\/23244\/revisions"}],"predecessor-version":[{"id":23252,"href":"https:\/\/blogdomarcellopatriota.com.br\/blog\/wp-json\/wp\/v2\/posts\/23244\/revisions\/23252"}],"wp:attachment":[{"href":"https:\/\/blogdomarcellopatriota.com.br\/blog\/wp-json\/wp\/v2\/media?parent=23244"}],"wp:term":[{"taxonomy":"category","embeddable":true,"href":"https:\/\/blogdomarcellopatriota.com.br\/blog\/wp-json\/wp\/v2\/categories?post=23244"},{"taxonomy":"post_tag","embeddable":true,"href":"https:\/\/blogdomarcellopatriota.com.br\/blog\/wp-json\/wp\/v2\/tags?post=23244"}],"curies":[{"name":"wp","href":"https:\/\/api.w.org\/{rel}","templated":true}]}}