{"id":23255,"date":"2020-01-23T14:08:03","date_gmt":"2020-01-23T17:08:03","guid":{"rendered":"http:\/\/blogdomarcellopatriota.com.br\/blog\/?p=23255"},"modified":"2020-01-23T10:09:00","modified_gmt":"2020-01-23T13:09:00","slug":"tabira-estacao-cidadania-sera-inaugurada-na-proxima-sexta-24","status":"publish","type":"post","link":"https:\/\/blogdomarcellopatriota.com.br\/blog\/tabira-estacao-cidadania-sera-inaugurada-na-proxima-sexta-24\/","title":{"rendered":"TABIRA \\ Esta\u00e7\u00e3o Cidadania ser\u00e1 inaugurada na pr\u00f3xima sexta (24)"},"content":{"rendered":"<p><a href=\"https:\/\/i2.wp.com\/nilljunior.com.br\/wp-content\/uploads\/2020\/01\/EstacaoCidadania-Tabira.jpeg\"><img fetchpriority=\"high\" decoding=\"async\" class=\"alignleft wp-image-167238\" src=\"https:\/\/i2.wp.com\/nilljunior.com.br\/wp-content\/uploads\/2020\/01\/EstacaoCidadania-Tabira.jpeg?resize=400%2C267\" sizes=\"(max-width: 400px) 100vw, 400px\" srcset=\"https:\/\/i2.wp.com\/nilljunior.com.br\/wp-content\/uploads\/2020\/01\/EstacaoCidadania-Tabira.jpeg?resize=600%2C400 600w, https:\/\/i2.wp.com\/nilljunior.com.br\/wp-content\/uploads\/2020\/01\/EstacaoCidadania-Tabira.jpeg?resize=150%2C100 150w, https:\/\/i2.wp.com\/nilljunior.com.br\/wp-content\/uploads\/2020\/01\/EstacaoCidadania-Tabira.jpeg?resize=300%2C200 300w, https:\/\/i2.wp.com\/nilljunior.com.br\/wp-content\/uploads\/2020\/01\/EstacaoCidadania-Tabira.jpeg?resize=768%2C512 768w, https:\/\/i2.wp.com\/nilljunior.com.br\/wp-content\/uploads\/2020\/01\/EstacaoCidadania-Tabira.jpeg?w=1280 1280w\" alt=\"\" width=\"400\" height=\"267\" data-attachment-id=\"167238\" data-permalink=\"http:\/\/nilljunior.com.br\/tabira-estacao-cidadania-sera-inaugurada-na-proxima-sexta-feira\/estacaocidadania-tabira\/\" data-orig-file=\"https:\/\/i2.wp.com\/nilljunior.com.br\/wp-content\/uploads\/2020\/01\/EstacaoCidadania-Tabira.jpeg?fit=1280%2C853\" data-orig-size=\"1280,853\" data-comments-opened=\"1\" data-image-meta=\"{&quot;aperture&quot;:&quot;0&quot;,&quot;credit&quot;:&quot;&quot;,&quot;camera&quot;:&quot;&quot;,&quot;caption&quot;:&quot;&quot;,&quot;created_timestamp&quot;:&quot;0&quot;,&quot;copyright&quot;:&quot;&quot;,&quot;focal_length&quot;:&quot;0&quot;,&quot;iso&quot;:&quot;0&quot;,&quot;shutter_speed&quot;:&quot;0&quot;,&quot;title&quot;:&quot;&quot;,&quot;orientation&quot;:&quot;0&quot;}\" data-image-title=\"EstacaoCidadania-Tabira\" data-image-description=\"\" data-medium-file=\"https:\/\/i2.wp.com\/nilljunior.com.br\/wp-content\/uploads\/2020\/01\/EstacaoCidadania-Tabira.jpeg?fit=300%2C200\" data-large-file=\"https:\/\/i2.wp.com\/nilljunior.com.br\/wp-content\/uploads\/2020\/01\/EstacaoCidadania-Tabira.jpeg?fit=600%2C400\" \/><\/a>O Governo Municipal de Tabira inaugura na pr\u00f3xima sexta-feira (24.01), a Esta\u00e7\u00e3o Cidadania, que segundo nota da assessoria \u201cir\u00e1 representar grande economia para os cofres p\u00fablicos\u201d. A Esta\u00e7\u00e3o Cidadania, que leva o nome do Governador Eduardo Campos, abrigar\u00e1 servi\u00e7os de v\u00e1rias secretarias que tinham suas instala\u00e7\u00f5es alugadas e agora passar\u00e3o a ter endere\u00e7o pr\u00f3prio e, em consequ\u00eancia, o munic\u00edpio ir\u00e1 economizar com alugu\u00e9is.<\/p>\n<p>Funcionar\u00e1 no local onde era o F\u00f3rum de Tabira, na Avenida Coronel Zuza Barros e ser\u00e1 inaugurada nessa sexta-feira, dia 24, \u00e0s 19h.<\/p>\n","protected":false},"excerpt":{"rendered":"<p>O Governo Municipal de Tabira inaugura na pr&oacute;xima sexta-feira (24.01), a Esta&ccedil;&atilde;o Cidadania, que segundo nota da assessoria &ldquo;ir&aacute; representar grande economia para os cofres p&uacute;blicos&rdquo;. A Esta&ccedil;&atilde;o Cidadania, que leva o nome do Governador Eduardo Campos, abrigar&aacute; servi&ccedil;os de v&aacute;rias secretarias que tinham suas instala&ccedil;&otilde;es alugadas e agora passar&atilde;o a ter endere&ccedil;o pr&oacute;prio e, &#8230; <a title=\"TABIRA \\ Esta\u00e7\u00e3o Cidadania ser\u00e1 inaugurada na pr\u00f3xima sexta (24)\" class=\"read-more\" href=\"https:\/\/blogdomarcellopatriota.com.br\/blog\/tabira-estacao-cidadania-sera-inaugurada-na-proxima-sexta-24\/\" aria-label=\"Read more about TABIRA \\ Esta\u00e7\u00e3o Cidadania ser\u00e1 inaugurada na pr\u00f3xima sexta (24)\">Ler mais<\/a><\/p>\n","protected":false},"author":2,"featured_media":0,"comment_status":"open","ping_status":"open","sticky":false,"template":"","format":"standard","meta":{"footnotes":""},"categories":[1],"tags":[],"class_list":["post-23255","post","type-post","status-publish","format-standard","hentry","category-sem-categoria"],"_links":{"self":[{"href":"https:\/\/blogdomarcellopatriota.com.br\/blog\/wp-json\/wp\/v2\/posts\/23255","targetHints":{"allow":["GET"]}}],"collection":[{"href":"https:\/\/blogdomarcellopatriota.com.br\/blog\/wp-json\/wp\/v2\/posts"}],"about":[{"href":"https:\/\/blogdomarcellopatriota.com.br\/blog\/wp-json\/wp\/v2\/types\/post"}],"author":[{"embeddable":true,"href":"https:\/\/blogdomarcellopatriota.com.br\/blog\/wp-json\/wp\/v2\/users\/2"}],"replies":[{"embeddable":true,"href":"https:\/\/blogdomarcellopatriota.com.br\/blog\/wp-json\/wp\/v2\/comments?post=23255"}],"version-history":[{"count":1,"href":"https:\/\/blogdomarcellopatriota.com.br\/blog\/wp-json\/wp\/v2\/posts\/23255\/revisions"}],"predecessor-version":[{"id":23256,"href":"https:\/\/blogdomarcellopatriota.com.br\/blog\/wp-json\/wp\/v2\/posts\/23255\/revisions\/23256"}],"wp:attachment":[{"href":"https:\/\/blogdomarcellopatriota.com.br\/blog\/wp-json\/wp\/v2\/media?parent=23255"}],"wp:term":[{"taxonomy":"category","embeddable":true,"href":"https:\/\/blogdomarcellopatriota.com.br\/blog\/wp-json\/wp\/v2\/categories?post=23255"},{"taxonomy":"post_tag","embeddable":true,"href":"https:\/\/blogdomarcellopatriota.com.br\/blog\/wp-json\/wp\/v2\/tags?post=23255"}],"curies":[{"name":"wp","href":"https:\/\/api.w.org\/{rel}","templated":true}]}}