{"id":23257,"date":"2020-01-23T10:10:36","date_gmt":"2020-01-23T13:10:36","guid":{"rendered":"http:\/\/blogdomarcellopatriota.com.br\/blog\/?p=23257"},"modified":"2020-01-23T10:10:36","modified_gmt":"2020-01-23T13:10:36","slug":"eu-to-cuidando-do-nosso-grupo-eles-cuidem-do-deles-diz-evandro-valadares-ao-blog-do-finfa","status":"publish","type":"post","link":"https:\/\/blogdomarcellopatriota.com.br\/blog\/eu-to-cuidando-do-nosso-grupo-eles-cuidem-do-deles-diz-evandro-valadares-ao-blog-do-finfa\/","title":{"rendered":"\u201cEu t\u00f4 cuidando do nosso grupo. Eles cuidem do deles\u201d, diz Evandro Valadares ao blog do Finfa"},"content":{"rendered":"<div class=\"meta\"><strong><span class=\"meta-date\">blog do FinFa<\/span><\/strong><\/div>\n<p><a href=\"https:\/\/i1.wp.com\/nilljunior.com.br\/wp-content\/uploads\/2020\/01\/evandro-768x432.jpg\"><img fetchpriority=\"high\" decoding=\"async\" class=\"alignleft wp-image-167231\" src=\"https:\/\/i1.wp.com\/nilljunior.com.br\/wp-content\/uploads\/2020\/01\/evandro-768x432.jpg?resize=400%2C225\" sizes=\"(max-width: 400px) 100vw, 400px\" srcset=\"https:\/\/i1.wp.com\/nilljunior.com.br\/wp-content\/uploads\/2020\/01\/evandro-768x432.jpg?resize=600%2C338 600w, https:\/\/i1.wp.com\/nilljunior.com.br\/wp-content\/uploads\/2020\/01\/evandro-768x432.jpg?resize=300%2C169 300w, https:\/\/i1.wp.com\/nilljunior.com.br\/wp-content\/uploads\/2020\/01\/evandro-768x432.jpg?resize=768%2C432 768w\" alt=\"\" width=\"400\" height=\"225\" data-attachment-id=\"167231\" data-permalink=\"http:\/\/nilljunior.com.br\/eu-to-cuidando-do-nosso-grupo-eles-cuidem-do-deles-diz-evandro-valadares-ao-blog-do-finfav\/evandro-768x432\/\" data-orig-file=\"https:\/\/i1.wp.com\/nilljunior.com.br\/wp-content\/uploads\/2020\/01\/evandro-768x432.jpg?fit=768%2C432\" data-orig-size=\"768,432\" data-comments-opened=\"1\" data-image-meta=\"{&quot;aperture&quot;:&quot;0&quot;,&quot;credit&quot;:&quot;&quot;,&quot;camera&quot;:&quot;&quot;,&quot;caption&quot;:&quot;&quot;,&quot;created_timestamp&quot;:&quot;0&quot;,&quot;copyright&quot;:&quot;&quot;,&quot;focal_length&quot;:&quot;0&quot;,&quot;iso&quot;:&quot;0&quot;,&quot;shutter_speed&quot;:&quot;0&quot;,&quot;title&quot;:&quot;&quot;,&quot;orientation&quot;:&quot;0&quot;}\" data-image-title=\"evandro-768\u00d7432\" data-image-description=\"\" data-medium-file=\"https:\/\/i1.wp.com\/nilljunior.com.br\/wp-content\/uploads\/2020\/01\/evandro-768x432.jpg?fit=300%2C169\" data-large-file=\"https:\/\/i1.wp.com\/nilljunior.com.br\/wp-content\/uploads\/2020\/01\/evandro-768x432.jpg?fit=600%2C338\" \/><\/a>Dando sequ\u00eancia a s\u00e9rie de entrevista que o\u00a0<strong>blog do Finfa<\/strong>\u00a0est\u00e1 realizando com os prefeitos do Sert\u00e3o do Paje\u00fa, entrevistamos o prefeito de S\u00e3o Jos\u00e9 do Egito, Evandro Valadares (PSB), que nos recebeu muito bem, e responde direto nossas perguntas.<\/p>\n<p>Leia na \u00edntegra:<\/p>\n<p><strong>Blog do Finfa: O programa \u2018Obras por Toda Parte\u2019 \u00e9 um sucesso na gest\u00e3o do Senhor. Como \u00e9 esse programa?<\/strong><\/p>\n<p><strong>Evandro \u2013<\/strong>\u00a0\u00c9 um programa que \u00e9 obras por toda parte mesmo, fazendo obras em S\u00e3o Jos\u00e9 do Egito, principalmente na sa\u00fade, educa\u00e7\u00e3o, entrou agora o asfalto. Estamos com obras desde o\u00a0 ano passado e neste in\u00edcio de 2020, come\u00e7ando novamente,\u00a0 agora porque entrou o dinheiro do pr\u00e9-sal,\u00a0 a gente conseguiu executar v\u00e1rias obras, como tamb\u00e9m arrumamos a folha.\u00a0 Arranjamos dinheiro onde pod\u00edamos arranjar,\u00a0 para trabalhar. Tem ajuda do Governo do Estado, do Governo Federal, dos precat\u00f3rios, da sa\u00fade, do munic\u00edpio. Isso t\u00e1 fazendo o sucesso que estamos transformando S\u00e3o Jos\u00e9 do Egito.<\/p>\n<p><strong>Blog do Finfa: 2020 come\u00e7ou. Qual a meta principal do seu governo para o munic\u00edpio?<\/strong><\/p>\n<p><strong>Evandro \u2013<\/strong>\u00a0A gente vem fazendo muito, mas esse ano iremos fazer mais que os outros tr\u00eas [anos]. Nosso Governo nunca deixou de fazer. O principal causo, sempre foi o sal\u00e1rio. Agora est\u00e1 em dias. A gente t\u00e1 pretendendo anunciar em uma entrevista da r\u00e1dio, para dize, que quem tiver dinheiro para receber da Prefeitura de S\u00e3o Jos\u00e9 do Egito, exceto os de programa, venha que a gente n\u00e3o quer estar devendo ningu\u00e9m n\u00e3o, vamos pagar.<\/p>\n<p><strong>Blog do Finfa: O senhor apoiou os deputados Tadeu Alencar e Clodoaldo Magalh\u00e3es. Satisfeito com a atua\u00e7\u00e3o dos seus deputados?<\/strong><\/p>\n<p><strong>Evandro \u2013<\/strong>\u00a0Muito satisfeito. S\u00e3o homens trabalhadores, honestos, que lutam pelo nosso munic\u00edpio. A maior dificuldade que temos aqui, \u00e9 que a gente n\u00e3o tem a ajuda completa do Governo Federal, apenas em parte, uma parte pequena, mas temos.<\/p>\n<p><strong>Blog do Finfa: Evandro Valadares \u00e9 candidato \u00e0 reelei\u00e7\u00e3o?<\/strong><\/p>\n<p><strong>Evandro<\/strong>\u00a0\u2013 Quem diz \u00e9 o grupo. A gente t\u00e1 trabalhando. Nossa meta \u00e9 trabalhar. O grupo no fim vai resolver.<\/p>\n<p><strong>Blog do Finfa: Se o senhor for candidato, repete a chapa?<\/strong><\/p>\n<p><strong>Evandro<\/strong>\u00a0\u2013 Com certeza.<\/p>\n<p><strong>Blog do Finfa: Como \u00e9 a rela\u00e7\u00e3o do senhor com os vereadores? Dos 13, tem 8 que lhe apoiam, 3 s\u00e3o oposi\u00e7\u00e3o e 2 aprovam tudo?<\/strong><\/p>\n<p><strong>Evandro<\/strong>\u00a0\u2013 \u00c9 boa. Uma rela\u00e7\u00e3o normal e dura. Em S\u00e3o Jos\u00e9 do Egito, n\u00e3o se paga a vereador para fazer uma emenda. N\u00e3o existe isso. Eles trabalham com a opini\u00e3o deles e o Governo com a dele. O que faz manda, e o que manda, resolve se apoia ou n\u00e3o, e a maioria \u00e9 aprovada.<\/p>\n<p><strong>Blog do Finfa: Os bastidores dizem, que o senhor, se for candidato \u00e0 reelei\u00e7\u00e3o, vai enfrentar dois candidatos: o ex-prefeito Rom\u00e9rio Guimar\u00e3es e Rona Leite. \u00c9 isso?<\/strong><\/p>\n<p><strong>Evandro<\/strong>\u00a0\u2013 Dizem, n\u00e9? Eu n\u00e3o sei. Eu t\u00f4 cuidando do nosso grupo, n\u00f3s estamos juntos. Eles cuidem do deles. Um dia Z\u00e9 Marcos \u00e9 candidato, no outro n\u00e3o \u00e9. No outro dia Rona \u00e9, no outro n\u00e3o \u00e9. N\u00e3o sei. Eu sei que estou fazendo minha parte, o meu trabalho.<\/p>\n<p><strong>Blog do Finfa: Qual a avalia\u00e7\u00e3o que o senhor faz do governo Bolsonaro?<\/strong><\/p>\n<p><strong>Evandro<\/strong>\u00a0\u2013 Regular. [Completei: \u201cTem ajudado o munic\u00edpio?\u201d] Pode ser que ajude, l\u00e1 pr\u00e1 frente. Ele t\u00e1 fazendo dentro da regularidade aquilo que j\u00e1 \u00e9 feito pelo Governo Federal com os munic\u00edpios.<\/p>\n<p><strong>Blog do Finfa: A avalia\u00e7\u00e3o que o senhor faz do primeiro ano, do segundo mandato do governador Paulo C\u00e2mara?<\/strong><\/p>\n<p><strong>Evandro<\/strong>\u00a0\u2013 Uma avalia\u00e7\u00e3o de Paulo, da pessoa dele, muito boa, de muito boa vontade. Agora, de n\u00e3o tem muito como fazer as coisas. Ele \u00e9 opositor ferrenho ao Governo Federal, e quando isso acontece, as coisas para virem pra c\u00e1, primeiro passam nos cantos que est\u00e3o com ele, [lugares em que o governador apoia o governo federal].<\/p>\n<p><strong>Blog do Finfa: Eu sinto que hoje, em 2020, o PSB, no Paje\u00fa, tem uma grande possibilidade de eleger 9 prefeitos, dos 15. O senhor n\u00e3o acha que a executiva estadual do PSB em Pernambuco, \u00e9 omissa com voc\u00eas aqui no Paje\u00fa?<\/strong><\/p>\n<p><strong>Evandro<\/strong>\u00a0\u2013 N\u00e3o acho omiss\u00e3o. Acho dificuldade que o governo est\u00e1 tendo para manter o estado como ele \u00e9. Paulo priorizou sal\u00e1rio, isso cumpriu, \u00e9 tanto que fez ele ser reeleito sem ir para segundo turno. Ele \u00e9 um cara honesto, trabalhador, mas est\u00e1 tendo muita dificuldade, principalmente, de verbas dentro do estado.<\/p>\n<p><strong>Blog do Finfa: O que quero dizer \u00e9 da atua\u00e7\u00e3o do presidente do PSB, Sileno Guedes, com voc\u00eas prefeitos do Paje\u00fa. Faz muito tempo que n\u00e3o aparece para conversar com os prefeitos socialistas?<\/strong><\/p>\n<p><strong>Evandro<\/strong>\u00a0\u2013 \u00c9 mesmo, faz muito tempo que Sileno n\u00e3o aparece. A verdade \u00e9 essa.<\/p>\n","protected":false},"excerpt":{"rendered":"<p>blog do FinFa Dando sequ&ecirc;ncia a s&eacute;rie de entrevista que o&nbsp;blog do Finfa&nbsp;est&aacute; realizando com os prefeitos do Sert&atilde;o do Paje&uacute;, entrevistamos o prefeito de S&atilde;o Jos&eacute; do Egito, Evandro Valadares (PSB), que nos recebeu muito bem, e responde direto nossas perguntas. Leia na &iacute;ntegra: Blog do Finfa: O programa &lsquo;Obras por Toda Parte&rsquo; &eacute; &#8230; <a title=\"\u201cEu t\u00f4 cuidando do nosso grupo. Eles cuidem do deles\u201d, diz Evandro Valadares ao blog do Finfa\" class=\"read-more\" href=\"https:\/\/blogdomarcellopatriota.com.br\/blog\/eu-to-cuidando-do-nosso-grupo-eles-cuidem-do-deles-diz-evandro-valadares-ao-blog-do-finfa\/\" aria-label=\"Read more about \u201cEu t\u00f4 cuidando do nosso grupo. Eles cuidem do deles\u201d, diz Evandro Valadares ao blog do Finfa\">Ler mais<\/a><\/p>\n","protected":false},"author":2,"featured_media":0,"comment_status":"open","ping_status":"open","sticky":false,"template":"","format":"standard","meta":{"footnotes":""},"categories":[1],"tags":[],"class_list":["post-23257","post","type-post","status-publish","format-standard","hentry","category-sem-categoria"],"_links":{"self":[{"href":"https:\/\/blogdomarcellopatriota.com.br\/blog\/wp-json\/wp\/v2\/posts\/23257","targetHints":{"allow":["GET"]}}],"collection":[{"href":"https:\/\/blogdomarcellopatriota.com.br\/blog\/wp-json\/wp\/v2\/posts"}],"about":[{"href":"https:\/\/blogdomarcellopatriota.com.br\/blog\/wp-json\/wp\/v2\/types\/post"}],"author":[{"embeddable":true,"href":"https:\/\/blogdomarcellopatriota.com.br\/blog\/wp-json\/wp\/v2\/users\/2"}],"replies":[{"embeddable":true,"href":"https:\/\/blogdomarcellopatriota.com.br\/blog\/wp-json\/wp\/v2\/comments?post=23257"}],"version-history":[{"count":1,"href":"https:\/\/blogdomarcellopatriota.com.br\/blog\/wp-json\/wp\/v2\/posts\/23257\/revisions"}],"predecessor-version":[{"id":23258,"href":"https:\/\/blogdomarcellopatriota.com.br\/blog\/wp-json\/wp\/v2\/posts\/23257\/revisions\/23258"}],"wp:attachment":[{"href":"https:\/\/blogdomarcellopatriota.com.br\/blog\/wp-json\/wp\/v2\/media?parent=23257"}],"wp:term":[{"taxonomy":"category","embeddable":true,"href":"https:\/\/blogdomarcellopatriota.com.br\/blog\/wp-json\/wp\/v2\/categories?post=23257"},{"taxonomy":"post_tag","embeddable":true,"href":"https:\/\/blogdomarcellopatriota.com.br\/blog\/wp-json\/wp\/v2\/tags?post=23257"}],"curies":[{"name":"wp","href":"https:\/\/api.w.org\/{rel}","templated":true}]}}