{"id":23259,"date":"2020-01-22T10:12:18","date_gmt":"2020-01-22T13:12:18","guid":{"rendered":"http:\/\/blogdomarcellopatriota.com.br\/blog\/?p=23259"},"modified":"2020-01-23T10:13:08","modified_gmt":"2020-01-23T13:13:08","slug":"prefeitura-de-sjegito-inaugura-mais-um-posto-de-saude-reformado","status":"publish","type":"post","link":"https:\/\/blogdomarcellopatriota.com.br\/blog\/prefeitura-de-sjegito-inaugura-mais-um-posto-de-saude-reformado\/","title":{"rendered":"Prefeitura de SJEgito inaugura mais um posto de sa\u00fade reformado"},"content":{"rendered":"<p><a href=\"https:\/\/i2.wp.com\/nilljunior.com.br\/wp-content\/uploads\/2020\/01\/WhatsApp-Image-2020-01-22-at-10.22.16.jpeg\"><img fetchpriority=\"high\" decoding=\"async\" class=\"alignleft wp-image-167202\" src=\"https:\/\/i2.wp.com\/nilljunior.com.br\/wp-content\/uploads\/2020\/01\/WhatsApp-Image-2020-01-22-at-10.22.16.jpeg?resize=400%2C267\" sizes=\"(max-width: 400px) 100vw, 400px\" srcset=\"https:\/\/i2.wp.com\/nilljunior.com.br\/wp-content\/uploads\/2020\/01\/WhatsApp-Image-2020-01-22-at-10.22.16.jpeg?resize=600%2C400 600w, https:\/\/i2.wp.com\/nilljunior.com.br\/wp-content\/uploads\/2020\/01\/WhatsApp-Image-2020-01-22-at-10.22.16.jpeg?resize=150%2C100 150w, https:\/\/i2.wp.com\/nilljunior.com.br\/wp-content\/uploads\/2020\/01\/WhatsApp-Image-2020-01-22-at-10.22.16.jpeg?resize=300%2C200 300w, https:\/\/i2.wp.com\/nilljunior.com.br\/wp-content\/uploads\/2020\/01\/WhatsApp-Image-2020-01-22-at-10.22.16.jpeg?resize=768%2C512 768w, https:\/\/i2.wp.com\/nilljunior.com.br\/wp-content\/uploads\/2020\/01\/WhatsApp-Image-2020-01-22-at-10.22.16.jpeg?w=1280 1280w\" alt=\"\" width=\"400\" height=\"267\" data-attachment-id=\"167202\" data-permalink=\"http:\/\/nilljunior.com.br\/prefeitura-de-sje-inaugura-mais-um-posto-de-saude-reformado\/whatsapp-image-2020-01-22-at-10-22-16\/\" data-orig-file=\"https:\/\/i2.wp.com\/nilljunior.com.br\/wp-content\/uploads\/2020\/01\/WhatsApp-Image-2020-01-22-at-10.22.16.jpeg?fit=1280%2C854\" data-orig-size=\"1280,854\" data-comments-opened=\"1\" data-image-meta=\"{&quot;aperture&quot;:&quot;0&quot;,&quot;credit&quot;:&quot;&quot;,&quot;camera&quot;:&quot;&quot;,&quot;caption&quot;:&quot;&quot;,&quot;created_timestamp&quot;:&quot;0&quot;,&quot;copyright&quot;:&quot;&quot;,&quot;focal_length&quot;:&quot;0&quot;,&quot;iso&quot;:&quot;0&quot;,&quot;shutter_speed&quot;:&quot;0&quot;,&quot;title&quot;:&quot;&quot;,&quot;orientation&quot;:&quot;0&quot;}\" data-image-title=\"WhatsApp Image 2020-01-22 at 10.22.16\" data-image-description=\"\" data-medium-file=\"https:\/\/i2.wp.com\/nilljunior.com.br\/wp-content\/uploads\/2020\/01\/WhatsApp-Image-2020-01-22-at-10.22.16.jpeg?fit=300%2C200\" data-large-file=\"https:\/\/i2.wp.com\/nilljunior.com.br\/wp-content\/uploads\/2020\/01\/WhatsApp-Image-2020-01-22-at-10.22.16.jpeg?fit=600%2C400\" \/><\/a>Depois das reformas dos PSFs do S\u00e3o Jo\u00e3o, Ipiranga, Novo Horizonte e S\u00e3o Borja, agora foi a vez do PSF Central receber a requalifica\u00e7\u00e3o, que est\u00e1 sendo feita em todas as Unidades B\u00e1sicas de Sa\u00fade do munic\u00edpio. O prefeito Evandro Valadares, o vice Ecl\u00e9riston Ramos, o secret\u00e1rio de sa\u00fade Paulo de Tarso e toda equipe de governo entregaram a popula\u00e7\u00e3o egipciense a reforma da ESF Central na manh\u00e3 dessa quarta (22.01).<\/p>\n<p>A iniciativa est\u00e1 dentro do Programa de \u201cObras Por Toda Parte\u201d, que tem levado investimento p\u00fablico para os 4 cantos de S\u00e3o Jos\u00e9 do Egito.<\/p>\n","protected":false},"excerpt":{"rendered":"<p>Depois das reformas dos PSFs do S&atilde;o Jo&atilde;o, Ipiranga, Novo Horizonte e S&atilde;o Borja, agora foi a vez do PSF Central receber a requalifica&ccedil;&atilde;o, que est&aacute; sendo feita em todas as Unidades B&aacute;sicas de Sa&uacute;de do munic&iacute;pio. O prefeito Evandro Valadares, o vice Ecl&eacute;riston Ramos, o secret&aacute;rio de sa&uacute;de Paulo de Tarso e toda equipe &#8230; <a title=\"Prefeitura de SJEgito inaugura mais um posto de sa\u00fade reformado\" class=\"read-more\" href=\"https:\/\/blogdomarcellopatriota.com.br\/blog\/prefeitura-de-sjegito-inaugura-mais-um-posto-de-saude-reformado\/\" aria-label=\"Read more about Prefeitura de SJEgito inaugura mais um posto de sa\u00fade reformado\">Ler mais<\/a><\/p>\n","protected":false},"author":2,"featured_media":0,"comment_status":"open","ping_status":"open","sticky":false,"template":"","format":"standard","meta":{"footnotes":""},"categories":[1],"tags":[],"class_list":["post-23259","post","type-post","status-publish","format-standard","hentry","category-sem-categoria"],"_links":{"self":[{"href":"https:\/\/blogdomarcellopatriota.com.br\/blog\/wp-json\/wp\/v2\/posts\/23259","targetHints":{"allow":["GET"]}}],"collection":[{"href":"https:\/\/blogdomarcellopatriota.com.br\/blog\/wp-json\/wp\/v2\/posts"}],"about":[{"href":"https:\/\/blogdomarcellopatriota.com.br\/blog\/wp-json\/wp\/v2\/types\/post"}],"author":[{"embeddable":true,"href":"https:\/\/blogdomarcellopatriota.com.br\/blog\/wp-json\/wp\/v2\/users\/2"}],"replies":[{"embeddable":true,"href":"https:\/\/blogdomarcellopatriota.com.br\/blog\/wp-json\/wp\/v2\/comments?post=23259"}],"version-history":[{"count":1,"href":"https:\/\/blogdomarcellopatriota.com.br\/blog\/wp-json\/wp\/v2\/posts\/23259\/revisions"}],"predecessor-version":[{"id":23260,"href":"https:\/\/blogdomarcellopatriota.com.br\/blog\/wp-json\/wp\/v2\/posts\/23259\/revisions\/23260"}],"wp:attachment":[{"href":"https:\/\/blogdomarcellopatriota.com.br\/blog\/wp-json\/wp\/v2\/media?parent=23259"}],"wp:term":[{"taxonomy":"category","embeddable":true,"href":"https:\/\/blogdomarcellopatriota.com.br\/blog\/wp-json\/wp\/v2\/categories?post=23259"},{"taxonomy":"post_tag","embeddable":true,"href":"https:\/\/blogdomarcellopatriota.com.br\/blog\/wp-json\/wp\/v2\/tags?post=23259"}],"curies":[{"name":"wp","href":"https:\/\/api.w.org\/{rel}","templated":true}]}}