{"id":23261,"date":"2020-01-23T01:17:02","date_gmt":"2020-01-23T04:17:02","guid":{"rendered":"http:\/\/blogdomarcellopatriota.com.br\/blog\/?p=23261"},"modified":"2020-01-23T10:23:04","modified_gmt":"2020-01-23T13:23:04","slug":"giro-pelos-blogs23-01-2020","status":"publish","type":"post","link":"https:\/\/blogdomarcellopatriota.com.br\/blog\/giro-pelos-blogs23-01-2020\/","title":{"rendered":"********************Giro pelos Blog&#8217;S====(23.01.2020)"},"content":{"rendered":"<p><span style=\"font-size: 24pt;\">Blog Magno Martins\u00a0<\/span><\/p>\n<p><strong><img fetchpriority=\"high\" decoding=\"async\" class=\"alignleft\" src=\"http:\/\/blogdomagno.com.br\/admin\/ckeditor\/ckfinder\/images\/WhatsApp%20Image%202020-01-22%20at%2022_18_14(1).jpeg\" width=\"449\" height=\"206\" \/>turismo com dinheiro alheio<\/strong><\/p>\n<p>A justi\u00e7a pernambucana, devagar quase parando no andamento dos processos que se acumulam nas m\u00e3os dos 52 desembargadores do Tribunal de Justi\u00e7a, foi c\u00e9lere na promo\u00e7\u00e3o de uma caravana tur\u00edstica da alegria, com dinheiro do contribuinte. No apagar das luzes do ano passado, nada menos que R$ 2,5 milh\u00f5es foram torrados em di\u00e1rias para bancar nos Estados Unidos a farra de duas comitivas de suas excel\u00eancias e at\u00e9, pasmem, servidores graduados, segundo reportagem da Folha de S\u00e3o Paulo.<\/p>\n<p>O pretexto do voo da alegria se amparou numa justificativa injustific\u00e1vel: premiar o desempenho de ju\u00edzes e servidores do primeiro grau. A corte da justi\u00e7a pernambucana \u00e9 a mesma que, tamb\u00e9m em dezembro do ano passado, ocupou manchetes de jornais no Pa\u00eds com a pol\u00eamica de ter pago a ju\u00edzes e desembargadores rendimentos l\u00edquidos, em novembro, que chegaram a at\u00e9 R$ 853 mil.<\/p>\n<p>Em um dos casos, a quantia bruta paga pela corte a uma ju\u00edza foi de R$ 1,2 milh\u00e3o. A raz\u00e3o para essas altas cifras, segundo o TJ, foi o pagamento de f\u00e9rias acumuladas. Consultado sobre as viagens, o Tribunal n\u00e3o comentou nem forneceu dados sobre a previs\u00e3o de gastos e os crit\u00e9rios de sele\u00e7\u00e3o. Um primeiro grupo participou do curso &#8220;Estudo do direito americano e suas influ\u00eancias no direito brasileiro&#8221;, de 11 a 15 de novembro, na Fordham University The School of Law, em Nova York.<\/p>\n<p>O evento foi inclu\u00eddo no programa &#8220;Muito Al\u00e9m das Metas&#8221;, criado em 2018 para estimular a produtividade da primeira inst\u00e2ncia, segmento mais sobrecarregado do Judici\u00e1rio. Essa prioridade, contudo, n\u00e3o foi mantida. Dos 45 participantes, 19 eram desembargadores, ou seja, magistrados da segunda inst\u00e2ncia e dirigentes da corte. Tamb\u00e9m viajaram 19 ju\u00edzes e sete servidores.<\/p>\n<p>A segunda caravana viajou nas f\u00e9rias do Judici\u00e1rio para um curso de extens\u00e3o, realizado de 2 a 13 de dezembro, na Universidade da Ge\u00f3rgia, nos EUA. Dos 40 participantes, 22 eram servidores. Embarcaram 14 ju\u00edzes e apenas quatro desembargadores. Os magistrados e servidores assumiram os gastos com transporte a\u00e9reo e terrestre.<\/p>\n<p>O Tribunal cobriu os gastos com hospedagem e alimenta\u00e7\u00e3o, pagando oito di\u00e1rias internacionais de US$ 691 para a viagem a Nova York, e 15 di\u00e1rias, para a Ge\u00f3rgia. O presidente do Tribunal, desembargador Adalberto de Oliveira Melo, e o 1\u00ba vice-presidente, desembargador C\u00e2ndido Jos\u00e9 da Fonte Saraiva, viajaram a Nova York, cada um com di\u00e1rias de R$ 25,2 mil.<\/p>\n<p><strong>O vice de Patr\u00edcia \u2013\u00a0<\/strong>A delegada Patr\u00edcia Domingos ainda nem confirmou se ser\u00e1 candidata ou mesmo sua filia\u00e7\u00e3o partid\u00e1ria, mas a chapa que formaria na disputa pela Prefeitura do Recife j\u00e1 est\u00e1 na r\u00e1dio corredor do Pal\u00e1cio Capibaribe, sede do Governo municipal, tendo na vice o deputado Silvio Costa Filho, presidente estadual do PRB. Silvinho, como \u00e9 mais conhecido, ganhou espa\u00e7o no Congresso Nacional como um dos principais l\u00edderes em defesa do Pacto Federativo.<\/p>\n<p><strong>Compromisso \u2013<\/strong>\u00a0A especula\u00e7\u00e3o em torno do nome de Silvinho para vice de Patr\u00edcia pode ser historinha de trancoso, at\u00e9 porque o blog apurou que ele j\u00e1 teria admitido retirar sua pr\u00e9-candidatura a prefeito em favor da constru\u00e7\u00e3o da unidade das oposi\u00e7\u00f5es em torno de Raul Henry, do MDB, caso este tomasse gosto pelo desafio. Henry tem falado, nos \u00faltimos dias, com mais desenvoltura sobre a possibilidade de sair debaixo do guarda-chuva do PSB.<\/p>\n<p><strong>Vai de Marilia? \u2013<\/strong>\u00a0Toda a c\u00fapula nacional do PT foi convocada pela presidente Gleisi Hoffman para o encontro com as principais lideran\u00e7as do partido em Pernambuco na pr\u00f3xima ter\u00e7a-feira, em S\u00e3o Paulo. Em pauta, candidatura pr\u00f3pria. O PT est\u00e1 dividido entre apoiar Mar\u00edlia Arraes, no topo das pesquisas, ou manter a alian\u00e7a com o PSB, fechada na elei\u00e7\u00e3o passada para reeleger o governador Paulo C\u00e2mara.<\/p>\n<p><strong><img decoding=\"async\" class=\"alignleft\" src=\"https:\/\/www.folhape.com.br\/obj\/1311\/359990,475,80,0,0,475,365,0,0,0,0.jpg\" alt=\"\" width=\"233\" height=\"179\" \/>O que vale? \u2013<\/strong>\u00a0O que vai pesar na reuni\u00e3o decis\u00f3ria do PT em S\u00e3o Paulo \u00e9 a palavra do ex-presidente Lula, que estar\u00e1 presente. Quando esteve no Recife, em novembro do ano passado, almo\u00e7ou com dirigentes do PSB e jantou com Mar\u00edlia Arraes. A Paulo C\u00e2mara e Geraldo J\u00falio, Lula prometeu o c\u00e9u e a terra para segurar o PT na alian\u00e7a. J\u00e1 a Mar\u00edlia Arraes, depois de molhar o bico, garantiu que ela ser\u00e1 candidata.<\/p>\n<p><strong>APEGO A CARGOS \u2013<\/strong>\u00a0Se depender do senador Humberto Costa, entretanto, o PT fica com o PSB na sucess\u00e3o de Geraldo J\u00falio, mantendo, assim, os cargos que ocupa n\u00e3o apenas na Prefeitura do Recife, mas, sobretudo, no Governo do Estado. Entre os puxas de Humberto, o ex-deputado D\u00edlson Peixoto, que virou secret\u00e1rio de Agricultura, mesmo sem saber distinguir um jerimum de uma melancia.<\/p>\n<p><strong>Z\u00c9 CAPACETE \u2013<\/strong>\u00a0Capital do gesso, Trindade, no Sert\u00e3o do Araripe, a 649 km do Recife, tem um candidato com nome popular e cheiro de povo: Z\u00e9 Capacete (PSL), o Jos\u00e9 Lopes Ben\u00edcio. Vereador de primeiro mandato, Capacete tem origem humilde, saindo de vendedor de picol\u00e9 nas ruas a um dos mais bem-sucedidos empres\u00e1rios do setor de transporte, com maior demanda em gesso exportando para S\u00e3o Paulo. Nas pesquisas, j\u00e1 aparece como bicho pap\u00e3o para os advers\u00e1rios.<\/p>\n<p><strong>GARANTIA-SAFRA \u2013<\/strong>\u00a0Saiu a lista dos munic\u00edpios no Estado contemplados com o primeiro desembolso do Garantia-Safra, beneficiando mais de 13 mil agricultores. Espalhados entre o Agreste e o Sert\u00e3o, cada produtor receber\u00e1 R$ 850 em cinco parcelas de R$ 170. Quem ficou de fora deve tomar satisfa\u00e7\u00e3o ao IBGE, que exige a real verifica\u00e7\u00e3o de perdas das safras. Dos 185 munic\u00edpios, apenas 25 foram inclu\u00eddos na primeira leva.<\/p>\n<p><strong>Perguntar n\u00e3o ofende: Como o Brasil vai conviver com um presidente mudo, sem dar entrevistas, conforme anunciou, ontem, o pr\u00f3prio Jair Bolsonaro?<\/strong><\/p>\n<p><span style=\"font-size: 24pt;\">Coluna do FinFa<\/span><\/p>\n<p><img decoding=\"async\" class=\"aligncenter\" src=\"http:\/\/blogdofinfa.com.br\/wp-content\/uploads\/2020\/01\/adelmo-2-800x482.jpg\" width=\"562\" height=\"339\" \/><\/p>\n<p><strong>Entregou<\/strong>\u00a0\u2013 O prefeito de Itapetim-PE, Adelmo Moura, juntamente com o vice-prefeito Junio Moreira, estiveram participando da entrega de fardamento e kits para os agentes de endemias.\u201dEste \u00e9 mais um incentivo ao trabalho dos funcion\u00e1rios, pois com as chuvas que vem caindo na nossa regi\u00e3o, a demanda vai aumentar bastante. Mais uma vez quero pedir o empenho de todos os agentes e de toda a popula\u00e7\u00e3o para combater o mosquito Aedes aegypti\u201d, disse o prefeito.<\/p>\n<p><strong>Frase<\/strong>\u00a0\u2013\u00a0<em>\u201cVamos estimular polariza\u00e7\u00e3o PT x PSB que, nacionalmente, \u00e9 nosso aliado? Acho que aqui a polariza\u00e7\u00e3o deve ser com a direita\u201d.<\/em>\u00a0<strong>(Senador Humberto Costa, contr\u00e1rio a uma polariza\u00e7\u00e3o entre PT e PSB no Recife)<\/strong><\/p>\n<p><img loading=\"lazy\" decoding=\"async\" class=\"aligncenter\" src=\"http:\/\/blogdofinfa.com.br\/wp-content\/uploads\/2020\/01\/saojose1-800x534.jpg\" width=\"582\" height=\"388\" \/><\/p>\n<p><strong>Inaugurou<\/strong>\u00a0\u2013 Depois dos Bairros, S\u00e3o Jo\u00e3o, Ipiranga, Novo Horizonte e S\u00e3o Borja, agora foi a vez do PSF Central receber a requalifica\u00e7\u00e3o, que est\u00e1 sendo feita em todas as Unidades B\u00e1sicas de Sa\u00fade do munic\u00edpio. O prefeito Evandro Valadares, o vice-prefeito Dr. Ecl\u00e9riston Ramos, o Secret\u00e1rio de Sa\u00fade, Paulo de Tarso e toda equipe de governo, entregaram a popula\u00e7\u00e3o egipciense a reforma da ESF Central na manh\u00e3 de ontem (22). A requalifica\u00e7\u00e3o est\u00e1 dentro do Programa Obras Por Toda Parte, que tem investido em todo o munic\u00edpio.<\/p>\n<p><strong><img loading=\"lazy\" decoding=\"async\" class=\"alignleft size-full wp-image-150770\" src=\"http:\/\/blogdofinfa.com.br\/wp-content\/uploads\/2020\/01\/download-16.jpg\" alt=\"\" width=\"161\" height=\"225\" \/>Construindo<\/strong>\u00a0\u2013 Em conversa agora a pouco com este blogueiro, o deputado federal Carlos Veras-<strong>foto<\/strong>\u00a0(PT), foi perguntado sobre o processo que est\u00e1 sendo constru\u00eddo para a sucess\u00e3o do prefeito de Tabira Sebasti\u00e3o Dias, o deputado foi taxativo:<em>\u00a0\u201cEstamos constru\u00eddo uma frente ampla de partidos, e que estamos e vamos continuar discutindo, para que chegamos a um consenso e definimos a chapa, o intuito\u00a0\u00e9 compor PT com PSB\u201d,<\/em>\u00a0finalizou o deputado tabirense.<\/p>\n<p><strong>Agenda<\/strong>\u00a0\u2013 O governador Paulo C\u00e2mara, ter\u00e1 nesta quinta-feira (23), agenda no Arquepel\u00f3go de Fernando de Noronha:\u00a0<strong>\u00c0s 15 horas<\/strong>, inaugura as novas estruturas do Porto de Santo Ant\u00f4nio,\u00a0<strong>16 horas,<\/strong>\u00a0inaugura o Centro de Imagem, no Hospital S\u00e3o Lucas (Bosque Flamboyant, BR 363, S\/N \u2013 Floresta Nova).<\/p>\n<p><strong>Visita<\/strong>\u00a0\u2013 O Porto Digital recebe, nesta quinta-feira (23), a visita do ministro da Cidadania, Osmar Terra, para conhecer o parque tecnol\u00f3gico, empresas de alto potencial na constru\u00e7\u00e3o de solu\u00e7\u00f5es inovadoras para diversas \u00e1reas e instala\u00e7\u00f5es de ponto para pesquisa e desenvolvimento. A agenda do ministro ser\u00e1 no Apolo 235 (Rua do Apolo, 235, entrada pela Rua do Observat\u00f3rio) das 11h \u00e0s 12h30.<\/p>\n<p><strong>Perguntar n\u00e3o ofende<\/strong>\u00a0\u2013 S\u00edlvio Costa Filho vai aceitar ser vice da Patr\u00edcia Domingos, como a imprensa est\u00e1 falando?<\/p>\n","protected":false},"excerpt":{"rendered":"<p>Blog Magno Martins&nbsp; turismo com dinheiro alheio A justi&ccedil;a pernambucana, devagar quase parando no andamento dos processos que se acumulam nas m&atilde;os dos 52 desembargadores do Tribunal de Justi&ccedil;a, foi c&eacute;lere na promo&ccedil;&atilde;o de uma caravana tur&iacute;stica da alegria, com dinheiro do contribuinte. No apagar das luzes do ano passado, nada menos que R$ 2,5 &#8230; <a title=\"********************Giro pelos Blog&#8217;S====(23.01.2020)\" class=\"read-more\" href=\"https:\/\/blogdomarcellopatriota.com.br\/blog\/giro-pelos-blogs23-01-2020\/\" aria-label=\"Read more about ********************Giro pelos Blog&#8217;S====(23.01.2020)\">Ler mais<\/a><\/p>\n","protected":false},"author":2,"featured_media":0,"comment_status":"open","ping_status":"open","sticky":false,"template":"","format":"standard","meta":{"footnotes":""},"categories":[1],"tags":[],"class_list":["post-23261","post","type-post","status-publish","format-standard","hentry","category-sem-categoria"],"_links":{"self":[{"href":"https:\/\/blogdomarcellopatriota.com.br\/blog\/wp-json\/wp\/v2\/posts\/23261","targetHints":{"allow":["GET"]}}],"collection":[{"href":"https:\/\/blogdomarcellopatriota.com.br\/blog\/wp-json\/wp\/v2\/posts"}],"about":[{"href":"https:\/\/blogdomarcellopatriota.com.br\/blog\/wp-json\/wp\/v2\/types\/post"}],"author":[{"embeddable":true,"href":"https:\/\/blogdomarcellopatriota.com.br\/blog\/wp-json\/wp\/v2\/users\/2"}],"replies":[{"embeddable":true,"href":"https:\/\/blogdomarcellopatriota.com.br\/blog\/wp-json\/wp\/v2\/comments?post=23261"}],"version-history":[{"count":3,"href":"https:\/\/blogdomarcellopatriota.com.br\/blog\/wp-json\/wp\/v2\/posts\/23261\/revisions"}],"predecessor-version":[{"id":23264,"href":"https:\/\/blogdomarcellopatriota.com.br\/blog\/wp-json\/wp\/v2\/posts\/23261\/revisions\/23264"}],"wp:attachment":[{"href":"https:\/\/blogdomarcellopatriota.com.br\/blog\/wp-json\/wp\/v2\/media?parent=23261"}],"wp:term":[{"taxonomy":"category","embeddable":true,"href":"https:\/\/blogdomarcellopatriota.com.br\/blog\/wp-json\/wp\/v2\/categories?post=23261"},{"taxonomy":"post_tag","embeddable":true,"href":"https:\/\/blogdomarcellopatriota.com.br\/blog\/wp-json\/wp\/v2\/tags?post=23261"}],"curies":[{"name":"wp","href":"https:\/\/api.w.org\/{rel}","templated":true}]}}