{"id":23266,"date":"2020-01-23T14:53:15","date_gmt":"2020-01-23T17:53:15","guid":{"rendered":"http:\/\/blogdomarcellopatriota.com.br\/blog\/?p=23266"},"modified":"2020-01-23T14:53:15","modified_gmt":"2020-01-23T17:53:15","slug":"anchieta-patriota-tem-audiencia-com-paulo-camara","status":"publish","type":"post","link":"https:\/\/blogdomarcellopatriota.com.br\/blog\/anchieta-patriota-tem-audiencia-com-paulo-camara\/","title":{"rendered":"Anchieta Patriota tem audi\u00eancia com Paulo C\u00e2mara"},"content":{"rendered":"<p><a href=\"https:\/\/i0.wp.com\/nilljunior.com.br\/wp-content\/uploads\/2020\/01\/Anchieta-Paulo-Danilo.jpeg\"><img fetchpriority=\"high\" decoding=\"async\" class=\"alignleft wp-image-167284\" src=\"https:\/\/i0.wp.com\/nilljunior.com.br\/wp-content\/uploads\/2020\/01\/Anchieta-Paulo-Danilo.jpeg?resize=400%2C267\" sizes=\"(max-width: 400px) 100vw, 400px\" srcset=\"https:\/\/i0.wp.com\/nilljunior.com.br\/wp-content\/uploads\/2020\/01\/Anchieta-Paulo-Danilo.jpeg?resize=600%2C400 600w, https:\/\/i0.wp.com\/nilljunior.com.br\/wp-content\/uploads\/2020\/01\/Anchieta-Paulo-Danilo.jpeg?resize=150%2C100 150w, https:\/\/i0.wp.com\/nilljunior.com.br\/wp-content\/uploads\/2020\/01\/Anchieta-Paulo-Danilo.jpeg?resize=300%2C200 300w, https:\/\/i0.wp.com\/nilljunior.com.br\/wp-content\/uploads\/2020\/01\/Anchieta-Paulo-Danilo.jpeg?resize=768%2C512 768w, https:\/\/i0.wp.com\/nilljunior.com.br\/wp-content\/uploads\/2020\/01\/Anchieta-Paulo-Danilo.jpeg?w=1280 1280w\" alt=\"\" width=\"400\" height=\"267\" data-attachment-id=\"167284\" data-permalink=\"http:\/\/nilljunior.com.br\/anchieta-patriota-tem-audiencia-com-paulo-camara\/anchieta-paulo-danilo\/\" data-orig-file=\"https:\/\/i0.wp.com\/nilljunior.com.br\/wp-content\/uploads\/2020\/01\/Anchieta-Paulo-Danilo.jpeg?fit=1280%2C853\" data-orig-size=\"1280,853\" data-comments-opened=\"1\" data-image-meta=\"{&quot;aperture&quot;:&quot;0&quot;,&quot;credit&quot;:&quot;&quot;,&quot;camera&quot;:&quot;&quot;,&quot;caption&quot;:&quot;&quot;,&quot;created_timestamp&quot;:&quot;0&quot;,&quot;copyright&quot;:&quot;&quot;,&quot;focal_length&quot;:&quot;0&quot;,&quot;iso&quot;:&quot;0&quot;,&quot;shutter_speed&quot;:&quot;0&quot;,&quot;title&quot;:&quot;&quot;,&quot;orientation&quot;:&quot;0&quot;}\" data-image-title=\"Anchieta-Paulo-Danilo\" data-image-description=\"\" data-medium-file=\"https:\/\/i0.wp.com\/nilljunior.com.br\/wp-content\/uploads\/2020\/01\/Anchieta-Paulo-Danilo.jpeg?fit=300%2C200\" data-large-file=\"https:\/\/i0.wp.com\/nilljunior.com.br\/wp-content\/uploads\/2020\/01\/Anchieta-Paulo-Danilo.jpeg?fit=600%2C400\" \/><\/a>O prefeito de Carna\u00edba, Anchieta Patriota (PSB) teve audi\u00eancia com o governador Paulo C\u00e2mara essa manh\u00e3 no Pal\u00e1cio do Campo das Princesas. Anchieta, que esteve acompanhado do Deputado Federal Danilo Cabral, disse ao blog que tratou de temas importantes para o munic\u00edpio. Ele destacou o projeto urban\u00edstico do segundo acesso do munic\u00edpio, que faz liga\u00e7\u00e3o com a Escola de M\u00fasica e o P\u00e1tio de Eventos. \u201cApresentamos ao governador o projeto para buscar conveniar com o Estado a execu\u00e7\u00e3o da obra. Ele se mostrou bastante receptivo\u201d, disse o prefeito.<\/p>\n","protected":false},"excerpt":{"rendered":"<p>O prefeito de Carna&iacute;ba, Anchieta Patriota (PSB) teve audi&ecirc;ncia com o governador Paulo C&acirc;mara essa manh&atilde; no Pal&aacute;cio do Campo das Princesas. Anchieta, que esteve acompanhado do Deputado Federal Danilo Cabral, disse ao blog que tratou de temas importantes para o munic&iacute;pio. Ele destacou o projeto urban&iacute;stico do segundo acesso do munic&iacute;pio, que faz liga&ccedil;&atilde;o &#8230; <a title=\"Anchieta Patriota tem audi\u00eancia com Paulo C\u00e2mara\" class=\"read-more\" href=\"https:\/\/blogdomarcellopatriota.com.br\/blog\/anchieta-patriota-tem-audiencia-com-paulo-camara\/\" aria-label=\"Read more about Anchieta Patriota tem audi\u00eancia com Paulo C\u00e2mara\">Ler mais<\/a><\/p>\n","protected":false},"author":2,"featured_media":0,"comment_status":"open","ping_status":"open","sticky":false,"template":"","format":"standard","meta":{"footnotes":""},"categories":[1],"tags":[],"class_list":["post-23266","post","type-post","status-publish","format-standard","hentry","category-sem-categoria"],"_links":{"self":[{"href":"https:\/\/blogdomarcellopatriota.com.br\/blog\/wp-json\/wp\/v2\/posts\/23266","targetHints":{"allow":["GET"]}}],"collection":[{"href":"https:\/\/blogdomarcellopatriota.com.br\/blog\/wp-json\/wp\/v2\/posts"}],"about":[{"href":"https:\/\/blogdomarcellopatriota.com.br\/blog\/wp-json\/wp\/v2\/types\/post"}],"author":[{"embeddable":true,"href":"https:\/\/blogdomarcellopatriota.com.br\/blog\/wp-json\/wp\/v2\/users\/2"}],"replies":[{"embeddable":true,"href":"https:\/\/blogdomarcellopatriota.com.br\/blog\/wp-json\/wp\/v2\/comments?post=23266"}],"version-history":[{"count":1,"href":"https:\/\/blogdomarcellopatriota.com.br\/blog\/wp-json\/wp\/v2\/posts\/23266\/revisions"}],"predecessor-version":[{"id":23267,"href":"https:\/\/blogdomarcellopatriota.com.br\/blog\/wp-json\/wp\/v2\/posts\/23266\/revisions\/23267"}],"wp:attachment":[{"href":"https:\/\/blogdomarcellopatriota.com.br\/blog\/wp-json\/wp\/v2\/media?parent=23266"}],"wp:term":[{"taxonomy":"category","embeddable":true,"href":"https:\/\/blogdomarcellopatriota.com.br\/blog\/wp-json\/wp\/v2\/categories?post=23266"},{"taxonomy":"post_tag","embeddable":true,"href":"https:\/\/blogdomarcellopatriota.com.br\/blog\/wp-json\/wp\/v2\/tags?post=23266"}],"curies":[{"name":"wp","href":"https:\/\/api.w.org\/{rel}","templated":true}]}}