{"id":23268,"date":"2020-01-25T09:09:10","date_gmt":"2020-01-25T12:09:10","guid":{"rendered":"http:\/\/blogdomarcellopatriota.com.br\/blog\/?p=23268"},"modified":"2020-01-25T10:21:21","modified_gmt":"2020-01-25T13:21:21","slug":"a-sucessao-municipal-em-sao-jose-do-egito-itapetim-tuparetama-e-brejinho","status":"publish","type":"post","link":"https:\/\/blogdomarcellopatriota.com.br\/blog\/a-sucessao-municipal-em-sao-jose-do-egito-itapetim-tuparetama-e-brejinho\/","title":{"rendered":"A sucess\u00e3o municipal em SJEgito, Itapetim, Tuparetama, Brejinho Ingazeira e St\u00aa Terezinha."},"content":{"rendered":"<p><a href=\"https:\/\/i2.wp.com\/nilljunior.com.br\/wp-content\/uploads\/2020\/01\/charge-corrida-eleitoral.jpg\"><img fetchpriority=\"high\" decoding=\"async\" class=\"alignleft wp-image-167311\" src=\"https:\/\/i2.wp.com\/nilljunior.com.br\/wp-content\/uploads\/2020\/01\/charge-corrida-eleitoral-600x360.jpg?resize=400%2C240\" sizes=\"(max-width: 400px) 100vw, 400px\" srcset=\"https:\/\/i2.wp.com\/nilljunior.com.br\/wp-content\/uploads\/2020\/01\/charge-corrida-eleitoral.jpg?resize=600%2C360 600w, https:\/\/i2.wp.com\/nilljunior.com.br\/wp-content\/uploads\/2020\/01\/charge-corrida-eleitoral.jpg?resize=300%2C180 300w, https:\/\/i2.wp.com\/nilljunior.com.br\/wp-content\/uploads\/2020\/01\/charge-corrida-eleitoral.jpg?resize=768%2C460 768w, https:\/\/i2.wp.com\/nilljunior.com.br\/wp-content\/uploads\/2020\/01\/charge-corrida-eleitoral.jpg?w=1200 1200w\" alt=\"\" width=\"400\" height=\"240\" data-attachment-id=\"167311\" data-permalink=\"http:\/\/nilljunior.com.br\/a-sucessao-municipal-em-sao-jose-do-egito-itapetim-tuparetama-e-brejinho\/charge-corrida-eleitoral\/\" data-orig-file=\"https:\/\/i2.wp.com\/nilljunior.com.br\/wp-content\/uploads\/2020\/01\/charge-corrida-eleitoral.jpg?fit=1200%2C719\" data-orig-size=\"1200,719\" data-comments-opened=\"1\" data-image-meta=\"{&quot;aperture&quot;:&quot;0&quot;,&quot;credit&quot;:&quot;&quot;,&quot;camera&quot;:&quot;&quot;,&quot;caption&quot;:&quot;&quot;,&quot;created_timestamp&quot;:&quot;0&quot;,&quot;copyright&quot;:&quot;&quot;,&quot;focal_length&quot;:&quot;0&quot;,&quot;iso&quot;:&quot;0&quot;,&quot;shutter_speed&quot;:&quot;0&quot;,&quot;title&quot;:&quot;&quot;,&quot;orientation&quot;:&quot;1&quot;}\" data-image-title=\"charge-corrida-eleitoral\" data-image-description=\"\" data-medium-file=\"https:\/\/i2.wp.com\/nilljunior.com.br\/wp-content\/uploads\/2020\/01\/charge-corrida-eleitoral.jpg?fit=300%2C180\" data-large-file=\"https:\/\/i2.wp.com\/nilljunior.com.br\/wp-content\/uploads\/2020\/01\/charge-corrida-eleitoral.jpg?fit=600%2C360\" \/><\/a>O ano eleitoral de 2020 for\u00e7a o aumento da press\u00e3o pol\u00edtica em todos os munic\u00edpios do sert\u00e3o do Paje\u00fa. Na \u00e1rea do alto Paje\u00fa os desdobramentos s\u00e3o os mais diversos. Conhecedor da pol\u00edtica da regi\u00e3o o blogueiro rep\u00f3rter <strong>Marcello Patriota<\/strong> resumiu a situa\u00e7\u00e3o de algumas cidades para o Programa Cidade Alerta da R\u00e1dio Cidade FM de Tabira.<\/p>\n<p>Maior cidade do alto Paje\u00fa,\u00a0<strong>S\u00e3o Jos\u00e9 do Egito<\/strong>\u00a0tem quadro definido na situa\u00e7\u00e3o com o Prefeito Evandro Valadares (PSB) confirmado para a reelei\u00e7\u00e3o repetindo a chapa com o vice Ecl\u00e9riston Ramos. A oposi\u00e7\u00e3o bate cabe\u00e7a entre os nomes do vereador Rona Leite (PT), Rom\u00e9rio Guimar\u00e3es (que est\u00e1 trocando o PT pelo PP) e Jos\u00e9 Marcos de Lima (AVANTE).<\/p>\n<p>Em\u00a0<strong>Itapetim\u00a0<\/strong>o Prefeito bem avaliado Adelmo Moura (PSB) trocar\u00e1 o vice e os nomes cotados s\u00e3o o ex-prefeito Arquimedes Machado, os vereadores Junior de Di\u00f3genes e Jord\u00e2nia Siqueira e a secret\u00e1ria de Sa\u00fade Jussara Ara\u00fajo.Do outro lado dividem a prefer\u00eancia Anderson Lopes, Olavo Batista e pedindo passagem o\u00a0 vereador Silvano Salvador.<\/p>\n<p>Em\u00a0<strong>Tuparetama<\/strong> \u00a0A oposi\u00e7\u00e3o tem dois nomes. O ex-prefeito Deva Pessoa (PSD) \u00a0se coloca como pr\u00e9-candidato, ao mesmo tempo em que o vereador e presidente da C\u00e2mara Municipal, Danilo Augusto (PDT) est\u00e1 com o mesmo objetivo. Pela situa\u00e7\u00e3o, o prefeito S\u00e1vio Torres (PTB) vem administrativamente bem avaliado pela popula\u00e7\u00e3o. S\u00e1vio vai para a reelei\u00e7\u00e3o, s\u00f3 n\u00e3o sabe quem ser\u00e1 seu vice. Se o atual vice Tanta Sales ou se vai de Di\u00f3genes Patriota, que em pesquisas internas \u00e9 o nome mais forte, Di\u00f3genes filho do Ex.Prefeito Vitalino Patriota pode ser o fiel da balan\u00e7a. Os nomes cotados na vice de Deva; s\u00e3o o vereador Danilo Augusto, o ex-vereador Joel Gomes ou algu\u00e9m que represente a fam\u00edlia Perazzo. &#8216;Detalhe&#8217;: S\u00e1vio e D\u00eava enfrentam problemas com a justi\u00e7a.<\/p>\n<p>Em\u00a0<strong>Brejinho<\/strong>\u00a0a prefeita T\u00e2nia Maria n\u00e3o disputa a reelei\u00e7\u00e3o e apoiar\u00e1 o ex-prefeito Jos\u00e9 Wanderley que ganhou o apoio da fam\u00edlia do ex-prefeito Chico Dudu, advers\u00e1rio hist\u00f3rico. A vice de Wanderley poder\u00e1 ser ocupada pela secret\u00e1ria municipal Elizangela Lucena. Na oposi\u00e7\u00e3o os nome mais\u00a0 citados como mais fortes s\u00e3o Gilson Bento (Gilsomar).<\/p>\n<p><em><strong>INGAZEIRA \u2013<\/strong><\/em>O prefeito Lino Morais (PSB) n\u00e3o ir\u00e1 concorrer \u00e0 reelei\u00e7\u00e3o. Apesar de est\u00e1 desempenhando bem a sua fun\u00e7\u00e3o e com uma gest\u00e3o satisfat\u00f3ria, com pagamento em dia e algumas a\u00e7\u00f5es realizadas, Lino j\u00e1 declarou que ir\u00e1 apoiar o ex-prefeito Luciano Torres (PSB), de quem recebeu o bast\u00e3o em janeiro de 2017. Pela oposi\u00e7\u00e3o, M\u00e1rio Viana (MDB) pode vir novamente a disputar o peito. O emedebista deixou claro que poder\u00e1 apoiar qualquer outro nome no grupo, desde que apare\u00e7a igual ou melhor do que ele nas pesquisas de inten\u00e7\u00e3o de voto. Na via intermedi\u00e1ria (independente), o professor Orisvaldo j\u00e1 lan\u00e7ou sua pr\u00e9-candidatura.<\/p>\n<p><strong>ST\u00aa TEREZINHA \u2013<\/strong>\u00a0Cen\u00e1rio parecido com Solid\u00e3o, onde o ex-prefeito Delson Lustosa poder\u00e1 disputar a prefeitura contra o atual prefeito Vaninho de Danda (Avante) a quem passou o bast\u00e3o em 2017. Vaninho foi o candidato da sucess\u00e3o de Delson, (Em cima da hora), mas ap\u00f3s assumir a prefeitura acabou rompendo os la\u00e7os pol\u00edticos com o antecessor. Agora os dois poder\u00e1 se enfrentar nas urnas, a menos que Delson indique seu filho para o embate. Nos bastidores se fala numa terceira via que est\u00e1 sendo constru\u00edda pelo ex vice-prefeito Dada de Aderval (PSB). Vaninho est\u00e1 otimista, conseguindo colocar as contas em dia, pagando sal\u00e1rios , 13\u00ba obras e a\u00e7\u00f5es no munic\u00edpio, Vaninho em contato com o blog disse que foi um dif\u00edcil, dificuldades financeiras, perda do Pai, mas est\u00e1 otimista para 2020.<\/p>\n<p><em>As informa\u00e7\u00f5es s\u00e3o de Anchieta Santos para o blog.<\/em><\/p>\n","protected":false},"excerpt":{"rendered":"<p>O ano eleitoral de 2020 for&ccedil;a o aumento da press&atilde;o pol&iacute;tica em todos os munic&iacute;pios do sert&atilde;o do Paje&uacute;. Na &aacute;rea do alto Paje&uacute; os desdobramentos s&atilde;o os mais diversos. Conhecedor da pol&iacute;tica da regi&atilde;o o blogueiro rep&oacute;rter Marcello Patriota resumiu a situa&ccedil;&atilde;o de algumas cidades para o Programa Cidade Alerta da R&aacute;dio Cidade FM &#8230; <a title=\"A sucess\u00e3o municipal em SJEgito, Itapetim, Tuparetama, Brejinho Ingazeira e St\u00aa Terezinha.\" class=\"read-more\" href=\"https:\/\/blogdomarcellopatriota.com.br\/blog\/a-sucessao-municipal-em-sao-jose-do-egito-itapetim-tuparetama-e-brejinho\/\" aria-label=\"Read more about A sucess\u00e3o municipal em SJEgito, Itapetim, Tuparetama, Brejinho Ingazeira e St\u00aa Terezinha.\">Ler mais<\/a><\/p>\n","protected":false},"author":2,"featured_media":0,"comment_status":"open","ping_status":"open","sticky":false,"template":"","format":"standard","meta":{"footnotes":""},"categories":[1],"tags":[],"class_list":["post-23268","post","type-post","status-publish","format-standard","hentry","category-sem-categoria"],"_links":{"self":[{"href":"https:\/\/blogdomarcellopatriota.com.br\/blog\/wp-json\/wp\/v2\/posts\/23268","targetHints":{"allow":["GET"]}}],"collection":[{"href":"https:\/\/blogdomarcellopatriota.com.br\/blog\/wp-json\/wp\/v2\/posts"}],"about":[{"href":"https:\/\/blogdomarcellopatriota.com.br\/blog\/wp-json\/wp\/v2\/types\/post"}],"author":[{"embeddable":true,"href":"https:\/\/blogdomarcellopatriota.com.br\/blog\/wp-json\/wp\/v2\/users\/2"}],"replies":[{"embeddable":true,"href":"https:\/\/blogdomarcellopatriota.com.br\/blog\/wp-json\/wp\/v2\/comments?post=23268"}],"version-history":[{"count":11,"href":"https:\/\/blogdomarcellopatriota.com.br\/blog\/wp-json\/wp\/v2\/posts\/23268\/revisions"}],"predecessor-version":[{"id":23286,"href":"https:\/\/blogdomarcellopatriota.com.br\/blog\/wp-json\/wp\/v2\/posts\/23268\/revisions\/23286"}],"wp:attachment":[{"href":"https:\/\/blogdomarcellopatriota.com.br\/blog\/wp-json\/wp\/v2\/media?parent=23268"}],"wp:term":[{"taxonomy":"category","embeddable":true,"href":"https:\/\/blogdomarcellopatriota.com.br\/blog\/wp-json\/wp\/v2\/categories?post=23268"},{"taxonomy":"post_tag","embeddable":true,"href":"https:\/\/blogdomarcellopatriota.com.br\/blog\/wp-json\/wp\/v2\/tags?post=23268"}],"curies":[{"name":"wp","href":"https:\/\/api.w.org\/{rel}","templated":true}]}}