{"id":23290,"date":"2020-01-22T10:30:36","date_gmt":"2020-01-22T13:30:36","guid":{"rendered":"http:\/\/blogdomarcellopatriota.com.br\/blog\/?p=23290"},"modified":"2020-01-26T22:30:29","modified_gmt":"2020-01-27T01:30:29","slug":"itapetim-xviii-festival-de-poetas-repentistas","status":"publish","type":"post","link":"https:\/\/blogdomarcellopatriota.com.br\/blog\/itapetim-xviii-festival-de-poetas-repentistas\/","title":{"rendered":"ITAPETIM  |  XVIII Festival de Poetas Repentistas"},"content":{"rendered":"<p><img fetchpriority=\"high\" decoding=\"async\" class=\"alignleft\" src=\"https:\/\/scontent.fcpv6-1.fna.fbcdn.net\/v\/t1.0-9\/83996542_855051268268653_6528084225285947392_n.jpg?_nc_cat=103&amp;_nc_oc=AQnI4xEn-XUsU-qyjz5y1RU-K7_V-scZPCO0-wNsTvL7OQI5zhi36QFCk5I64cku35I&amp;_nc_pt=1&amp;_nc_ht=scontent.fcpv6-1.fna&amp;oh=62d067de9cf0ac5adb3ded4b99eebf63&amp;oe=5E9ABDD5\" alt=\"Nenhuma descri\u00e7\u00e3o de foto dispon\u00edvel.\" width=\"339\" height=\"422\" \/><span id=\"fbPhotoSnowliftCaption\" class=\"fbPhotosPhotoCaption\" tabindex=\"0\" aria-live=\"polite\" data-ft=\"{&quot;tn&quot;:&quot;K&quot;}\"><span class=\"hasCaption\">A Secretaria de Cultura est\u00e1 realizando nessa s\u00e1bado(25) o XVIII Festival de Poetas Repentistas de Itapetim. Ser\u00e1 em Pra\u00e7a P\u00fablica, \u00e0s 8 da noite.<\/span><\/span><\/p>\n<p>O evento vai contar com a abertura de Afonso Pequeno e Erivaldo Ferreira, al\u00e9m da participa\u00e7\u00e3o de Neto Laurindo e In\u00e1cio Augusto.<\/p>\n<p>As duplas participantes ser\u00e3o Fernando Em\u00eddio e Val Pimenta, Marcos Freitas e Marcos Nicandro, Lourival Batista e Ant\u00f4nio Batista, Ponto Paz e Geni Amorim.<\/p>\n<p>Esta \u00e9 mais uma a\u00e7\u00e3o de valoriza\u00e7\u00e3o da cultura local e tenho muito orgulho de trabalhar com uma equipe que faz tanto pelos nossos artistas.<span id=\"fbPhotoSnowliftTagList\" class=\"fbPhotoTagList\"><span class=\"fcg\">\u00a0<\/span><\/span><\/p>\n","protected":false},"excerpt":{"rendered":"<p>A Secretaria de Cultura est&aacute; realizando nessa s&aacute;bado(25) o XVIII Festival de Poetas Repentistas de Itapetim. Ser&aacute; em Pra&ccedil;a P&uacute;blica, &agrave;s 8 da noite. O evento vai contar com a abertura de Afonso Pequeno e Erivaldo Ferreira, al&eacute;m da participa&ccedil;&atilde;o de Neto Laurindo e In&aacute;cio Augusto. As duplas participantes ser&atilde;o Fernando Em&iacute;dio e Val Pimenta, &#8230; <a title=\"ITAPETIM  |  XVIII Festival de Poetas Repentistas\" class=\"read-more\" href=\"https:\/\/blogdomarcellopatriota.com.br\/blog\/itapetim-xviii-festival-de-poetas-repentistas\/\" aria-label=\"Read more about ITAPETIM  |  XVIII Festival de Poetas Repentistas\">Ler mais<\/a><\/p>\n","protected":false},"author":2,"featured_media":0,"comment_status":"open","ping_status":"open","sticky":false,"template":"","format":"standard","meta":{"footnotes":""},"categories":[1],"tags":[],"class_list":["post-23290","post","type-post","status-publish","format-standard","hentry","category-sem-categoria"],"_links":{"self":[{"href":"https:\/\/blogdomarcellopatriota.com.br\/blog\/wp-json\/wp\/v2\/posts\/23290","targetHints":{"allow":["GET"]}}],"collection":[{"href":"https:\/\/blogdomarcellopatriota.com.br\/blog\/wp-json\/wp\/v2\/posts"}],"about":[{"href":"https:\/\/blogdomarcellopatriota.com.br\/blog\/wp-json\/wp\/v2\/types\/post"}],"author":[{"embeddable":true,"href":"https:\/\/blogdomarcellopatriota.com.br\/blog\/wp-json\/wp\/v2\/users\/2"}],"replies":[{"embeddable":true,"href":"https:\/\/blogdomarcellopatriota.com.br\/blog\/wp-json\/wp\/v2\/comments?post=23290"}],"version-history":[{"count":4,"href":"https:\/\/blogdomarcellopatriota.com.br\/blog\/wp-json\/wp\/v2\/posts\/23290\/revisions"}],"predecessor-version":[{"id":23311,"href":"https:\/\/blogdomarcellopatriota.com.br\/blog\/wp-json\/wp\/v2\/posts\/23290\/revisions\/23311"}],"wp:attachment":[{"href":"https:\/\/blogdomarcellopatriota.com.br\/blog\/wp-json\/wp\/v2\/media?parent=23290"}],"wp:term":[{"taxonomy":"category","embeddable":true,"href":"https:\/\/blogdomarcellopatriota.com.br\/blog\/wp-json\/wp\/v2\/categories?post=23290"},{"taxonomy":"post_tag","embeddable":true,"href":"https:\/\/blogdomarcellopatriota.com.br\/blog\/wp-json\/wp\/v2\/tags?post=23290"}],"curies":[{"name":"wp","href":"https:\/\/api.w.org\/{rel}","templated":true}]}}