{"id":23293,"date":"2020-01-25T10:26:25","date_gmt":"2020-01-25T13:26:25","guid":{"rendered":"http:\/\/blogdomarcellopatriota.com.br\/blog\/?p=23293"},"modified":"2020-01-25T10:26:51","modified_gmt":"2020-01-25T13:26:51","slug":"tragedia-casal-itapetinense-a-filha-e-o-genro-morrem-em-grave-acidente-na-ba","status":"publish","type":"post","link":"https:\/\/blogdomarcellopatriota.com.br\/blog\/tragedia-casal-itapetinense-a-filha-e-o-genro-morrem-em-grave-acidente-na-ba\/","title":{"rendered":"TRAG\u00c9DIA | 4 mortos: Casal itapetinense, a filha e o genro morrem em grave acidente na BA"},"content":{"rendered":"<figure style=\"width: 385px\" class=\"wp-caption alignleft\"><img fetchpriority=\"high\" decoding=\"async\" src=\"https:\/\/scontent.fcpv6-1.fna.fbcdn.net\/v\/t1.0-9\/83320493_2574088972714216_7817703290405126144_n.jpg?_nc_cat=109&amp;_nc_oc=AQnFwWzwtuYQy-dcdmKnpqHjVmFu_Mtvg-8yKmPvJDpMttpl1O_DLytwycyNhKT7VL8&amp;_nc_pt=1&amp;_nc_ht=scontent.fcpv6-1.fna&amp;oh=66713e0349ed49c4ebe864533ecf9f57&amp;oe=5ECF83BA\" alt=\"A imagem pode conter: 3 pessoas, pessoas sorrindo\" width=\"395\" height=\"222\" \/><figcaption class=\"wp-caption-text\">(Pai , m\u00e3e e filha)<\/figcaption><\/figure>\n<p><strong>Por\u00a0<em>Rep\u00f3rter do Sert\u00e3o\\ Blog Marcello Patriota; com informa\u00e7\u00f5es do G1 BA<\/em><\/strong><\/p>\n<p>Quatro pessoas morreram ap\u00f3s um acidente, por volta das 4h desta sexta-feira (24), na BR-116, no trecho da cidade de C\u00e2ndido Sales, no sudoeste da Bahia.<\/p>\n<p>Segundo informa\u00e7\u00f5es um casal e a filha do casal, todos naturais de Itapetim est\u00e3o entre as v\u00edtimas fatais da colis\u00e3o envolvendo um caminh\u00e3o e um carro de passeio. A outra v\u00edtima seria o genro do casal natural de S\u00e3o Paulo.<\/p>\n<figure style=\"width: 213px\" class=\"wp-caption alignright\"><img decoding=\"async\" src=\"https:\/\/scontent.fcpv6-1.fna.fbcdn.net\/v\/t1.0-9\/82765079_2574088979380882_5060263054340521984_n.jpg?_nc_cat=109&amp;_nc_oc=AQmQfHsPKla5_HQmaNw-83KMEZf-gKmthJ-qNgtIMKbbp1tovGOwliv0KotjlzVUyJU&amp;_nc_pt=1&amp;_nc_ht=scontent.fcpv6-1.fna&amp;oh=8b48f4a923250cee90967df71ad76ede&amp;oe=5E9B633F\" alt=\"A imagem pode conter: 2 pessoas, \u00f3culos de sol, atividades ao ar livre e close-up\" width=\"223\" height=\"264\" \/><figcaption class=\"wp-caption-text\">(Filha e o genro do casal mortos)<\/figcaption><\/figure>\n<p>De acordo com a Pol\u00edcia Rodovi\u00e1ria Federal (PRF), o caminh\u00e3o invadiu a contram\u00e3o e atingiu o carro de passeio de frente. Inicialmente, a PRF informou que havia tr\u00eas mortos, mas ap\u00f3s a retirada do carro, a quarta v\u00edtima achada debaixo do ve\u00edculo.<\/p>\n<p data-track-category=\"Link no Texto\" data-track-links=\"\">As quatro v\u00edtimas de idades n\u00e3o divulgadas estavam no carro, que com o impacto da batida, ficou destru\u00eddo. Elas morreram no local. O ve\u00edculo foi parar no acostamento da rodovia e os objetos das v\u00edtimas ficaram espalhados no local.<\/p>\n<p>O casal que morava em Suzano-SP foi identificado apenas como Gilvan e Aparecida. O homem \u00e9 filho de \u201cSeu Geraldo\u201d e \u201cDona Regina\u201d moradores do bairro Santo Ant\u00f4nio em Itapetim. A filha foi identificada como Val\u00e9ria e o genro identificado como Rodrigo.Segundo a PRF, no caminh\u00e3o tamb\u00e9m seguiam tr\u00eas pessoas. Elas tiveram ferimentos leves e foram socorridas para o hospital de C\u00e2ndido Sales.<\/p>\n<p><img decoding=\"async\" class=\"\" src=\"https:\/\/reporterdosertao.com\/wp-content\/uploads\/2020\/01\/whatsapp-image-2020-01-24-at-08.00.09.jpeg\" width=\"325\" height=\"244\" \/><img loading=\"lazy\" decoding=\"async\" class=\"\" src=\"https:\/\/reporterdosertao.com\/wp-content\/uploads\/2020\/01\/whatsapp-image-2020-01-24-at-08.00.13-1.jpeg\" width=\"329\" height=\"247\" \/><\/p>\n<p>O caminh\u00e3o tamb\u00e9m foi parar em uma \u00e1rea de vegeta\u00e7\u00e3o ap\u00f3s a batida. Agentes da PRF foram encaminhadas ao local para atender a ocorr\u00eancia e monitorar o tr\u00e2nsito. Ainda de acordo com informa\u00e7\u00f5es, a fam\u00edlia viajava de Suzano para Itapetim. Os corpos devem ser velados e sepultados na cidade paulista, conforme informou um amigo das v\u00edtimas.<\/p>\n<p>&nbsp;<\/p>\n<p>&nbsp;<\/p>\n","protected":false},"excerpt":{"rendered":"<p>Por&nbsp;Rep&oacute;rter do Sert&atilde;o\\ Blog Marcello Patriota; com informa&ccedil;&otilde;es do G1 BA Quatro pessoas morreram ap&oacute;s um acidente, por volta das 4h desta sexta-feira (24), na BR-116, no trecho da cidade de C&acirc;ndido Sales, no sudoeste da Bahia. Segundo informa&ccedil;&otilde;es um casal e a filha do casal, todos naturais de Itapetim est&atilde;o entre as v&iacute;timas fatais &#8230; <a title=\"TRAG\u00c9DIA | 4 mortos: Casal itapetinense, a filha e o genro morrem em grave acidente na BA\" class=\"read-more\" href=\"https:\/\/blogdomarcellopatriota.com.br\/blog\/tragedia-casal-itapetinense-a-filha-e-o-genro-morrem-em-grave-acidente-na-ba\/\" aria-label=\"Read more about TRAG\u00c9DIA | 4 mortos: Casal itapetinense, a filha e o genro morrem em grave acidente na BA\">Ler mais<\/a><\/p>\n","protected":false},"author":2,"featured_media":0,"comment_status":"open","ping_status":"open","sticky":false,"template":"","format":"standard","meta":{"footnotes":""},"categories":[1],"tags":[],"class_list":["post-23293","post","type-post","status-publish","format-standard","hentry","category-sem-categoria"],"_links":{"self":[{"href":"https:\/\/blogdomarcellopatriota.com.br\/blog\/wp-json\/wp\/v2\/posts\/23293","targetHints":{"allow":["GET"]}}],"collection":[{"href":"https:\/\/blogdomarcellopatriota.com.br\/blog\/wp-json\/wp\/v2\/posts"}],"about":[{"href":"https:\/\/blogdomarcellopatriota.com.br\/blog\/wp-json\/wp\/v2\/types\/post"}],"author":[{"embeddable":true,"href":"https:\/\/blogdomarcellopatriota.com.br\/blog\/wp-json\/wp\/v2\/users\/2"}],"replies":[{"embeddable":true,"href":"https:\/\/blogdomarcellopatriota.com.br\/blog\/wp-json\/wp\/v2\/comments?post=23293"}],"version-history":[{"count":7,"href":"https:\/\/blogdomarcellopatriota.com.br\/blog\/wp-json\/wp\/v2\/posts\/23293\/revisions"}],"predecessor-version":[{"id":23295,"href":"https:\/\/blogdomarcellopatriota.com.br\/blog\/wp-json\/wp\/v2\/posts\/23293\/revisions\/23295"}],"wp:attachment":[{"href":"https:\/\/blogdomarcellopatriota.com.br\/blog\/wp-json\/wp\/v2\/media?parent=23293"}],"wp:term":[{"taxonomy":"category","embeddable":true,"href":"https:\/\/blogdomarcellopatriota.com.br\/blog\/wp-json\/wp\/v2\/categories?post=23293"},{"taxonomy":"post_tag","embeddable":true,"href":"https:\/\/blogdomarcellopatriota.com.br\/blog\/wp-json\/wp\/v2\/tags?post=23293"}],"curies":[{"name":"wp","href":"https:\/\/api.w.org\/{rel}","templated":true}]}}