{"id":23301,"date":"2020-01-25T01:11:52","date_gmt":"2020-01-25T04:11:52","guid":{"rendered":"http:\/\/blogdomarcellopatriota.com.br\/blog\/?p=23301"},"modified":"2020-01-25T10:30:12","modified_gmt":"2020-01-25T13:30:12","slug":"giro-pelos-blogs25-01-2020","status":"publish","type":"post","link":"https:\/\/blogdomarcellopatriota.com.br\/blog\/giro-pelos-blogs25-01-2020\/","title":{"rendered":"**************Giro pelos Blog&#8217;S====(25.01.2020)*******"},"content":{"rendered":"<p class=\"blog-post-meta\"><span style=\"font-size: 24pt;\">\u00a0por Magno Martins\u00a0<\/span><\/p>\n<p><strong>Nova Sudene cuida at\u00e9 de seguran\u00e7a<\/strong><\/p>\n<p>H\u00e1 tempo num esvaziamento que parecia n\u00e3o ter fim, a velha e surrada Superintend\u00eancia de Desenvolvimento do Nordeste (Sudene) deixou de ser um elefante branco, saiu da UTI como doente terminal e, aos poucos, d\u00e1 sinais de vitalidade. Qualquer gest\u00e3o p\u00fablica depende exclusivamente de quem est\u00e1 no seu comando e, principalmente, de decis\u00f5es pol\u00edticas.<\/p>\n<p>Lembro que quando o ex-governador Eduardo Campos (PSB) assumiu o Minist\u00e9rio da Ci\u00eancia e Tecnologia ningu\u00e9m imaginava, naquela ocasi\u00e3o, que pudesse fazer do lim\u00e3o uma limonada. Inquieto e criativo, especialmente fortalecido pelo apoio integral do ex-presidente Lula, Eduardo aproveitou a ent\u00e3o esvaziada pasta que recebeu e a transformou num instrumento poderoso, manifestando ao Pa\u00eds a sua faceta de bom gestor.<\/p>\n<p>Cen\u00e1rio semelhante se observa com o empres\u00e1rio caruaruense Douglas Cintra, ex-senador por dois anos, per\u00edodo em que Armando Monteiro Neto, de quem era suplente, assumiu o Minist\u00e9rio do Desenvolvimento Econ\u00f4mico no segundo mandato de Lula. H\u00e1bil investidor privado, Cintra ganhou no Senado a experi\u00eancia pol\u00edtica que lhe faltava, fez um bom mandato e agora empresta o seu talento \u00e0 Sudene.<\/p>\n<p>Em menos de 30 dias \u00e0 frente da empresa que cuidou a vida inteira do planejamento e desenvolvimento do Nordeste, Cintra fez do seu gabinete o mais concorrido espa\u00e7o para empres\u00e1rios, pol\u00edticos e gestores p\u00fablicos ansiosos em fomentar programas, abrir linhas de cr\u00e9dito e tirar do papel projetos arrojados e inovadores. Sua mais recente a\u00e7\u00e3o foi estender, quinta-feira passada, a m\u00e3o aos grandes e pequenos centros urbanos de olho na redu\u00e7\u00e3o da viol\u00eancia urbana.<\/p>\n<p>Criou o Conseg, o primeiro cons\u00f3rcio voltado para o combate \u00e0 viol\u00eancia, j\u00e1 em fase de apresenta\u00e7\u00e3o a governadores, prefeitos de capitais e de munic\u00edpios com popula\u00e7\u00e3o acima de 200 mil habitantes. Para o seu start, trouxe ao Recife o ministro da Cidadania, Osmar Terra, e o secret\u00e1rio nacional de Seguran\u00e7a P\u00fablica, general Guilherme Theophilo, al\u00e9m do secret\u00e1rio-executivo de gest\u00e3o do cons\u00f3rcio, Silvio Barbosa de Miranda.<\/p>\n<p>\u201cPela primeira vez a Sudene cria e oferece uma ferramenta de integra\u00e7\u00e3o de integra\u00e7\u00e3o das pol\u00edticas p\u00fablicas de seguran\u00e7a e defesa social\u201d, diz o ministro Terra, adiantando que o objetivo \u00e9 estimular a participa\u00e7\u00e3o federal em a\u00e7\u00f5es do cons\u00f3rcio para preven\u00e7\u00e3o \u00e0 viol\u00eancia e investimentos na melhoria das condi\u00e7\u00f5es de trabalho das guardas municipais.<\/p>\n<p><strong>Cen\u00e1rio de polariza\u00e7\u00e3o \u2013\u00a0<\/strong>Os partidos de oposi\u00e7\u00e3o a Geraldo J\u00falio no Recife est\u00e3o numa grande torcida para o PT avalizar a candidatura de Mar\u00edlia Arraes na reuni\u00e3o da executiva nacional petista em S\u00e3o Paulo, pr\u00f3xima ter\u00e7a-feira. Tudo porque a confirma\u00e7\u00e3o do PT clareia o cen\u00e1rio de uma poss\u00edvel polariza\u00e7\u00e3o entre PT, com a pr\u00f3pria Mar\u00edlia, e PSB, com a candidatura de Jo\u00e3o Campos. O enfrentamento PT x PSB \u00e9 ruim, principalmente, para a delegada Patr\u00edcia Domingos, ainda sem partido, cobi\u00e7ada por algumas legendas, porque esvazia o seu bal\u00e3o.<\/p>\n<p><strong>A gleba de Humberto \u2013<\/strong>\u00a0Mas poucos aliados, entretanto, apostam numa posi\u00e7\u00e3o favor\u00e1vel para candidatura pr\u00f3pria do PT no Recife. O fator contr\u00e1rio mais preponderante \u00e9 o latif\u00fandio de cargos que o senador Humberto Costa det\u00e9m nos governos C\u00e2mara e Geraldo. Por isso, tem afiado a goela no discurso de manuten\u00e7\u00e3o pela alian\u00e7a com o PSB. Sem espa\u00e7o no Governo Federal desde que Dilma foi afastada, Humberto alega que n\u00e3o tem aonde abrigar tanta gente que passar\u00e1 a acessar os sites de classificados em busca de emprego.<\/p>\n<p><strong>Olho em Olinda \u2013<\/strong>\u00a0O presidente do Solidariedade em Pernambuco, Augusto Coutinho, nega que a decis\u00e3o do partido em n\u00e3o apoiar uma candidatura pr\u00f3pria a prefeito do Recife esteja condicionada a reelei\u00e7\u00e3o do seu filho vereador na capital. Ressalta que a prioridade \u00e9 a reelei\u00e7\u00e3o do prefeito de Olinda, Professor Lup\u00e9rcio. Quanto \u00e0 candidatura de Alberto Feitosa a prefeito do Recife, Guga, como \u00e9 mais conhecido, afirma que n\u00e3o est\u00e1 na pauta da legenda.<\/p>\n<p><strong>Alian\u00e7a \u2013\u00a0<\/strong>Os bolsonaristas querem transformar o evento de apoiamento \u00e0 cria\u00e7\u00e3o da Alian\u00e7a pelo Brasil, no pr\u00f3ximo s\u00e1bado, no Centro de Conven\u00e7\u00f5es, no maior do Nordeste, mas sem a presen\u00e7a do presidente da Rep\u00fablica. \u201cOs apoiadores t\u00eam que comparecer munidos do t\u00edtulo de eleitor e documento com foto autenticado\u201d, adianta o Coronel Meira, coordenador geral do Alian\u00e7a pelo Brasil no Estado. O evento contar\u00e1 com lideran\u00e7as nacionais pr\u00f3ximas a Bolsonaro, como o presidente da Embratur, Gilson Neto.<\/p>\n<p><strong>CURTAS<\/strong><\/p>\n<p><strong>\u00c1GUA E SANEAMENTO \u2013<\/strong>\u00a0O governador Paulo C\u00e2mara entregou o novo sistema de tratamento de \u00e1gua de Garanhuns para levar at\u00e9 Jucati, no Agreste Meridional. S\u00e3o 31 km de tubos a um custo de R$ 6 milh\u00f5es, beneficiando mais de 15 mil habitantes em Neves, distrito de Jucati, e no povoado de S\u00e3o Pedro, em Garanhuns. Em Caruaru, C\u00e2mara assinou a ordem de servi\u00e7o para o sistema de esgotamento sanit\u00e1rio, totalizando R$ 3 bilh\u00f5es. Trar\u00e1 benef\u00edcios a 90 mil habitantes, 30% da popula\u00e7\u00e3o urbana da capital do forr\u00f3.<\/p>\n<p><strong>MALASOMBRO SERTANEJO \u2013<\/strong>\u00a0Empurrado pelos pais \u2013 a deputada Roberta Arraes e o ex-prefeito de Araripina, Alexandre Arraes, ambos do PSB, para uma disputa proporcional no Recife pelo PP, o garoto Humberto Arraes tem uma empresa mal-assombrada que presta servi\u00e7os ao Estado e cargo comissionado no Governo. Ningu\u00e9m entendeu a maluquice da candidatura dele, nem o fato de n\u00e3o concorrer em Araripina.<\/p>\n<p><strong>PECADO \u2013<\/strong>\u00a0O ministro da Economia, Paulo Guedes, confirmou, enfim, o que toda sociedade j\u00e1 estava informada, inclusive os leitores deste blog: a cria\u00e7\u00e3o do chamado \u201cimposto sobre pecados\u201d, cobrados sobre produtos que prejudicam a sa\u00fade, como cigarro, bebidas e armas. J\u00e1 a cobran\u00e7a do imposto adicional sobre doces se explicaria pelo fato de ser considerado um passo para obesidade, especialmente a infantil, elevando o risco de desenvolver doen\u00e7as graves, como diabetes.<\/p>\n<p><strong>Perguntar n\u00e3o ofende: Se negar a candidatura de Mar\u00edlia, o PT n\u00e3o estar\u00e1 dando provas de que n\u00e3o tem mais projeto de poder no Recife?<\/strong><\/p>\n<p><strong><img fetchpriority=\"high\" decoding=\"async\" class=\"alignleft\" src=\"https:\/\/ogimg.infoglobo.com.br\/in\/22789581-212-418\/FT1086A\/652\/28387234638_d6a18117ae_o.jpg\" alt=\"\" width=\"352\" height=\"211\" \/>Mar\u00edlia volta candidata de S\u00e3o Paulo<\/strong><\/p>\n<p>O PT de Pernambuco \u2013 leia-se o manda-chuva Humberto Costa \u2013 n\u00e3o tem mais raz\u00f5es que embasem um novo veto ao plano majorit\u00e1rio e vi\u00e1vel em torno do potencial eleitoral de Mar\u00edlia Arraes, desta feita na disputa \u00e0 Prefeitura do Recife. Em 2018, ela teria amplas chances de chegar ao segundo turno e ganhar a elei\u00e7\u00e3o para o Governo do Estado, mas o projeto nacional, pelo qual a candidatura de Fernando Haddad ao Planalto precisaria do respaldo do PSB, atrapalhou.<\/p>\n<p>Rifada, s\u00f3 restou a ent\u00e3o favorita ao Pal\u00e1cio das Princesas, conforme atestavam todas as pesquisas de inten\u00e7\u00e3o de voto, buscar um mandato federal, arrebatado nas urnas com o aval de mais de 193 mil pernambucanos, a segunda mais votada entre os 25 deputados federais eleitos, abaixo apenas de Jo\u00e3o Campos. Respaldada, Mar\u00edlia buscou se aproximar em Bras\u00edlia dos cardeais e mandarins do PT. Deu certo.<\/p>\n<p>Ganhou a confian\u00e7a da presidente Gleisi Hoffman (PR), do l\u00edder na C\u00e2mara, Jos\u00e9 Guimar\u00e3es (CE), e, principalmente, do ex-presidente Lula, personagens com os quais estar\u00e1 frente a frente na pr\u00f3xima ter\u00e7a-feira, em S\u00e3o Paulo, ao lado do senador Humberto Costa, o presidente estadual do PT, Doriel Barros e\u00a0o presidente do diret\u00f3rio municipal de Recife, Cirilo Mota.\u00a0Do encontro, n\u00e3o pode sair outra decis\u00e3o a n\u00e3o ser a de candidatura pr\u00f3pria no Recife.<\/p>\n<p>Na \u00faltima sexta-feira, reunido em S\u00e3o Paulo, o diret\u00f3rio nacional do PT, sob a coordena\u00e7\u00e3o do pr\u00f3prio Lula, anunciou candidatura pr\u00f3pria em dez capitais, entre elas a pr\u00f3pria S\u00e3o Paulo, Belo Horizonte, Salvador, Fortaleza e Manaus, deixando Recife de fora, o que derivou para interpreta\u00e7\u00f5es de que Mar\u00edlia estava, novamente, fritada.<\/p>\n<p>Mas n\u00e3o vai acontecer isso. Precisando recuperar espa\u00e7os de poder arrastados pelas urnas nas \u00faltimas elei\u00e7\u00f5es, o que respaldaria a dire\u00e7\u00e3o nacional a impor um novo veto \u00e0 candidatura de Mar\u00edlia Arraes? Nada. A hist\u00f3ria n\u00e3o se repete em pol\u00edtica. Vetar Mar\u00edlia l\u00e1 atr\u00e1s, vereadora do Recife, foi f\u00e1cil. Deputada federal, s\u00e3o outros quinhentos.<\/p>\n<p>Al\u00e9m disso, Humberto j\u00e1 ganhou o que queria: a renova\u00e7\u00e3o do seu mandato, que amea\u00e7ava virar letra morta n\u00e3o fosse o casamento com o PSB e o poder das duas m\u00e1quinas, a do Estado e da Prefeitura do Recife. Humberto n\u00e3o tem mais resist\u00eancia dial\u00e9tica e voz ativa no diret\u00f3rio nacional para barrar, por conveni\u00eancias paroquiais, um projeto real de poder para o PT numa das capitais mais importantes do Nordeste.<\/p>\n<p><span style=\"font-size: 24pt;\">Coluna do FinFa<\/span><\/p>\n<p><strong><img decoding=\"async\" class=\"alignleft wp-image-150824\" src=\"http:\/\/blogdofinfa.com.br\/wp-content\/uploads\/2020\/01\/Sem-t%C3%ADtulo-3-300x212.png\" sizes=\"(max-width: 300px) 100vw, 300px\" srcset=\"https:\/\/blogdofinfa.com.br\/wp-content\/uploads\/2020\/01\/Sem-t\u00edtulo-3-300x212.png 300w, https:\/\/blogdofinfa.com.br\/wp-content\/uploads\/2020\/01\/Sem-t\u00edtulo-3.png 412w\" alt=\"\" width=\"211\" height=\"149\" \/>Otimista<\/strong>\u00a0\u2013<\/p>\n<p>O Presidente da Asserpe, Nill J\u00fanior, se mostrou otimista sobre 2020 para a radiodifus\u00e3o, falando \u00e0 coluna do jornalista Seabra Neto, a mais respeitada do mercado publicit\u00e1rio em Pernambuco.\u00a0<em>\u201cA disposi\u00e7\u00e3o da radiodifus\u00e3o para novos projetos alinhada com o mercado publicit\u00e1rio, al\u00e9m da voca\u00e7\u00e3o do Estado para fazer diferente d\u00e3o sinais de um grande ano. O 2019 deu excelentes sinais de grandes projetos envolvendo empresas, mercado publicit\u00e1rio, r\u00e1dios e TVs. Esse 2020 \u00e9 o ano da consagra\u00e7\u00e3o do meio\u201d<\/em>, disse o presidente.<\/p>\n<p><strong>Bomba no jornalismo<\/strong>\u00a0\u2013<\/p>\n<p>O blogueiro Magno Martins, publicou no seu blog, que juntamente com o publicit\u00e1rio e analista politico Jos\u00e9 Nivaldo J\u00fanior \u2013 traz, em breve, uma novidade que vai impactar a comunica\u00e7\u00e3o online no Pa\u00eds, tendo Pernambuco como laborat\u00f3rio inicial. \u201cN\u00e3o custa nada aguardar.<\/p>\n<p>Afinal, a expectativa faz parte do prazer\u201d, finalizou o jornalista.<\/p>\n<p>&nbsp;<\/p>\n<p><strong><img decoding=\"async\" class=\"alignleft size-medium wp-image-150825\" src=\"http:\/\/blogdofinfa.com.br\/wp-content\/uploads\/2020\/01\/vestibular-300x180.png\" sizes=\"(max-width: 300px) 100vw, 300px\" srcset=\"https:\/\/blogdofinfa.com.br\/wp-content\/uploads\/2020\/01\/vestibular-300x180.png 300w, https:\/\/blogdofinfa.com.br\/wp-content\/uploads\/2020\/01\/vestibular.png 750w\" alt=\"\" width=\"300\" height=\"180\" \/>Divulgado resultado<\/strong>\u00a0\u2013 O campus Afogados da Ingazeira divulgou, nesta quinta (23), o resultado do Processo Seletivo Simplificado para o Preenchimento das Vagas Remanescentes do Vestibular IFPE 2020.1. Acesse o resultado e demais informa\u00e7\u00f5es pelo nosso site:\u00a0<strong>www.ifpe.edu.br\/afogados<\/strong>.\u00a0Os candidatos classificados dever\u00e3o realizar a matr\u00edcula nesta sexta (24) e na segunda (27), nos hor\u00e1rios de 08h \u00e0s 11h e das 13h \u00e0s 16h, no setor de Registros Acad\u00eamicos do campus.\u00a0Quaisquer d\u00favidas podem ser esclarecidas pelo telefone: (87) 3211.1217 ou pelo e-mail:\u00a0<strong>cgra@afogados.ifpe.edu.br.<\/strong><\/p>\n<p><strong>Perguntar n\u00e3o ofende<\/strong>\u00a0\u2013 Victor Oliveira vai rachar com o grupo de Sebasti\u00e3o Oliveira?<\/p>\n<header class=\"entry-header\">\n<h2 class=\"entry-title\">COLUNA DO ITAMAR FRAN\u00c7A<\/h2>\n<\/header>\n<div class=\"entry-content clearfix\">\n<p><strong><img loading=\"lazy\" decoding=\"async\" class=\"alignleft\" src=\"https:\/\/2.bp.blogspot.com\/-nQfR5kIklxw\/XGKq0WLB0VI\/AAAAAAABjsc\/BtvRUSmiwBQu1hFH1C0UokWa8cJuGkddgCLcBGAs\/s1600\/folia3.jpg\" alt=\"Resultado de imagem para BLOCO TO NA FOLIA TOTONHO VALADARES\" width=\"248\" height=\"165\" \/>S\u00d3 CARNAVAL\u2026<\/strong><\/p>\n<p>J\u00e1 estamos no final do m\u00eas de janeiro, entrando em fevereiro, m\u00eas em que \u00e9 realizado o carnaval. Por enquanto, as aten\u00e7\u00f5es est\u00e3o concentradas na festa de momo. As movimenta\u00e7\u00f5es pol\u00edticas s\u00f3 ir\u00e3o de fato come\u00e7ar em mar\u00e7o, m\u00eas em que os pr\u00e9-candidatos definem suas filia\u00e7\u00f5es partid\u00e1rias. Em Afogados da Ingazeira dois pr\u00e9-candidatos a prefeito j\u00e1 est\u00e3o com suas agremia\u00e7\u00f5es partid\u00e1rias definidas: Totonho Valadares (MDB) e o Capit\u00e3o Sidney (PSC). O vice-prefeito Alessandro Palmeira ir\u00e1 trocar a REDE SUSTENTABILIDADE pelo Partido Socialista Brasileiro (PSB). Sem data marcada, o prefeito Z\u00e9 Coimbra (PSB) articula um mega evento para o ingresso de Palmeira ao socialismo, sem bem que este j\u00e1 tem ra\u00edzes socialistas, diga-se de passagem que o poeta \u2013escritor j\u00e1 comandou o PC-do-B no munic\u00edpio. O desembargador Cl\u00e1udio Nogueira ainda n\u00e3o se filiou em nenhum partido. O vereador oposicionista Jos\u00e9 Edson Ferreira, Z\u00e9 Neg\u00e3o deve trocar o PTB de Armando pelo Podemos do deputado federal Ricardo Teobaldo. At\u00e9 o final de mar\u00e7o saberemos oficialmente para onde vai cada um dos postulantes.<\/p>\n<p>******************************************<\/p>\n<p><strong>CORRE-CORRE\u00a0<\/strong><\/p>\n<p>Por falar nisso, o corre-corre vai ser grande na forma\u00e7\u00e3o das chapas proporcionais. Nesse cen\u00e1rio, acredita-se que em Afogados da Ingazeira sobreviver\u00e3o uma m\u00e9dia de oitos partidos: PSB, Patriota, MDB, PT, PP, Podemos, Rede e PV. Desses, pelo menos dois ser\u00e3o dissolvidos, levando os pr\u00e9-candidatos intermedi\u00e1rios (calangos) a se acomodarem junto com os candidatos mais estruturados ou detentores de mandato. H\u00e1 ainda a tend\u00eancia de uma migra\u00e7\u00e3o de pr\u00e9-candidatos de uma sigla partid\u00e1ria para outra, \u00e9 o caso do Patriota que \u00e9 base do governo de Z\u00e9 Coimbra, mas poder\u00e1 sofrer influ\u00eancia da Executiva Estadual na defini\u00e7\u00e3o do candidato majorit\u00e1rio, isso porque a sigla faz parte da base do presidente Bolsonaro. Existem rumores que a debandada dos patriotas pode acontecer ou para o PSB de Coimbra, PDT ou um outro partido da base do governador Paulo C\u00e2mara (PSB). Por enquanto \u00e9 s\u00f3 especula\u00e7\u00e3o. Vamos aguardar.<\/p>\n<p>******************************************<\/p>\n<p><strong>DESCEM, N\u00c3O DESCEM\u2026<\/strong><\/p>\n<p>Achou que n\u00e3o ia ter pol\u00edtica no carnaval? Pois ent\u00e3o se enganou redondamente! A descida do bloco T\u00f4 na folia do ex-prefeito Totonho Valadares mostrar\u00e1 de fato como anda o alinhamento com o prefeito Z\u00e9 Coimbra, condutor do processo de escolha do nome da sua sucess\u00e3o. J\u00e1 h\u00e1 quem aposte que os bonecos de Totonho e de Coimbra n\u00e3o des\u00e7am a avenida juntos. No carnaval passado a justificativa apresentada n\u00e3o convenceu, mas mesmo assim passou\u2026 Agora esse ano, o cachorro com certeza n\u00e3o ir\u00e1 rasgar o boneco, a menos que culpem o dito cujo novamente para colocar um pano quente na fissura, exposta aos olhos do povo\u2026<\/p>\n<p>******************************************<\/p>\n<p><strong>E SE\u2026<\/strong><\/p>\n<p>J\u00e1 imaginou um grupo de patriotistas defensores da pr\u00e9-candidatura do vice-prefeito Alessandro Palmeira (REDE) descer a avenida puxados pelo jarg\u00e3o \u201cEU APOSTO\u201d? Pois bem, isso n\u00e3o \u00e9 imposs\u00edvel porque nas redes sociais um magote de gente j\u00e1 manifestou tal sentimento. O fato pode surgir no intervalo do bloco a Cobra Vai Subir e se isso vier a acontecer, soar\u00e1 para muitos como uma afronta aos defensores da pr\u00e9-candidatura do ex-prefeito Totonho Valadares.<\/p>\n<p>******************************************<\/p>\n<p><strong>NO SACRIF\u00cdCIO\u2026<\/strong><\/p>\n<p>O ingresso da ex-vereadora Joana Darc Freitas, atual secret\u00e1ria Municipal de Assist\u00eancia Social ao PSB pode ser um risco para a ex-petista que quando legisladora fez um dos mais destacados mandatos na C\u00e2mara de Afogados da Ingazeira. A Frente Popular disp\u00f5e de outros partidos e isso daria a Joana uma maior possibilidade de retornar a Casa Legislativa, n\u00e3o que ela n\u00e3o tenha potencial para concorrer no PSB, mas pela consist\u00eancia de uma condi\u00e7\u00e3o mais favor\u00e1vel na disputa. Se Coimbra quer mesmo eleger sua aliada das antigas, que a deixe livre para fazer a escolha certa da sua agremia\u00e7\u00e3o partid\u00e1ria. Al\u00e9m de Renaldo Lima, Luiz Besour\u00e3o e Ramundo do Foto, o PSB contar\u00e1 com nomes de peso como o vereador C\u00edcero Miguel, Rivelton Santos e ainda o ex-vereador Vicentinho, caso este mantenha mesmo a sua pr\u00e9-candidatura.<\/p>\n<p>******************************************<\/p>\n<p><strong>NEGOU<\/strong><\/p>\n<p>O vereador Sargento Argemiro (Patriota) negou que esteja afastado politicamente do ex-vereador Renildo Jos\u00e9 dos Santos, Renon de Nin\u00f4 (Sem Partido). Ap\u00f3s especula\u00e7\u00f5es e boatos, nossa equipe de reportagem procurou o parlamentar. Disse Argemiro que apesar de os fatos conspirarem em contr\u00e1rio, ele mant\u00e9m uma rela\u00e7\u00e3o amig\u00e1vel com ex-vereador que o apoiou nas elei\u00e7\u00f5es municipais de 2016. Renon continua na assessoria parlamentar do vereador.<\/p>\n<p>******************************************<\/p>\n<p><strong>VAI OU N\u00c3O VAI?<\/strong><\/p>\n<p>Por falar nisso h\u00e1 rumores de que o ex-vereador Renon de Nin\u00f4 pode vir a disputar novamente uma vaga na C\u00e2mara Municipal. Pelo menos \u00e9 o que se comenta nos bastidores. H\u00e1 informa\u00e7\u00e3o de que Renon j\u00e1 declarou publicamente a pretens\u00e3o em disputar um cargo majorit\u00e1rio (prefeito ou vice). J\u00e1 nesse caso, Argemiro passa a respirar mais aliviado para a sua reelei\u00e7\u00e3o\u2026<\/p>\n<p>******************************************<\/p>\n<p><strong>PL POR PSB<\/strong><\/p>\n<p>Integrantes do Partido Liberal (PL) de Carna\u00edba pediram desfilia\u00e7\u00e3o da legenda e ingressaram no Partido Socialista Brasileiro (PSB) comandado pelo prefeito Anchieta Patriota. No bojo, a ex-vereadora e atual suplente Silvonete Carlos, o suplente de vereador Juniano e o Sargento da Pol\u00edcia Militar Lisboa Lima, este \u00faltimo pr\u00e9-candidato ao legislativo e ex-candidato a vice-prefeito na terra do Dantas. O militar disse que outras lideran\u00e7as importantes do PL o acompanharam.<\/p>\n<p>&nbsp;<\/p>\n<p>******************************************<\/p>\n<p><strong>SEM RESPONS\u00c1VEIS<\/strong><\/p>\n<p>At\u00e9 esta data, as autoridades n\u00e3o conseguiram identificar o respons\u00e1vel pelo derramamento de \u00f3leo nas praias brasileiras, sobretudo na regi\u00e3o Nordeste. V\u00e1rias declara\u00e7\u00f5es e acusa\u00e7\u00f5es foram divulgadas, nenhuma delas esclareceram de fato quem foi o respons\u00e1vel.<\/p>\n<p>******************************************<\/p>\n<\/div>\n","protected":false},"excerpt":{"rendered":"<p>&nbsp;por Magno Martins&nbsp; Nova Sudene cuida at&eacute; de seguran&ccedil;a H&aacute; tempo num esvaziamento que parecia n&atilde;o ter fim, a velha e surrada Superintend&ecirc;ncia de Desenvolvimento do Nordeste (Sudene) deixou de ser um elefante branco, saiu da UTI como doente terminal e, aos poucos, d&aacute; sinais de vitalidade. Qualquer gest&atilde;o p&uacute;blica depende exclusivamente de quem est&aacute; &#8230; <a title=\"**************Giro pelos Blog&#8217;S====(25.01.2020)*******\" class=\"read-more\" href=\"https:\/\/blogdomarcellopatriota.com.br\/blog\/giro-pelos-blogs25-01-2020\/\" aria-label=\"Read more about **************Giro pelos Blog&#8217;S====(25.01.2020)*******\">Ler mais<\/a><\/p>\n","protected":false},"author":2,"featured_media":0,"comment_status":"open","ping_status":"open","sticky":false,"template":"","format":"standard","meta":{"footnotes":""},"categories":[1],"tags":[],"class_list":["post-23301","post","type-post","status-publish","format-standard","hentry","category-sem-categoria"],"_links":{"self":[{"href":"https:\/\/blogdomarcellopatriota.com.br\/blog\/wp-json\/wp\/v2\/posts\/23301","targetHints":{"allow":["GET"]}}],"collection":[{"href":"https:\/\/blogdomarcellopatriota.com.br\/blog\/wp-json\/wp\/v2\/posts"}],"about":[{"href":"https:\/\/blogdomarcellopatriota.com.br\/blog\/wp-json\/wp\/v2\/types\/post"}],"author":[{"embeddable":true,"href":"https:\/\/blogdomarcellopatriota.com.br\/blog\/wp-json\/wp\/v2\/users\/2"}],"replies":[{"embeddable":true,"href":"https:\/\/blogdomarcellopatriota.com.br\/blog\/wp-json\/wp\/v2\/comments?post=23301"}],"version-history":[{"count":5,"href":"https:\/\/blogdomarcellopatriota.com.br\/blog\/wp-json\/wp\/v2\/posts\/23301\/revisions"}],"predecessor-version":[{"id":23304,"href":"https:\/\/blogdomarcellopatriota.com.br\/blog\/wp-json\/wp\/v2\/posts\/23301\/revisions\/23304"}],"wp:attachment":[{"href":"https:\/\/blogdomarcellopatriota.com.br\/blog\/wp-json\/wp\/v2\/media?parent=23301"}],"wp:term":[{"taxonomy":"category","embeddable":true,"href":"https:\/\/blogdomarcellopatriota.com.br\/blog\/wp-json\/wp\/v2\/categories?post=23301"},{"taxonomy":"post_tag","embeddable":true,"href":"https:\/\/blogdomarcellopatriota.com.br\/blog\/wp-json\/wp\/v2\/tags?post=23301"}],"curies":[{"name":"wp","href":"https:\/\/api.w.org\/{rel}","templated":true}]}}