{"id":23316,"date":"2020-01-26T00:38:15","date_gmt":"2020-01-26T03:38:15","guid":{"rendered":"http:\/\/blogdomarcellopatriota.com.br\/blog\/?p=23316"},"modified":"2020-01-26T00:51:34","modified_gmt":"2020-01-26T03:51:34","slug":"vice-prefeito-de-santa-terezinha-e-assaltado-neste-sabado","status":"publish","type":"post","link":"https:\/\/blogdomarcellopatriota.com.br\/blog\/vice-prefeito-de-santa-terezinha-e-assaltado-neste-sabado\/","title":{"rendered":"Vice-prefeito de St\u00aa Terezinha \u00e9 assaltado neste s\u00e1bado"},"content":{"rendered":"<div id=\"attachment_167401\" class=\"wp-caption alignleft\">\n<figure id=\"attachment_167401\" aria-describedby=\"caption-attachment-167401\" style=\"width: 390px\" class=\"wp-caption alignleft\"><a href=\"https:\/\/i1.wp.com\/nilljunior.com.br\/wp-content\/uploads\/2020\/01\/AdarivanSantos.jpg\"><img fetchpriority=\"high\" decoding=\"async\" class=\"wp-image-167401\" src=\"https:\/\/i1.wp.com\/nilljunior.com.br\/wp-content\/uploads\/2020\/01\/AdarivanSantos.jpg?resize=400%2C266\" sizes=\"(max-width: 400px) 100vw, 400px\" srcset=\"https:\/\/i1.wp.com\/nilljunior.com.br\/wp-content\/uploads\/2020\/01\/AdarivanSantos.jpg?resize=600%2C400 600w, https:\/\/i1.wp.com\/nilljunior.com.br\/wp-content\/uploads\/2020\/01\/AdarivanSantos.jpg?resize=150%2C100 150w, https:\/\/i1.wp.com\/nilljunior.com.br\/wp-content\/uploads\/2020\/01\/AdarivanSantos.jpg?resize=300%2C200 300w, https:\/\/i1.wp.com\/nilljunior.com.br\/wp-content\/uploads\/2020\/01\/AdarivanSantos.jpg?w=640 640w\" alt=\"\" width=\"400\" height=\"267\" data-attachment-id=\"167401\" data-permalink=\"http:\/\/nilljunior.com.br\/vice-prefeito-de-santa-terezinha-e-assaltado-neste-sabado\/adarivansantos\/\" data-orig-file=\"https:\/\/i1.wp.com\/nilljunior.com.br\/wp-content\/uploads\/2020\/01\/AdarivanSantos.jpg?fit=640%2C426\" data-orig-size=\"640,426\" data-comments-opened=\"1\" data-image-meta=\"{&quot;aperture&quot;:&quot;0&quot;,&quot;credit&quot;:&quot;&quot;,&quot;camera&quot;:&quot;&quot;,&quot;caption&quot;:&quot;&quot;,&quot;created_timestamp&quot;:&quot;0&quot;,&quot;copyright&quot;:&quot;&quot;,&quot;focal_length&quot;:&quot;0&quot;,&quot;iso&quot;:&quot;0&quot;,&quot;shutter_speed&quot;:&quot;0&quot;,&quot;title&quot;:&quot;&quot;,&quot;orientation&quot;:&quot;0&quot;}\" data-image-title=\"AdarivanSantos\" data-image-description=\"\" data-medium-file=\"https:\/\/i1.wp.com\/nilljunior.com.br\/wp-content\/uploads\/2020\/01\/AdarivanSantos.jpg?fit=300%2C200\" data-large-file=\"https:\/\/i1.wp.com\/nilljunior.com.br\/wp-content\/uploads\/2020\/01\/AdarivanSantos.jpg?fit=600%2C400\" \/><\/a><figcaption id=\"caption-attachment-167401\" class=\"wp-caption-text\">( vice-prefeito de St\u00aa Terezinha, Adarivan , foi alvo de criminosos)<\/figcaption><\/figure>\n<p class=\"wp-caption-text\">\n<\/div>\n<p>As pessoas que vivem nas cidades do Paje\u00fa come\u00e7am 2020, assustadas com o n\u00famero de casos de roubos, assaltos e arrombamentos. O vice-prefeito de Santa Terezinha, Adarivan Santos, foi assaltado na manh\u00e3 deste s\u00e1bado (25.01) no S\u00edtio Chapada, altura da casa de Deca por dois ladr\u00f5es armados. De acordo com as primeiras informa\u00e7\u00f5es, os assaltantes levaram sua moto e seu celular.A quantidade de assaltos em Santa Terezinha est\u00e1 chegando a n\u00fameros absurdos. O trecho que liga o munic\u00edpio a Brejinho e a divisa com a Para\u00edba s\u00e3o os preferidos pelos bandidos. Essa regi\u00e3o do crime de hoje fica bem pr\u00f3xima com a divisa da Para\u00edba e de Brejinho e est\u00e1 sendo usada constantemente por bandidos que agora atacam at\u00e9 a luz do dia, roubando as pessoas que passam pelas estradas. O clima \u00e9 de medo entre a popula\u00e7\u00e3o que se pergunta, quem ser\u00e1 o pr\u00f3ximo? . Um parente do pol\u00edtico informou que ele passou por um sufoco daqueles e temeu pela pr\u00f3pria vida, mas gra\u00e7as a Deus a perca foi somente material. O policiamento est\u00e1 em dilig\u00eancias para tentar localizar os meliantes.<\/p>\n<p>J\u00e1 em S\u00e3o Jos\u00e9 do Egito, o perfil do facebook de um bar da cidade o Bruta Flor, anunciou que foi alvo duas vezes em menos de uma semana, de arrombamentos na sede do estabelecimento, que fica no centro hist\u00f3rico da cidade, a menos de 500 metros da sede companhia de pol\u00edcia.<\/p>\n<p>O apelo que fica, \u00e9 para as autoridades competentes tomarem providencias, aumentando o policiamento nas ruas e estradas, pois pol\u00edcia na rua \u00e9 bandido preso ou escondido, sem cometer crimes.<strong> (<em>As informa\u00e7\u00f5es s\u00e3o do blog do Pereira e do Blog do Erbi)<\/em><\/strong><\/p>\n","protected":false},"excerpt":{"rendered":"<p>As pessoas que vivem nas cidades do Paje&uacute; come&ccedil;am 2020, assustadas com o n&uacute;mero de casos de roubos, assaltos e arrombamentos. O vice-prefeito de Santa Terezinha, Adarivan Santos, foi assaltado na manh&atilde; deste s&aacute;bado (25.01) no S&iacute;tio Chapada, altura da casa de Deca por dois ladr&otilde;es armados. De acordo com as primeiras informa&ccedil;&otilde;es, os assaltantes &#8230; <a title=\"Vice-prefeito de St\u00aa Terezinha \u00e9 assaltado neste s\u00e1bado\" class=\"read-more\" href=\"https:\/\/blogdomarcellopatriota.com.br\/blog\/vice-prefeito-de-santa-terezinha-e-assaltado-neste-sabado\/\" aria-label=\"Read more about Vice-prefeito de St\u00aa Terezinha \u00e9 assaltado neste s\u00e1bado\">Ler mais<\/a><\/p>\n","protected":false},"author":2,"featured_media":0,"comment_status":"open","ping_status":"open","sticky":false,"template":"","format":"standard","meta":{"footnotes":""},"categories":[1],"tags":[],"class_list":["post-23316","post","type-post","status-publish","format-standard","hentry","category-sem-categoria"],"_links":{"self":[{"href":"https:\/\/blogdomarcellopatriota.com.br\/blog\/wp-json\/wp\/v2\/posts\/23316","targetHints":{"allow":["GET"]}}],"collection":[{"href":"https:\/\/blogdomarcellopatriota.com.br\/blog\/wp-json\/wp\/v2\/posts"}],"about":[{"href":"https:\/\/blogdomarcellopatriota.com.br\/blog\/wp-json\/wp\/v2\/types\/post"}],"author":[{"embeddable":true,"href":"https:\/\/blogdomarcellopatriota.com.br\/blog\/wp-json\/wp\/v2\/users\/2"}],"replies":[{"embeddable":true,"href":"https:\/\/blogdomarcellopatriota.com.br\/blog\/wp-json\/wp\/v2\/comments?post=23316"}],"version-history":[{"count":4,"href":"https:\/\/blogdomarcellopatriota.com.br\/blog\/wp-json\/wp\/v2\/posts\/23316\/revisions"}],"predecessor-version":[{"id":23326,"href":"https:\/\/blogdomarcellopatriota.com.br\/blog\/wp-json\/wp\/v2\/posts\/23316\/revisions\/23326"}],"wp:attachment":[{"href":"https:\/\/blogdomarcellopatriota.com.br\/blog\/wp-json\/wp\/v2\/media?parent=23316"}],"wp:term":[{"taxonomy":"category","embeddable":true,"href":"https:\/\/blogdomarcellopatriota.com.br\/blog\/wp-json\/wp\/v2\/categories?post=23316"},{"taxonomy":"post_tag","embeddable":true,"href":"https:\/\/blogdomarcellopatriota.com.br\/blog\/wp-json\/wp\/v2\/tags?post=23316"}],"curies":[{"name":"wp","href":"https:\/\/api.w.org\/{rel}","templated":true}]}}