{"id":23323,"date":"2020-01-26T08:46:39","date_gmt":"2020-01-26T11:46:39","guid":{"rendered":"http:\/\/blogdomarcellopatriota.com.br\/blog\/?p=23323"},"modified":"2020-01-26T00:48:19","modified_gmt":"2020-01-26T03:48:19","slug":"secretario-de-administracao-de-tabira-flavio-marques-vai-ganhando-visibilidade","status":"publish","type":"post","link":"https:\/\/blogdomarcellopatriota.com.br\/blog\/secretario-de-administracao-de-tabira-flavio-marques-vai-ganhando-visibilidade\/","title":{"rendered":"Secret\u00e1rio de Administra\u00e7\u00e3o de Tabira Fl\u00e1vio Marques, vai ganhando visibilidade"},"content":{"rendered":"<figure style=\"width: 374px\" class=\"wp-caption alignleft\"><img fetchpriority=\"high\" decoding=\"async\" src=\"http:\/\/blogdoerbi.com.br\/wp-content\/uploads\/2020\/01\/WhatsApp-Image-2020-01-25-at-09.58.06-1.jpeg\" alt=\"Secret\u00e1rio de Administra\u00e7\u00e3o de Tabira Fl\u00e1vio Marques, vai ganhando visibilidade\" width=\"384\" height=\"256\" \/><figcaption class=\"wp-caption-text\">(O Poeta ao lado de Flavio,\u00a0 ainda assinou ordem de servi\u00e7o para asfaltar ruas da cidade.)<\/figcaption><\/figure>\n<p>Na Terra das Tradi\u00e7\u00f5es, o atual prefeito Basti\u00e3o n\u00e3o poder\u00e1 disputar a vaga de prefeito, j\u00e1 t\u00e1 no segundo mandato, apesar de n\u00e3o ter definido oficialmente quem apoiar\u00e1 para sua sucess\u00e3o, levando em considera\u00e7\u00e3o as apari\u00e7\u00f5es e conquistas atribu\u00eddas em grande a parte a ele, Fl\u00e1vio Marques vai ganhando for\u00e7a. Na noite dessa sexta-feira (24), o Prefeito Sebasti\u00e3o Dias inaugurou a Esta\u00e7\u00e3o Cidadania Governador Eduardo Campos, em Tabira. O espa\u00e7o, al\u00e9m de reunir v\u00e1rios \u00f3rg\u00e3os do governo, como Procon, Ouvidoria, Departamento de Tr\u00e2nsito e outros, vai gerar ao munic\u00edpio uma grande economia com o fim dos alugu\u00e9is dos pr\u00e9dios que abrigavam esses \u00f3rg\u00e3os, disse a Prefeitura. Na foto de divulga\u00e7\u00e3o de um lado t\u00e1 Sebasti\u00e3o Dias e do Outro\u2026 Fl\u00e1vio Marques.<\/p>\n","protected":false},"excerpt":{"rendered":"<p>Na Terra das Tradi&ccedil;&otilde;es, o atual prefeito Basti&atilde;o n&atilde;o poder&aacute; disputar a vaga de prefeito, j&aacute; t&aacute; no segundo mandato, apesar de n&atilde;o ter definido oficialmente quem apoiar&aacute; para sua sucess&atilde;o, levando em considera&ccedil;&atilde;o as apari&ccedil;&otilde;es e conquistas atribu&iacute;das em grande a parte a ele, Fl&aacute;vio Marques vai ganhando for&ccedil;a. Na noite dessa sexta-feira (24), &#8230; <a title=\"Secret\u00e1rio de Administra\u00e7\u00e3o de Tabira Fl\u00e1vio Marques, vai ganhando visibilidade\" class=\"read-more\" href=\"https:\/\/blogdomarcellopatriota.com.br\/blog\/secretario-de-administracao-de-tabira-flavio-marques-vai-ganhando-visibilidade\/\" aria-label=\"Read more about Secret\u00e1rio de Administra\u00e7\u00e3o de Tabira Fl\u00e1vio Marques, vai ganhando visibilidade\">Ler mais<\/a><\/p>\n","protected":false},"author":2,"featured_media":0,"comment_status":"open","ping_status":"open","sticky":false,"template":"","format":"standard","meta":{"footnotes":""},"categories":[1],"tags":[],"class_list":["post-23323","post","type-post","status-publish","format-standard","hentry","category-sem-categoria"],"_links":{"self":[{"href":"https:\/\/blogdomarcellopatriota.com.br\/blog\/wp-json\/wp\/v2\/posts\/23323","targetHints":{"allow":["GET"]}}],"collection":[{"href":"https:\/\/blogdomarcellopatriota.com.br\/blog\/wp-json\/wp\/v2\/posts"}],"about":[{"href":"https:\/\/blogdomarcellopatriota.com.br\/blog\/wp-json\/wp\/v2\/types\/post"}],"author":[{"embeddable":true,"href":"https:\/\/blogdomarcellopatriota.com.br\/blog\/wp-json\/wp\/v2\/users\/2"}],"replies":[{"embeddable":true,"href":"https:\/\/blogdomarcellopatriota.com.br\/blog\/wp-json\/wp\/v2\/comments?post=23323"}],"version-history":[{"count":1,"href":"https:\/\/blogdomarcellopatriota.com.br\/blog\/wp-json\/wp\/v2\/posts\/23323\/revisions"}],"predecessor-version":[{"id":23324,"href":"https:\/\/blogdomarcellopatriota.com.br\/blog\/wp-json\/wp\/v2\/posts\/23323\/revisions\/23324"}],"wp:attachment":[{"href":"https:\/\/blogdomarcellopatriota.com.br\/blog\/wp-json\/wp\/v2\/media?parent=23323"}],"wp:term":[{"taxonomy":"category","embeddable":true,"href":"https:\/\/blogdomarcellopatriota.com.br\/blog\/wp-json\/wp\/v2\/categories?post=23323"},{"taxonomy":"post_tag","embeddable":true,"href":"https:\/\/blogdomarcellopatriota.com.br\/blog\/wp-json\/wp\/v2\/tags?post=23323"}],"curies":[{"name":"wp","href":"https:\/\/api.w.org\/{rel}","templated":true}]}}