{"id":41516,"date":"2021-06-14T22:38:30","date_gmt":"2021-06-15T01:38:30","guid":{"rendered":"http:\/\/blogdomarcellopatriota.com.br\/blog\/?p=41516"},"modified":"2021-06-14T22:40:56","modified_gmt":"2021-06-15T01:40:56","slug":"faleceu-em-campina-grande-dr-waldecir-confesssor","status":"publish","type":"post","link":"https:\/\/blogdomarcellopatriota.com.br\/blog\/faleceu-em-campina-grande-dr-waldecir-confesssor\/","title":{"rendered":"Faleceu em Campina Grande Dr. Waldecir Confesss\u00f4r"},"content":{"rendered":"<p><img fetchpriority=\"high\" decoding=\"async\" class=\"alignleft\" src=\"https:\/\/scontent-for1-1.xx.fbcdn.net\/v\/t1.15752-9\/195861817_3756454674458491_3110908092269458168_n.jpg?_nc_cat=106&amp;ccb=1-3&amp;_nc_sid=ae9488&amp;_nc_eui2=AeGKXYUyN4TntEa4ondZZr2izLaRfp36IcLMtpF-nfohwnVroMW3xdV5Y4fdCAYxQD7NMlXZz8L_NWyuzfIDXl45&amp;_nc_ohc=lTtGtA2EfhwAX9y3JBd&amp;_nc_pt=1&amp;_nc_ht=scontent-for1-1.xx&amp;oh=bbd7e27213913ca42ca35be23c2712d1&amp;oe=60CC019A\" alt=\"Nenhuma descri\u00e7\u00e3o dispon\u00edvel.\" width=\"301\" height=\"503\" \/><em><strong>Editado \u00e0s 22h<\/strong><\/em> \/<\/p>\n<p>Waldecy Gomes Confess\u00f4r: faleceu hoje, \u00e0s 09 horas no Hospital Ant\u00f4nio Targino em Campina Grande-PB v\u00edtima de complica\u00e7\u00f5es pulmonares aos 91 anos de idade, completados no dia 12 junho de 2021. Deixou oito (8) filhos, catorze (14) netos e sete (9) bisnetos. Waldecy foi fundador do Gin\u00e1sio S\u00e3o Pedro de Itapetim (PE). que manteve at\u00e9 a chegada do Col\u00e9gio Normal, que deu continuidade a\u00ed ciclo Educacional no Ventre Imortal da Poesia. Estudou em S\u00e3o Jos\u00e9 do Egito, Serra Talhada e Caruaru, onde bacharelou-se em Direito em Caruaru . Um homem que passo a passo alcan\u00e7ou vit\u00f3rias importantes no que tange ao seu crescimento profissional, foi tabeli\u00e3o, professor, advogado e posteriormente Juiz de Direito e Desembargador. 1972, passou a integrar a Justi\u00e7a do Trabalho no Recife, depois em Campina Grande\/PB e Mossor\u00f3RN culminando com a Presid\u00eancia do Tribunal Federal do Trabalho no Rio Grande do Norte.\u00a0 Aposentado, residia em Campina Grande-PB, cidade que adorava, assim como seus fins de semana na Fazenda Esperan\u00e7a em Itapetim. Era natural de \u00a0S\u00e3o Jos\u00e9 do Egito, nasceu no S\u00edtio Santa Rita.<\/p>\n<p>O Prefeito Adelmo Moura lamentou a morte de Dr. Waldecir Confessor, lembrando que ele era Cidad\u00e3o itapetinense e amava o ventre Imortal da poesia, onde tinha propriedade, e Gestor decretou Luto Oficial de 3 dias no munic\u00edpio, a Presidente ad C\u00e2mara de Vereadores Jordania Siqueira, decretou luto oficial na C\u00e2mara. O Prefeito de SJEgito , Evandro Valadares decretou luto oficial de 3 dias. Dr. Waldecir \u00e9 pai de Humberto Gomes, ou Humberto\u00a0 do Cart\u00f3rio, que mora em Afogados da Ingazeira. O sepultamento ser\u00e1 em Itapetim na manh\u00e3 dessa ter\u00e7a-feira(15).<\/p>\n","protected":false},"excerpt":{"rendered":"<p>Editado &agrave;s 22h \/ Waldecy Gomes Confess&ocirc;r: faleceu hoje, &agrave;s 09 horas no Hospital Ant&ocirc;nio Targino em Campina Grande-PB v&iacute;tima de complica&ccedil;&otilde;es pulmonares aos 91 anos de idade, completados no dia 12 junho de 2021. Deixou oito (8) filhos, catorze (14) netos e sete (9) bisnetos. Waldecy foi fundador do Gin&aacute;sio S&atilde;o Pedro de Itapetim &#8230; <a title=\"Faleceu em Campina Grande Dr. Waldecir Confesss\u00f4r\" class=\"read-more\" href=\"https:\/\/blogdomarcellopatriota.com.br\/blog\/faleceu-em-campina-grande-dr-waldecir-confesssor\/\" aria-label=\"Read more about Faleceu em Campina Grande Dr. Waldecir Confesss\u00f4r\">Ler mais<\/a><\/p>\n","protected":false},"author":2,"featured_media":0,"comment_status":"closed","ping_status":"closed","sticky":false,"template":"","format":"standard","meta":{"footnotes":""},"categories":[1],"tags":[],"class_list":["post-41516","post","type-post","status-publish","format-standard","hentry","category-sem-categoria"],"_links":{"self":[{"href":"https:\/\/blogdomarcellopatriota.com.br\/blog\/wp-json\/wp\/v2\/posts\/41516","targetHints":{"allow":["GET"]}}],"collection":[{"href":"https:\/\/blogdomarcellopatriota.com.br\/blog\/wp-json\/wp\/v2\/posts"}],"about":[{"href":"https:\/\/blogdomarcellopatriota.com.br\/blog\/wp-json\/wp\/v2\/types\/post"}],"author":[{"embeddable":true,"href":"https:\/\/blogdomarcellopatriota.com.br\/blog\/wp-json\/wp\/v2\/users\/2"}],"replies":[{"embeddable":true,"href":"https:\/\/blogdomarcellopatriota.com.br\/blog\/wp-json\/wp\/v2\/comments?post=41516"}],"version-history":[{"count":10,"href":"https:\/\/blogdomarcellopatriota.com.br\/blog\/wp-json\/wp\/v2\/posts\/41516\/revisions"}],"predecessor-version":[{"id":41530,"href":"https:\/\/blogdomarcellopatriota.com.br\/blog\/wp-json\/wp\/v2\/posts\/41516\/revisions\/41530"}],"wp:attachment":[{"href":"https:\/\/blogdomarcellopatriota.com.br\/blog\/wp-json\/wp\/v2\/media?parent=41516"}],"wp:term":[{"taxonomy":"category","embeddable":true,"href":"https:\/\/blogdomarcellopatriota.com.br\/blog\/wp-json\/wp\/v2\/categories?post=41516"},{"taxonomy":"post_tag","embeddable":true,"href":"https:\/\/blogdomarcellopatriota.com.br\/blog\/wp-json\/wp\/v2\/tags?post=41516"}],"curies":[{"name":"wp","href":"https:\/\/api.w.org\/{rel}","templated":true}]}}