{"id":41526,"date":"2021-06-14T21:35:04","date_gmt":"2021-06-15T00:35:04","guid":{"rendered":"http:\/\/blogdomarcellopatriota.com.br\/blog\/?p=41526"},"modified":"2021-06-14T22:35:47","modified_gmt":"2021-06-15T01:35:47","slug":"vacinometro-covid-sjegito-flores-e-iguaracy-foram-as-que-mais-avancaram-por-faixa-etaria-no-pajeu","status":"publish","type":"post","link":"https:\/\/blogdomarcellopatriota.com.br\/blog\/vacinometro-covid-sjegito-flores-e-iguaracy-foram-as-que-mais-avancaram-por-faixa-etaria-no-pajeu\/","title":{"rendered":"Vacin\u00f4metro Covid: SJEgito, Flores e Iguaracy foram as que mais avan\u00e7aram por faixa et\u00e1ria no Paje\u00fa"},"content":{"rendered":"<p><img fetchpriority=\"high\" decoding=\"async\" class=\"alignleft wp-image-198920\" src=\"https:\/\/i2.wp.com\/nilljunior.com.br\/wp-content\/uploads\/2021\/03\/vacinacao_drive_thru_universidade_estadual_do_rio_de_janeiro_uerj_tnrgo_abr_2502214596_0.jpg?resize=400%2C239&amp;ssl=1\" sizes=\"(max-width: 400px) 100vw, 400px\" srcset=\"https:\/\/i2.wp.com\/nilljunior.com.br\/wp-content\/uploads\/2021\/03\/vacinacao_drive_thru_universidade_estadual_do_rio_de_janeiro_uerj_tnrgo_abr_2502214596_0.jpg?resize=600%2C359&amp;ssl=1 600w, https:\/\/i2.wp.com\/nilljunior.com.br\/wp-content\/uploads\/2021\/03\/vacinacao_drive_thru_universidade_estadual_do_rio_de_janeiro_uerj_tnrgo_abr_2502214596_0.jpg?resize=300%2C179&amp;ssl=1 300w, https:\/\/i2.wp.com\/nilljunior.com.br\/wp-content\/uploads\/2021\/03\/vacinacao_drive_thru_universidade_estadual_do_rio_de_janeiro_uerj_tnrgo_abr_2502214596_0.jpg?resize=768%2C459&amp;ssl=1 768w, https:\/\/i2.wp.com\/nilljunior.com.br\/wp-content\/uploads\/2021\/03\/vacinacao_drive_thru_universidade_estadual_do_rio_de_janeiro_uerj_tnrgo_abr_2502214596_0.jpg?w=1170&amp;ssl=1 1170w\" alt=\"\" width=\"400\" height=\"239\" data-attachment-id=\"198920\" data-permalink=\"https:\/\/nilljunior.com.br\/anvisa-aprova-registro-de-vacina-e-de-medicamento-contra-covid-19\/vacinacao_drive_thru_universidade_estadual_do_rio_de_janeiro_uerj_tnrgo_abr_2502214596_0\/\" data-orig-file=\"https:\/\/i2.wp.com\/nilljunior.com.br\/wp-content\/uploads\/2021\/03\/vacinacao_drive_thru_universidade_estadual_do_rio_de_janeiro_uerj_tnrgo_abr_2502214596_0.jpg?fit=1170%2C700&amp;ssl=1\" data-orig-size=\"1170,700\" data-comments-opened=\"1\" data-image-meta=\"{&quot;aperture&quot;:&quot;3.2&quot;,&quot;credit&quot;:&quot;T\\u00e2nia R\\u00eago\\\/Ag\\u00eancia Brasil&quot;,&quot;camera&quot;:&quot;Canon EOS Rebel T6i&quot;,&quot;caption&quot;:&quot;Vacina\\u00e7\\u00e3o drive thru na Universidade Estadual do Rio de Janeiro (UERJ), zona norte do Rio. A cidade do Rio de Janeiro retoma hoje (25) sua campanha de aplica\\u00e7\\u00e3o da primeira dose da vacina contra a covid-19 em idosos da popula\\u00e7\\u00e3o em geral. Hoje ser\\u00e3o vacinados os idosos com 82 anos.&quot;,&quot;created_timestamp&quot;:&quot;1614249852&quot;,&quot;copyright&quot;:&quot;EBC - EMPRESA BRASIL DE COMUNICA\\u00c7\\u00c3O&quot;,&quot;focal_length&quot;:&quot;25&quot;,&quot;iso&quot;:&quot;800&quot;,&quot;shutter_speed&quot;:&quot;0.0005&quot;,&quot;title&quot;:&quot;&quot;,&quot;orientation&quot;:&quot;0&quot;}\" data-image-title=\"vacinacao_drive_thru_universidade_estadual_do_rio_de_janeiro_uerj_tnrgo_abr_2502214596_0\" data-image-description=\"\" data-medium-file=\"https:\/\/i2.wp.com\/nilljunior.com.br\/wp-content\/uploads\/2021\/03\/vacinacao_drive_thru_universidade_estadual_do_rio_de_janeiro_uerj_tnrgo_abr_2502214596_0.jpg?fit=300%2C179&amp;ssl=1\" data-large-file=\"https:\/\/i2.wp.com\/nilljunior.com.br\/wp-content\/uploads\/2021\/03\/vacinacao_drive_thru_universidade_estadual_do_rio_de_janeiro_uerj_tnrgo_abr_2502214596_0.jpg?fit=600%2C359&amp;ssl=1\" \/><\/p>\n<p>Um levantamento feito para a Coluna do Doming\u00e3o mostrou como est\u00e1 o ranking por vacina\u00e7\u00e3o nas cidades do Paje\u00fa.<\/p>\n<p>Por pol\u00edtica pr\u00f3pria,\u00a0 crit\u00e9rios,\u00a0 aplicativos criados para esta finalidade e outros fatores, n\u00e3o h\u00e1 uniformidade na vacina\u00e7\u00e3o na regi\u00e3o.<\/p>\n<p>A maioria das prefeituras est\u00e1 vacinando o p\u00fablico sem comorbidades a partir de 50 anos no Paje\u00fa.\u00a0 S\u00e3o os casos de Serra, Afogados, Tabira, Itapetim,\u00a0 Carna\u00edba,\u00a0 Ingazeira, Tuparetama, Iguaracy,\u00a0 Triunfo, Santa Cruz da Baixa Verde e Santa Terezinha.<\/p>\n<p>Cidades como Brejinho e Solid\u00e3o,\u00a0 por exemplo, est\u00e3o concluindo a faixa dos que tem mais de 55 anos.<\/p>\n<p>Dentre as exce\u00e7\u00f5es, S\u00e3o Jos\u00e9 do Egito,\u00a0 que estava na faixa de 49 a 54 anos.<\/p>\n<p>Dos que descem mais, S\u00e3o Jos\u00e9 do Egito come\u00e7ou a vacinar hoje o p\u00fablico a partir de 42 anos.<\/p>\n<p>J\u00e1 Flores iniciou a vacina\u00e7\u00e3o dos com mais de\u00a0 45 anos e Iguaracy,\u00a0 come\u00e7ou nesta segunda a faixa de 47 a 49 anos<\/p>\n","protected":false},"excerpt":{"rendered":"<p>Um levantamento feito para a Coluna do Doming&atilde;o mostrou como est&aacute; o ranking por vacina&ccedil;&atilde;o nas cidades do Paje&uacute;. Por pol&iacute;tica pr&oacute;pria,&nbsp; crit&eacute;rios,&nbsp; aplicativos criados para esta finalidade e outros fatores, n&atilde;o h&aacute; uniformidade na vacina&ccedil;&atilde;o na regi&atilde;o. A maioria das prefeituras est&aacute; vacinando o p&uacute;blico sem comorbidades a partir de 50 anos no Paje&uacute;.&nbsp; &#8230; <a title=\"Vacin\u00f4metro Covid: SJEgito, Flores e Iguaracy foram as que mais avan\u00e7aram por faixa et\u00e1ria no Paje\u00fa\" class=\"read-more\" href=\"https:\/\/blogdomarcellopatriota.com.br\/blog\/vacinometro-covid-sjegito-flores-e-iguaracy-foram-as-que-mais-avancaram-por-faixa-etaria-no-pajeu\/\" aria-label=\"Read more about Vacin\u00f4metro Covid: SJEgito, Flores e Iguaracy foram as que mais avan\u00e7aram por faixa et\u00e1ria no Paje\u00fa\">Ler mais<\/a><\/p>\n","protected":false},"author":2,"featured_media":0,"comment_status":"closed","ping_status":"closed","sticky":false,"template":"","format":"standard","meta":{"footnotes":""},"categories":[1],"tags":[],"class_list":["post-41526","post","type-post","status-publish","format-standard","hentry","category-sem-categoria"],"_links":{"self":[{"href":"https:\/\/blogdomarcellopatriota.com.br\/blog\/wp-json\/wp\/v2\/posts\/41526","targetHints":{"allow":["GET"]}}],"collection":[{"href":"https:\/\/blogdomarcellopatriota.com.br\/blog\/wp-json\/wp\/v2\/posts"}],"about":[{"href":"https:\/\/blogdomarcellopatriota.com.br\/blog\/wp-json\/wp\/v2\/types\/post"}],"author":[{"embeddable":true,"href":"https:\/\/blogdomarcellopatriota.com.br\/blog\/wp-json\/wp\/v2\/users\/2"}],"replies":[{"embeddable":true,"href":"https:\/\/blogdomarcellopatriota.com.br\/blog\/wp-json\/wp\/v2\/comments?post=41526"}],"version-history":[{"count":1,"href":"https:\/\/blogdomarcellopatriota.com.br\/blog\/wp-json\/wp\/v2\/posts\/41526\/revisions"}],"predecessor-version":[{"id":41527,"href":"https:\/\/blogdomarcellopatriota.com.br\/blog\/wp-json\/wp\/v2\/posts\/41526\/revisions\/41527"}],"wp:attachment":[{"href":"https:\/\/blogdomarcellopatriota.com.br\/blog\/wp-json\/wp\/v2\/media?parent=41526"}],"wp:term":[{"taxonomy":"category","embeddable":true,"href":"https:\/\/blogdomarcellopatriota.com.br\/blog\/wp-json\/wp\/v2\/categories?post=41526"},{"taxonomy":"post_tag","embeddable":true,"href":"https:\/\/blogdomarcellopatriota.com.br\/blog\/wp-json\/wp\/v2\/tags?post=41526"}],"curies":[{"name":"wp","href":"https:\/\/api.w.org\/{rel}","templated":true}]}}